{"id":8943,"date":"2019-07-09T12:03:56","date_gmt":"2019-07-09T11:03:56","guid":{"rendered":"http:\/\/hir.mediamarkt.hu\/magazin\/?p=8943"},"modified":"2019-07-24T10:00:13","modified_gmt":"2019-07-24T09:00:13","slug":"pc-epites-tanacsok","status":"publish","type":"post","link":"https:\/\/hir.mediamarkt.hu\/magazin\/pc-epites-tanacsok\/","title":{"rendered":"K\u00e9t nap any\u00e1z\u00e1s ut\u00e1n ekszt\u00e1zis: \u00edgy \u00e9p\u00edtettem pc-t"},"content":{"rendered":"Mindig \u00e9n voltam a l\u00fazer.\r\n\r\nF\u00e9lre ne \u00e9rtsetek, mind l\u00fazerek voltunk, pontosabban geekek, csak sajnos akkor ezt a sz\u00f3t m\u00e9g nem ismert\u00fck, nem volt teh\u00e1t semmi szubkultur\u00e1lis \u00f6ntudatunk, csak a bizonyoss\u00e1g, hogy pattan\u00e1sos, introvert\u00e1lt kamaszok vagyunk, a n\u0151kn\u00e9l semmi es\u00e9ly\u00fcnk, a t\u00e1ncparketten megmozdulni nem mer\u00fcnk. Egyvalamiben voltunk j\u00f3k: tudtuk, hogy kell kin\u00e9znie egy pc-nek k\u00edv\u00fclr\u0151l-bel\u00fclr\u0151l, \u00e9s tudtuk, hogyan kell haszn\u00e1lni, f\u0151leg persze j\u00e1t\u00e9kokra. Azaz:\r\n<h3>g\u00e9pezt\u00fcnk.<\/h3>\r\nMindezt a kilencvenes \u00e9vek k\u00f6zep\u00e9n, amikor m\u00e9g csak a suliban l\u00e1ttunk internetet, bet\u00e1rcs\u00e1z\u00f3s modemmel (Teveklub! Altavizsla! Freemail! Internetto!), illetve Norbi\u00e9knak volt ISDN-alap\u00fa, k\u00e1beles net\u00fck, amely sok-sok kilobyte-ot t\u00f6lt\u00f6tt le m\u00e1sodpercenk\u00e9nt.\r\n\r\nNorbinak persze k\u00f6nny\u0171 volt, az apj\u00e1nak hardverboltja volt, azaz a csal\u00e1di h\u00e1zukban is elk\u00e9peszt\u0151 technol\u00f3giai felszerelts\u00e9g uralkodott, ott l\u00e1ttam el\u0151sz\u00f6r 21 collos, 1024-szer 768-as felbont\u00e1s\u00fa, kat\u00f3dcs\u00f6ves monitort, f\u00e9l gigabyte-os merevlemezt, Pentiumot, 16 mega RAM-mal, \u00fagy futott a Diablo, mint az \u00e1lom. Attil\u00e1\u00e9k voltak a gazdag\u00e9k, azaz neki volt el\u0151sz\u00f6r 3Dfx gyors\u00edt\u00f3k\u00e1rty\u00e1ja \u00e9s 8-szoros CD-meghajt\u00f3ja, a lak\u00f3telepi Lacinak meg a h\u00e1zmester apja r\u00e9v\u00e9n el\u00e9g k\u00f6zvetlen hozz\u00e1f\u00e9r\u00e9se volt a korszak jellegzetes, teheraut\u00f3r\u00f3l leesett t\u00e9telekb\u0151l \u00e1ll\u00f3 hardver-feketepiac\u00e1hoz, ott is volt teh\u00e1t mindenf\u00e9le csodacucc, \u00edgy hirtelen a Doom MIDI-alap\u00fa zen\u00e9j\u00e9t brut\u00e1lisan megsz\u00f3laltat\u00f3 SoundBlaster hangk\u00e1rtya ugrik be.\r\n\r\n<img loading=\"lazy\" decoding=\"async\" class=\"alignnone size-full wp-image-8946\" src=\"https:\/\/hir.mediamarkt.hu\/magazin\/wp-content\/uploads\/2019\/07\/nerdparty.jpg\" alt=\"\" width=\"2673\" height=\"2000\" srcset=\"https:\/\/hir.mediamarkt.hu\/magazin\/wp-content\/uploads\/2019\/07\/nerdparty.jpg 1440w, https:\/\/hir.mediamarkt.hu\/magazin\/wp-content\/uploads\/2019\/07\/nerdparty-275x206.jpg 275w, https:\/\/hir.mediamarkt.hu\/magazin\/wp-content\/uploads\/2019\/07\/nerdparty-300x224.jpg 300w, https:\/\/hir.mediamarkt.hu\/magazin\/wp-content\/uploads\/2019\/07\/nerdparty-768x575.jpg 768w, https:\/\/hir.mediamarkt.hu\/magazin\/wp-content\/uploads\/2019\/07\/nerdparty-1024x766.jpg 1024w, https:\/\/hir.mediamarkt.hu\/magazin\/wp-content\/uploads\/2019\/07\/nerdparty-500x375.jpg 500w\" sizes=\"(max-width: 2673px) 100vw, 2673px\" \/>\r\n\r\nH\u00e1t, mi meg a cs\u00f3r\u00f3k voltunk. Mindig egy gener\u00e1ci\u00f3val b\u00e9ndzs\u00e1bb g\u00e9pem volt, mint a t\u00f6bbieknek, \u201995-ben m\u00e9g a Doom is akadt, a Quake-r\u0151l nem is besz\u00e9lve. Azaz l\u00fazer voltam a l\u00fazerek k\u00f6zt. Az els\u0151 tisztess\u00e9ges fejleszt\u00e9sem egy Laci \u00e1ltal levetett Pentium-kompatibilis alaplap \u00e9s a hozz\u00e1 tartoz\u00f3 egymagos, 133 Mhz-s (!) processzor, f\u00e9l napig szerelt\u00fck, de semmi, csak a s\u00f6t\u00e9ts\u00e9g \u00e9s a speaker k\u00e9ts\u00e9gbeesett vony\u00edt\u00e1sa. M\u00e1snap j\u00f6ttem r\u00e1, hogy a sz\u00e1m\u00edt\u00f3g\u00e9ph\u00e1z f\u00e9mbor\u00edt\u00e1sa hozz\u00e1\u00e9r az alaplaphoz h\u00e1tulr\u00f3l \u00e9s lez\u00e1r egy \u00e1ramk\u00f6rt, amit nem kellene; mivel sem al\u00e1t\u00e9tcsavarokkal, sem egy\u00e9b gy\u00e1ri b\u0171v\u00e9szked\u00e9ssel nem lehetett \u00e1tpoz\u00edcion\u00e1lni az alaplapot, h\u00e1rom darab f\u00e9lfamentes rajzlapot pr\u00e9seltem m\u00f6g\u00e9, hogy t\u00e1vol tartsa a f\u00e9mfel\u00fclett\u0151l, \u00e9s rem\u00e9nykedtem, hogy nem melegszik t\u00fal (\u00e9s p\u00e9ld\u00e1ul kap l\u00e1ngra az eg\u00e9sz). Minden tisztess\u00e9ges sz\u00e1m\u00edt\u00f3g\u00e9pszervizes h\u00fcly\u00e9t kapott volna a buheramegold\u00e1st\u00f3l, de a g\u00e9p m\u0171k\u00f6d\u00f6tt, a Quake eg\u00e9sz tisztess\u00e9gesen futott, \u00e9s ez volt a l\u00e9nyeg, olyan boldog voltam, hogy az sem \u00e9rdekelt, hogy m\u00e1r mindenki a Quake 2-\u0151t \u00e9s az Unreal Tournamentet tolja, amely j\u00e1t\u00e9kokt\u00f3l m\u00e9g ezzel az \u201e\u00faj\u201d vassal is f\u00e9ny\u00e9vekre voltam.\r\n\r\nEgy ponton elengedtem ezt a pc-t\u00f6rt\u00e9netet \u00e9s a vele j\u00e1r\u00f3 \u00f6r\u00f6k el\u00e9gedetlens\u00e9get, konzolos lettem, boldog voltam, v\u00e9gre nem volt dilemma, nem kellett feln\u0151tt d\u00f6nt\u00e9seket hozni (\u00e9s persze p\u00e9nzt k\u00f6lteni): egy vas volt egy kontrollerrel, arra pedig j\u00e1t\u00e9kok, oszt\u2019 j\u00f3napot. Eltelt t\u00edz \u00e9v, \u00e9s \u00e9szre sem vettem, hogy k\u00f6zben feln\u0151ttem, elkezdtem dolgozni, lett p\u00e9nzem, csak most hozta \u00fagy az \u00e9let, hogy belegondoltam:\r\n<blockquote>T\u00e9nyleg, mi\u00e9rt nem rakok \u00f6ssze egy tisztess\u00e9ges pc-t?!<\/blockquote>\r\nEgy pillanat alatt el\u00f6nt\u00f6tt a gyerekkori izgalom, \u00e9s m\u00e9g miel\u0151tt konkr\u00e9t, racion\u00e1lis v\u00e1laszt (haha!) tal\u00e1ltam volna, m\u00e1r tudtam: \u00f6ssze fogok rakni egy pc-t. Fogalmam sem volt, mi a helyzet most a hardverpiacon, mi a men\u0151 alaplap, proci, videok\u00e1rtya, eleve: AMD vagy Intel, de azt tudtam, hogy megpr\u00f3b\u00e1lom, musz\u00e1j, visszav\u00e1g\u00e1s- \u00e9s el\u00e9gt\u00e9telk\u00e9ppen a gyerekkori l\u00fazerked\u00e9s\u00e9rt.\r\n\r\nEltelt h\u00e1rom h\u00e9t \u00e9s itt \u00fcl\u00f6k egy (majdnem) fullos pc-vel, az izgalmakkal, szorong\u00e1ssal, izzad\u00e1ssal \u00e9s any\u00e1z\u00e1ssal teli kalandot pedig mindenkinek aj\u00e1nlom \u2013 \u00fagyhogy el is mes\u00e9lem, milyen tanuls\u00e1gokat vontam le.\r\n<h2>Nem kell felt\u00e9tlen bolti \u00f6ssze\u00e1ll\u00edt\u00e1st venni!<\/h2>\r\nAz els\u0151 gondolatom persze az volt, hogy nem fogok csavarokkal, h\u0171t\u0151paszta-keneget\u00e9ssel, jumperel\u00e9ssel \u00e9s k\u00e1belmenedzsmenttel szenvedni, megn\u00e9zem teh\u00e1t, mit adnak k\u00e9szen a boltokban. (M\u00e9g egyszer: \u00e9n vagyok az ember, aki m\u00e9g \u00e9let\u00e9ben nem l\u00e1tott SATA-csatlakoz\u00f3t.) Az eredm\u00e9ny elborzaszt\u00f3 volt, a kin\u00e9zett k\u00f6z\u00e9pkateg\u00f3ria, amelyen nagy t\u00f6megben lehet 45 megapixeles raw fot\u00f3kat szerkeszteni (ez lenne a munk\u00e1m ugyanis, \u00e9s ez volt egy\u00fattal a racion\u00e1lis \u00e9rv a beruh\u00e1z\u00e1sra) \u00e9s j\u00e1tszani is, akkor m\u00e1r mondjuk 1080p, de ink\u00e1bb 1440p \u00e9s 60 fps-sel, ja, \u00e9s n\u00e9zz\u00fck meg, milyen ez az \u00faj ray tracing-kompatibilis RTX-\u0151r\u00fclet az nVidi\u00e1t\u00f3l\u2026 \u00e9rtitek, ugye? Nem? Nem baj. Sz\u00f3val, az el\u0151re \u00f6sszerakott, tisztess\u00e9gesen felszerelt g\u00e9pek \u00e1rai magasabbak, mint amit megengedhett\u00fcnk magunknak, valamivel f\u00e9lmilli\u00f3 alatt volt az, amire nekem minimum sz\u00fcks\u00e9gem volt, \u00e9n pedig az eg\u00e9szre nem akartam t\u00f6bbet k\u00f6lteni 300 ezern\u00e9l.\r\n\r\n<iframe loading=\"lazy\" title=\"How To Build a Gaming PC in 2019! Part 1 - Hardware Basics\" width=\"900\" height=\"506\" src=\"https:\/\/www.youtube.com\/embed\/gHY6ygHj80c?feature=oembed\" frameborder=\"0\" allow=\"accelerometer; autoplay; clipboard-write; encrypted-media; gyroscope; picture-in-picture; web-share\" referrerpolicy=\"strict-origin-when-cross-origin\" allowfullscreen><\/iframe>\r\n\r\nUt\u00f3bbit persze el kellett engednem, de b\u00e1rhogy is sz\u00e1moltam, alkatr\u00e9szenk\u00e9nt v\u00e1s\u00e1rolva kij\u00f6ttem 350 ezerb\u0151l. Legal\u00e1bb nyolcszor kisz\u00e1moltam, mindig azt hittem ugyanis, hogy kifelejtek valamit, vagy van az eg\u00e9szben egy csapda, nem l\u00e9tezik, hogy ennyivel dr\u00e1g\u00e1bb legyen a bolti csak az\u00e9rt, mert el\u0151re \u00f6sszeszerelik. H\u00e1rom h\u00e9t ut\u00e1n, most, hogy siker\u00fclt \u00f6sszerakni, b\u00e1tran kijelenthetem: de, ennyivel dr\u00e1g\u00e1bb.\r\n\r\nArr\u00f3l nem is besz\u00e9lve, hogy \u00edgy kimaradsz egy olyan tapasztal\u00e1sb\u00f3l \u2013 bels\u0151 utaz\u00e1sb\u00f3l, \u00f6nfelfedez\u0151 tripb\u0151l, szem\u00e9lyis\u00e9gfejleszt\u0151 tr\u00e9ningb\u0151l \u2013, amelyb\u0151l k\u00e1r lenne kimaradni. L\u00e9gy teh\u00e1t b\u00e1tor, szedd \u00f6ssze a vasat alkatr\u00e9szenk\u00e9nt!\r\n\r\nKiv\u00e9ve, ha megvan egyben a p\u00e9nzed, id\u0151d viszont semmi, gyorsan kell g\u00e9p \u00e9s az eg\u00e9szre komplett garanci\u00e1t szeretn\u00e9l. Akkor nem sz\u00f3ltam. P\u00e9ld\u00e1ul <a href=\"https:\/\/www.mediamarkt.hu\/hu\/category\/_asztali-sz%C3%A1m%C3%ADt%C3%B3g%C3%A9p-504886.html\" target=\"_blank\" rel=\"noopener noreferrer\">innen tudsz v\u00e1logatni<\/a>.\r\n<h2>Tanulj, kutass, egyens\u00falyozz!<\/h2>\r\nPc-t \u00e9p\u00edteni nem csak technol\u00f3giai \u2013 \u00e9s, mint l\u00e1tni fogjuk, k\u00e9z\u00fcgyess\u00e9g-beli \u2013 kih\u00edv\u00e1s, hanem az egyens\u00faly m\u0171v\u00e9szete, \u00e9s mint ilyen, zen lelki gyakorlat. Pc-t \u00e9p\u00edteni az\u00e9rt nagyszer\u0171, mert nem egyszer \u00e9s mindenkorra sz\u00f3l, hanem l\u00e9p\u00e9sr\u0151l l\u00e9p\u00e9sre fejleszthet\u0151, tanul \u00e9s n\u0151 veled egy\u00fctt. A rossz h\u00edr, hogy annyif\u00e9le szabv\u00e1ny (processzorgener\u00e1ci\u00f3, foglalat, chipset, mem\u00f3ria- \u00e9s t\u00e1rhelyt\u00edpus, videok\u00e1rtya, h\u0171t\u00e9s \u00e9s t\u00e1p) l\u00e9tezik, hogy m\u00e9g a profiknak is neh\u00e9z l\u00e9p\u00e9st tartani, f\u0151leg manaps\u00e1g. A j\u00f3 h\u00edr, hogy az internet nagy \u00e9s okos, a megb\u00edzhat\u00f3 cikkek \u00e9s Youtube-csatorn\u00e1k biztos t\u00e1mpontot, magabiztoss\u00e1got adnak. A l\u00e9nyeg: nem tudod elrontani, illetve, ha m\u00e9gis siker\u00fcl, nincs veszve semmi!\r\n\r\nAzt nem \u00faszod meg, hogy legal\u00e1bb nagyj\u00e1b\u00f3l kital\u00e1ld, mire szeretn\u00e9d haszn\u00e1lni. Maradjunk a h\u00e1rom f\u0151 haszn\u00e1lati k\u00f6rn\u00e9l: irodai \u00e9s otthoni munka, j\u00e1t\u00e9k \u00e9s kontentgy\u00e1rt\u00e1s \u2013 ut\u00f3bbiba a fot\u00f3t, vide\u00f3t, anim\u00e1ci\u00f3t \u00e9rtj\u00fck. Ha \u00e1tlagos munka- \u00e9s multim\u00e9dia-g\u00e9pet szeretn\u00e9l, nagyon fontos, hogy ugyan nem kell cs\u00facsprocesszor (az als\u00f3-k\u00f6z\u00e9pkateg\u00f3ria, mint egy \u00fajabb Intel i3-as teljesen el\u00e9g), de egy bizonyos szint al\u00e1 ne menj, \u00e9s k\u00f6ny\u00f6rg\u00f6m, b\u00e1rki b\u00e1rmit mond, ne sp\u00f3rolj a mem\u00f3ri\u00e1n \u00e9s a merevlemezen. Mindkett\u0151re igaz ugyanis, hogy nagyon kev\u00e9s plusz p\u00e9nzzel nagyon sok idegesked\u00e9st \u00e9s k\u00f6r\u00f6mr\u00e1g\u00e1st sp\u00f3rolsz meg. A n\u00e9gy gigabyte-os rendszereket felejtsd el, nyolc de ink\u00e1bb tizenhat giga RAM legyen az alap, a mem\u00f3ria \u00f3rajele itt nem sz\u00e1m\u00edt, b\u00e1rmilyen DDR3-as (vagy, ha hosszabb t\u00e1vra tervezel, DDR4-es) modul megfelel. Ami nagyon fontos: a rendszernek SSD (ak\u00e1r 128 gigabyte-os, csak legyen!), a h\u00e1tt\u00e9rt\u00e1rnak pedig egy legal\u00e1bb egy, de ink\u00e1bb k\u00e9t terabyte-os hagyom\u00e1nyos merevlemez, mondjuk 7200-as fordulatsz\u00e1mmal.\r\n\r\n<iframe loading=\"lazy\" title=\"No Dollar Wasted PC Build Guide\" width=\"900\" height=\"506\" src=\"https:\/\/www.youtube.com\/embed\/zkiIW0Twj3U?feature=oembed\" frameborder=\"0\" allow=\"accelerometer; autoplay; clipboard-write; encrypted-media; gyroscope; picture-in-picture; web-share\" referrerpolicy=\"strict-origin-when-cross-origin\" allowfullscreen><\/iframe>\r\n\r\nAmi a t\u00f6bbi kateg\u00f3ri\u00e1t illeti, kicsit leegyszer\u0171s\u00edtem, de \u00e9n a k\u00f6vetkez\u0151 tanuls\u00e1got vontam le: ha j\u00e1tszani akarsz, videok\u00e1rtya k\u00f6r\u00e9 \u00e9p\u00edts, ha fot\u00f3t, vide\u00f3t, 3D-s modelleket gy\u00e1rtasz, akkor a processzor legyen az alap! Ez nem azt jelenti, hogy a t\u00f6bbi alkatr\u00e9sz elhanyagolhat\u00f3, hanem azt, hogy v\u00e1laszd ki a sz\u00e1modra legink\u00e1bb megfelel\u0151t (\u00e9rtsd: ami m\u00e9g belef\u00e9r anyagilag) \u00e9s v\u00e1logass hozz\u00e1 \u00fagy komponenseket, hogy ne legyen bottleneck (m\u00e1ris im\u00e1dom a pc-s metafor\u00e1kat) azaz, hogy egyik se fogja vissza a rendszer alapj\u00e1t. Ha teh\u00e1t \u00fagy d\u00f6ntesz, r\u00e1m\u00e9sz a cs\u00facskateg\u00f3ri\u00e1ra, \u00e9s 4K-ban, legal\u00e1bb 60 k\u00e9pkocka\/m\u00e1sodperc k\u00e9pfriss\u00edt\u00e9ssel j\u00e1tszol, plusz j\u00f6v\u0151biztosra tervezed a rendszert \u00e9s kell a m\u00e9g kihaszn\u00e1latlan, de csod\u00e1latos ray tracing technol\u00f3gia, vedd meg b\u00e1tran a leg\u00fajabb n\u00e9gysz\u00e1zezres RTX-videok\u00e1rty\u00e1t. Csak k\u00f6ny\u00f6rg\u00f6m, ne v\u00e1lassz hozz\u00e1 k\u00e9t gener\u00e1ci\u00f3val ezel\u0151tti i3-as processzort (\u00e9n Intel-rendszert \u00e9ptettem, az\u00e9rt ezekkel j\u00f6v\u00f6k), mert nem gy\u0151zi az iramot, a videok\u00e1rtya meg ott hever majd kihaszn\u00e1latlanul, negyven fokosan. Ugyan\u00edgy: ha szuperer\u0151s processzort v\u00e1s\u00e1rolsz, t\u00e9gy mell\u00e9 egy legal\u00e1bb k\u00f6z\u00e9pkateg\u00f3ri\u00e1s videok\u00e1rty\u00e1t!\r\n\r\nH\u00e1t ez\u00e9rt mondtam, hogy a pc-\u00e9pt\u00e9s: kompromisszumok, m\u0171v\u00e9szi egyens\u00falyoz\u00e1s, tanul\u00e1s \u00e9s zen.\r\n<h2>\u00d3vatosan sp\u00f3rolj!<\/h2>\r\nKomoly pc-t \u00f6sszerakni dr\u00e1ga buli, de kifizet\u0151dik: sokkal t\u00f6bb mindenre j\u00f3, mint egy konzol (no shit Sherlock!, tudom), a j\u00e1t\u00e9kok pedig sokkal olcs\u00f3bbak. \u00c9s most nem a, khm, alternat\u00edv let\u00f6lt\u00e9si forr\u00e1sokr\u00f3l besz\u00e9lek, hanem arr\u00f3l, hogy eleve olcs\u00f3bbak, plusz a Steam Sale-eken, a Gog.com-on vagy Humble Bundle szolg\u00e1ltat\u00e1son nagyon hamar hatalmas akci\u00f3kra lehet lecsapni. De ett\u0151l m\u00e9g r\u00e1 kell sz\u00e1nni azt a legal\u00e1bb h\u00e1romsz\u00e1zezer forintot.\r\n\r\nHa r\u00e1m hallgatsz, pont nem ott sp\u00f3rolsz, ahol k\u00f6nny\u0171nek t\u0171nik! A mem\u00f3ri\u00e1r\u00f3l \u00e9s a merevlemezr\u0151l m\u00e1r volt sz\u00f3, de \u00fcgyelj arra is, hogy milyen alaplapot v\u00e1lasztasz. Ahhoz, hogy m\u0171k\u00f6dj\u00f6n az i5-\u00f6s processzor \u00e9s RTX 2070-es videok\u00e1rtya k\u00f6r\u00e9 \u00e9p\u00edtett rendszerem, el\u00e9g lett volna egy tizen\u00f6t-h\u00faszezer forintos lap is, m\u00e9gis egy negyvenezres, tisztess\u00e9gesen h\u0171t\u00f6tt, Z390-es Intel chipsettel felszerelt alkatr\u00e9szt v\u00e1lasztottam. Az\u00e9rt, mert ez t\u0171nik most j\u00f6v\u0151biztosnak, amibe a mostani leg\u00fajabb, \u00e9s nyilv\u00e1n a k\u00f6vetkez\u0151 egy-k\u00e9t gener\u00e1ci\u00f3 processzorai is bef\u00e9rnek majd. Ha egy egyszer\u0171bbet v\u00e1lasztottam volna, a k\u00f6vetkez\u0151 friss\u00edt\u00e9sn\u00e9l cser\u00e9lhetn\u00e9m ezt is \u00e9s r\u00f6gt\u00f6n rosszabbul j\u00e1rn\u00e9k anyagilag.\r\n\r\n<iframe loading=\"lazy\" title=\"What is the best choice for a motherboard? - The Final Answer\" width=\"900\" height=\"506\" src=\"https:\/\/www.youtube.com\/embed\/cx8rS9_vNDo?feature=oembed\" frameborder=\"0\" allow=\"accelerometer; autoplay; clipboard-write; encrypted-media; gyroscope; picture-in-picture; web-share\" referrerpolicy=\"strict-origin-when-cross-origin\" allowfullscreen><\/iframe>\r\n\r\nBagatell t\u00e9telnek t\u0171nik, de ugyanez igaz a sz\u00e1m\u00edt\u00f3g\u00e9ph\u00e1zra is: vonz\u00f3ak a hat-nyolcezer forintos t\u00f6k egyszer\u0171 modellek, de hidd el, nem akarod az ezzel j\u00e1r\u00f3 szenved\u00e9st. Nem csak olcs\u00f3 hat\u00e1s\u00faak \u00e9s cs\u00fany\u00e1csk\u00e1k: ezeknek \u00e1ltal\u00e1ban sem saj\u00e1t ventill\u00e1toruk, sem porsz\u0171r\u0151j\u00fck nincsek, kialak\u00edt\u00e1suk \u00e1tgondolatlan, k\u00e9nyelmetlen, a pc-\u00e9p\u00edt\u00e9s egyik legink\u00e1bb alul\u00e9rt\u00e9kelt szempontj\u00e1t: a k\u00e1belmenedzsmentet pedig teljesen ellehetetlen\u00edtik. Sz\u00e1nj r\u00e1 m\u00e9g egy t\u00edzest \u00e9s \u00e9lvezd a pormentes, j\u00f3l szell\u0151z\u0151 \u00e9s sz\u00e9p h\u00e1zat! Ha valamin sp\u00f3rolni szeretn\u00e9l, legyen az az RGB-f\u00e9ny \u00e9s az \u00e1ltal\u00e1ban rettenetesen giccses gamer diz\u00e1jnelemek.\r\n\r\nEllentmond\u00e1sosnak t\u0171nik, de sp\u00f3rolni pont azon \u00e9rdemes, amib\u0151l pont, hogy a legjobbat szeretn\u00e9d. Mondok p\u00e1r p\u00e9ld\u00e1t. Nem, nincs sz\u00fcks\u00e9ged a leg\u00fajabb i7-es vagy i9-es processzorra, ha csak j\u00e1tszani szeretn\u00e9l, b\u0151ven megteszi a k\u00f6z\u00e9pkateg\u00f3ria is. Nem, nem lesz semmi bajod akkor sem, ha h\u00fasz perc alatt rendereli a vide\u00f3dat a rendszer mondjuk tizenhat helyett. \u00c9s nem, nincs sz\u00fcks\u00e9ged a legmen\u0151bb grafikus k\u00e1rty\u00e1ra sem, ray tracinget \u00fagyis csak 3-4 j\u00e1t\u00e9k tud. Kiv\u00e9ve, ha 144 hz-es monitorod van \u00e9s streameln\u00e9l is k\u00f6zben. Akkor nem sz\u00f3ltunk.\r\n<h2>V\u00e1rj!<\/h2>\r\nPersze, t\u00fcrelmetlen az ember, mindent azonnal akar, \u00e9rdemes azonban v\u00e1rni, ha valamikor, akkor most. Nem a v\u00e9gtelens\u00e9gig, elv\u00e9gre mindig lesznek \u00faj bejelent\u00e9sek, fejleszt\u00e9sek, \u00e9s a jelenlegi gener\u00e1ci\u00f3 \u00e1ra mindig lemegy majd, ha j\u00f6n a k\u00f6vetkez\u0151 \u2013 ilyen alapon nyilv\u00e1n sosem lenne \u00e9rtelme beruh\u00e1zni semmire, mert \u00fagyis j\u00f6n jobb. Egyszer\u0171en arr\u00f3l van sz\u00f3, hogy az AMD \u00e9ppen most szedte \u00f6ssze mag\u00e1t, a leg\u00fajabb \u2013 a profik \u00e1ltal m\u00e1r letesztelt, de boltokba m\u00e9g pont nem ker\u00fclt \u2013 Ryzen processzorcsal\u00e1dja konkr\u00e9tan maga m\u00f6g\u00e9 utas\u00edtotta az Intelt (ilyen legut\u00f3bb 15 \u00e9ve t\u00f6rt\u00e9nt), Az RX 5700 \u00e9s 5700 XT grafikus k\u00e1rty\u00e1ik pedig megszorongatj\u00e1k az nVidia fels\u0151-k\u00f6zep\u00e9t. Ut\u00f3bbi c\u00e9g h\u00fazott egy meglep\u0151t, kiadt\u00e1k az RTX-k\u00e1rty\u00e1k friss\u00edtett-gyors\u00edtott v\u00e1ltozat\u00e1t Super n\u00e9ven, az AMD pedig erre gyorsan lesz\u00e1ll\u00edtotta saj\u00e1t k\u00e1rty\u00e1i \u00e1r\u00e1t m\u00e9g a megjelen\u00e9s el\u0151tt. Olyan az eg\u00e9sz, mint egy vb-d\u00f6nt\u0151 k\u00e9t r\u00e9gi, valaha men\u0151 csapattal, akik most valami\u00e9rt megint cs\u00facsform\u00e1ban vannak.\r\n\r\n<iframe loading=\"lazy\" title=\"Nvidia RTX 2060 Super\/ RTX 2070 Super Review! Bringing The Battle To Navi!\" width=\"900\" height=\"506\" src=\"https:\/\/www.youtube.com\/embed\/vnlALzlrtxo?feature=oembed\" frameborder=\"0\" allow=\"accelerometer; autoplay; clipboard-write; encrypted-media; gyroscope; picture-in-picture; web-share\" referrerpolicy=\"strict-origin-when-cross-origin\" allowfullscreen><\/iframe>\r\n\r\nNem baj, ha nem \u00e9rted a fenti bekezd\u00e9s, a l\u00e9nyeg a k\u00f6vetkez\u0151: verseny van, \u00e9s ez neked nagyon j\u00f3 lesz, csak v\u00e1rj egy-k\u00e9t h\u00f3napot (\u00fagy tudjuk, ekkorra ker\u00fclnek a magyar polcokra az \u00faj term\u00e9kek), ekkor ugyanis vagy sokkal jobb cuccokat vehetsz majd a mostani b\u00fcdzs\u00e9db\u0151l, vagy nagyon sokat sp\u00f3rolhatsz.\r\n<h2>Tanulj m\u00e1sok hib\u00e1ib\u00f3l!<\/h2>\r\nA pc-\u00e9p\u00edt\u00e9snek nyilv\u00e1n megvannak a kock\u00e1zatai, de ett\u0151l m\u00e9g sokkal bar\u00e1ts\u00e1gosabb, sz\u00f3rakoztat\u00f3bb \u00e9s \u00e1tl\u00e1that\u00f3bb az eg\u00e9sz, mint egy laikusnak els\u0151 r\u00e1n\u00e9z\u00e9sre (ak\u00e1r e cikk l\u00e1tt\u00e1n) t\u0171nhet. Az ezernyi szabv\u00e1ny ellen\u00e9re ugyanis az eg\u00e9sz folyamat kell\u0151en h\u00fclyebiztos: gyakorlatilag fizikai k\u00e9ptelens\u00e9g rossz helyre \u00e9s\/vagy ir\u00e1nyban csatlakoztatni a k\u00e1beleket, a k\u00e1rty\u00e1kat, a processzort, a mem\u00f3ri\u00e1t. A neuralgikus pontokra feliratok figyelmeztetnek, azt meg m\u00e1r a boltban sem hagyj\u00e1k majd, hogy AMD-s alaplaphoz Intel-processzort vegy\u00e9l \u00e9s ford\u00edtva.\r\n\r\n<img loading=\"lazy\" decoding=\"async\" class=\"alignnone size-full wp-image-8945\" src=\"https:\/\/hir.mediamarkt.hu\/magazin\/wp-content\/uploads\/2019\/07\/officespace2.jpg\" alt=\"\" width=\"2000\" height=\"1285\" srcset=\"https:\/\/hir.mediamarkt.hu\/magazin\/wp-content\/uploads\/2019\/07\/officespace2.jpg 1440w, https:\/\/hir.mediamarkt.hu\/magazin\/wp-content\/uploads\/2019\/07\/officespace2-275x177.jpg 275w, https:\/\/hir.mediamarkt.hu\/magazin\/wp-content\/uploads\/2019\/07\/officespace2-300x193.jpg 300w, https:\/\/hir.mediamarkt.hu\/magazin\/wp-content\/uploads\/2019\/07\/officespace2-768x493.jpg 768w, https:\/\/hir.mediamarkt.hu\/magazin\/wp-content\/uploads\/2019\/07\/officespace2-1024x658.jpg 1024w\" sizes=\"(max-width: 2000px) 100vw, 2000px\" \/>\r\n\r\nEtt\u0151l azonban m\u00e9g nagyon fontos a kutat\u00e1s, az olvas\u00e1s, a tanul\u00e1s \u00e9s az, hogy hallgassunk az okosabbra. \u00c9s ezt \u00fagy mondom, hogy \u00e9n sem voltam okos, megvettem p\u00e9ld\u00e1ul a legolcs\u00f3bb h\u00e1zat, ne tudj\u00e1tok meg, mennyi izzads\u00e1gba \u00e9s any\u00e1z\u00e1sba ker\u00fclt, mire belecsavaroztam az alaplapot (a menetek fele azonnal gallyra ment az olcs\u00f3 alapanyagok miatt), hogy azt\u00e1n kezdhessem az eg\u00e9szet el\u0151r\u00f6l, mert r\u00e1j\u00f6ttem, hogy a b\u00e9na konstrukci\u00f3 miatt bizonyos k\u00e1beleket el\u0151re kellett volna csatlakoztatni. Mire v\u00e9geztem, m\u00e1r biztos voltam benne, hogy t\u00f6nkretettem az eg\u00e9szet. (Nem tettem: \u00fagy t\u0171nik, sokkal strapab\u00edr\u00f3bb minden, mint amilyennek az ezernyi nyomtatott \u00e1ramk\u00f6r, di\u00f3da, tranzisztor, jumper alapj\u00e1n t\u0171nik.) \u00c9s ez csak egy apr\u00f3 p\u00e9lda.\r\n\r\nJa, \u00e9s a legjobb: ha mindennel megvagy, j\u00f6hetnek a <a href=\"https:\/\/www.mediamarkt.hu\/hu\/category\/_perif%C3%A9ria-504828.html\" target=\"_blank\" rel=\"noopener noreferrer\">perif\u00e9ri\u00e1k<\/a> \u00e9s a <a href=\"https:\/\/www.mediamarkt.hu\/hu\/category\/_monitor-504822.html\" target=\"_blank\" rel=\"noopener noreferrer\">monitor<\/a>! Ez\u00fcgyben pedig ir\u00e1ny a Media Markt.","protected":false},"excerpt":{"rendered":"\u00c9n vagyok az ember, aki m\u00e9g \u00e9let\u00e9ben nem l\u00e1tott SATA-csatlakoz\u00f3t. Mi baj lehet? \u2013 gondoltam. Term\u00e9szetesen minden megt\u00f6rt\u00e9nt, ami megt\u00f6rt\u00e9nhetett.","protected":false},"author":22,"featured_media":9226,"comment_status":"open","ping_status":"open","sticky":false,"template":"","format":"standard","meta":{"wprm-recipe-roundup-name":"","wprm-recipe-roundup-description":"","footnotes":""},"categories":[5951,5967],"tags":[3485,3487,1461,3483,246,1292,515,3484,3486],"yoast_head":"<!-- This site is optimized with the Yoast SEO plugin v22.9 - https:\/\/yoast.com\/wordpress\/plugins\/seo\/ -->\n<title>K\u00e9t nap any\u00e1z\u00e1s ut\u00e1n ekszt\u00e1zis: \u00edgy \u00e9p\u00edtettem pc-t - MediaMarkt Magazin<\/title>\n<meta name=\"description\" content=\"\u00cdgy \u00e9p\u00edtettem pc-t: pc-\u00f6sszeszerel\u00e9s, tan\u00e1csad\u00e1s az alaplapt\u00f3l a processzoron \u00e1t a videok\u00e1rty\u00e1ig.\" \/>\n<meta name=\"robots\" content=\"index, follow, max-snippet:-1, max-image-preview:large, max-video-preview:-1\" \/>\n<link rel=\"canonical\" href=\"https:\/\/hir.mediamarkt.hu\/magazin\/pc-epites-tanacsok\/\" \/>\n<meta property=\"og:locale\" content=\"hu_HU\" \/>\n<meta property=\"og:type\" content=\"article\" \/>\n<meta property=\"og:title\" content=\"K\u00e9t nap any\u00e1z\u00e1s ut\u00e1n ekszt\u00e1zis: \u00edgy \u00e9p\u00edtettem pc-t - MediaMarkt Magazin\" \/>\n<meta property=\"og:description\" content=\"\u00cdgy \u00e9p\u00edtettem pc-t: pc-\u00f6sszeszerel\u00e9s, tan\u00e1csad\u00e1s az alaplapt\u00f3l a processzoron \u00e1t a videok\u00e1rty\u00e1ig.\" \/>\n<meta property=\"og:url\" content=\"https:\/\/hir.mediamarkt.hu\/magazin\/pc-epites-tanacsok\/\" \/>\n<meta property=\"og:site_name\" content=\"MediaMarkt Magazin\" \/>\n<meta property=\"article:publisher\" content=\"https:\/\/www.facebook.com\/MediaMarktMagyarorszag\" \/>\n<meta property=\"article:published_time\" content=\"2019-07-09T11:03:56+00:00\" \/>\n<meta property=\"article:modified_time\" content=\"2019-07-24T09:00:13+00:00\" \/>\n<meta property=\"og:image\" content=\"https:\/\/hir.mediamarkt.hu\/magazin\/wp-content\/uploads\/2019\/07\/media-markt-\u00edgy-\u00e9p\u00edtettem-PC-t.jpg\" \/>\n\t<meta property=\"og:image:width\" content=\"1024\" \/>\n\t<meta property=\"og:image:height\" content=\"683\" \/>\n\t<meta property=\"og:image:type\" content=\"image\/jpeg\" \/>\n<meta name=\"author\" content=\"Nemenyi\" \/>\n<meta name=\"twitter:label1\" content=\"Szerz\u0151:\" \/>\n\t<meta name=\"twitter:data1\" content=\"Nemenyi\" \/>\n\t<meta name=\"twitter:label2\" content=\"Becs\u00fclt olvas\u00e1si id\u0151\" \/>\n\t<meta name=\"twitter:data2\" content=\"14 perc\" \/>\n<script type=\"application\/ld+json\" class=\"yoast-schema-graph\">{\"@context\":\"https:\/\/schema.org\",\"@graph\":[{\"@type\":\"WebPage\",\"@id\":\"https:\/\/hir.mediamarkt.hu\/magazin\/pc-epites-tanacsok\/\",\"url\":\"https:\/\/hir.mediamarkt.hu\/magazin\/pc-epites-tanacsok\/\",\"name\":\"K\u00e9t nap any\u00e1z\u00e1s ut\u00e1n ekszt\u00e1zis: \u00edgy \u00e9p\u00edtettem pc-t - MediaMarkt Magazin\",\"isPartOf\":{\"@id\":\"https:\/\/hir.mediamarkt.hu\/magazin\/#website\"},\"primaryImageOfPage\":{\"@id\":\"https:\/\/hir.mediamarkt.hu\/magazin\/pc-epites-tanacsok\/#primaryimage\"},\"image\":{\"@id\":\"https:\/\/hir.mediamarkt.hu\/magazin\/pc-epites-tanacsok\/#primaryimage\"},\"thumbnailUrl\":\"https:\/\/hir.mediamarkt.hu\/magazin\/wp-content\/uploads\/2019\/07\/media-markt-\u00edgy-\u00e9p\u00edtettem-PC-t.jpg\",\"datePublished\":\"2019-07-09T11:03:56+00:00\",\"dateModified\":\"2019-07-24T09:00:13+00:00\",\"author\":{\"@id\":\"https:\/\/hir.mediamarkt.hu\/magazin\/#\/schema\/person\/f4a17b2dc97f2e2bf1b88a89d4ef7d05\"},\"description\":\"\u00cdgy \u00e9p\u00edtettem pc-t: pc-\u00f6sszeszerel\u00e9s, tan\u00e1csad\u00e1s az alaplapt\u00f3l a processzoron \u00e1t a videok\u00e1rty\u00e1ig.\",\"breadcrumb\":{\"@id\":\"https:\/\/hir.mediamarkt.hu\/magazin\/pc-epites-tanacsok\/#breadcrumb\"},\"inLanguage\":\"hu\",\"potentialAction\":[{\"@type\":\"ReadAction\",\"target\":[\"https:\/\/hir.mediamarkt.hu\/magazin\/pc-epites-tanacsok\/\"]}]},{\"@type\":\"ImageObject\",\"inLanguage\":\"hu\",\"@id\":\"https:\/\/hir.mediamarkt.hu\/magazin\/pc-epites-tanacsok\/#primaryimage\",\"url\":\"https:\/\/hir.mediamarkt.hu\/magazin\/wp-content\/uploads\/2019\/07\/media-markt-\u00edgy-\u00e9p\u00edtettem-PC-t.jpg\",\"contentUrl\":\"https:\/\/hir.mediamarkt.hu\/magazin\/wp-content\/uploads\/2019\/07\/media-markt-\u00edgy-\u00e9p\u00edtettem-PC-t.jpg\",\"width\":1024,\"height\":683},{\"@type\":\"BreadcrumbList\",\"@id\":\"https:\/\/hir.mediamarkt.hu\/magazin\/pc-epites-tanacsok\/#breadcrumb\",\"itemListElement\":[{\"@type\":\"ListItem\",\"position\":1,\"name\":\"Kezd\u0151lap\",\"item\":\"https:\/\/hir.mediamarkt.hu\/magazin\/\"},{\"@type\":\"ListItem\",\"position\":2,\"name\":\"K\u00e9t nap any\u00e1z\u00e1s ut\u00e1n ekszt\u00e1zis: \u00edgy \u00e9p\u00edtettem pc-t\"}]},{\"@type\":\"WebSite\",\"@id\":\"https:\/\/hir.mediamarkt.hu\/magazin\/#website\",\"url\":\"https:\/\/hir.mediamarkt.hu\/magazin\/\",\"name\":\"MediaMarkt Magazin\",\"description\":\"Olvass bele magazinunkba!\",\"potentialAction\":[{\"@type\":\"SearchAction\",\"target\":{\"@type\":\"EntryPoint\",\"urlTemplate\":\"https:\/\/hir.mediamarkt.hu\/magazin\/?s={search_term_string}\"},\"query-input\":\"required name=search_term_string\"}],\"inLanguage\":\"hu\"},{\"@type\":\"Person\",\"@id\":\"https:\/\/hir.mediamarkt.hu\/magazin\/#\/schema\/person\/f4a17b2dc97f2e2bf1b88a89d4ef7d05\",\"name\":\"Nemenyi\",\"image\":{\"@type\":\"ImageObject\",\"inLanguage\":\"hu\",\"@id\":\"https:\/\/hir.mediamarkt.hu\/magazin\/#\/schema\/person\/image\/\",\"url\":\"https:\/\/secure.gravatar.com\/avatar\/9470b3223c723142e66adcad803b24fe?s=96&d=mm&r=g\",\"contentUrl\":\"https:\/\/secure.gravatar.com\/avatar\/9470b3223c723142e66adcad803b24fe?s=96&d=mm&r=g\",\"caption\":\"Nemenyi\"}}]}<\/script>\n<!-- \/ Yoast SEO plugin. -->","yoast_head_json":{"title":"K\u00e9t nap any\u00e1z\u00e1s ut\u00e1n ekszt\u00e1zis: \u00edgy \u00e9p\u00edtettem pc-t - MediaMarkt Magazin","description":"\u00cdgy \u00e9p\u00edtettem pc-t: pc-\u00f6sszeszerel\u00e9s, tan\u00e1csad\u00e1s az alaplapt\u00f3l a processzoron \u00e1t a videok\u00e1rty\u00e1ig.","robots":{"index":"index","follow":"follow","max-snippet":"max-snippet:-1","max-image-preview":"max-image-preview:large","max-video-preview":"max-video-preview:-1"},"canonical":"https:\/\/hir.mediamarkt.hu\/magazin\/pc-epites-tanacsok\/","og_locale":"hu_HU","og_type":"article","og_title":"K\u00e9t nap any\u00e1z\u00e1s ut\u00e1n ekszt\u00e1zis: \u00edgy \u00e9p\u00edtettem pc-t - MediaMarkt Magazin","og_description":"\u00cdgy \u00e9p\u00edtettem pc-t: pc-\u00f6sszeszerel\u00e9s, tan\u00e1csad\u00e1s az alaplapt\u00f3l a processzoron \u00e1t a videok\u00e1rty\u00e1ig.","og_url":"https:\/\/hir.mediamarkt.hu\/magazin\/pc-epites-tanacsok\/","og_site_name":"MediaMarkt Magazin","article_publisher":"https:\/\/www.facebook.com\/MediaMarktMagyarorszag","article_published_time":"2019-07-09T11:03:56+00:00","article_modified_time":"2019-07-24T09:00:13+00:00","og_image":[{"width":1024,"height":683,"url":"https:\/\/hir.mediamarkt.hu\/magazin\/wp-content\/uploads\/2019\/07\/media-markt-\u00edgy-\u00e9p\u00edtettem-PC-t.jpg","type":"image\/jpeg"}],"author":"Nemenyi","twitter_misc":{"Szerz\u0151:":"Nemenyi","Becs\u00fclt olvas\u00e1si id\u0151":"14 perc"},"schema":{"@context":"https:\/\/schema.org","@graph":[{"@type":"WebPage","@id":"https:\/\/hir.mediamarkt.hu\/magazin\/pc-epites-tanacsok\/","url":"https:\/\/hir.mediamarkt.hu\/magazin\/pc-epites-tanacsok\/","name":"K\u00e9t nap any\u00e1z\u00e1s ut\u00e1n ekszt\u00e1zis: \u00edgy \u00e9p\u00edtettem pc-t - MediaMarkt Magazin","isPartOf":{"@id":"https:\/\/hir.mediamarkt.hu\/magazin\/#website"},"primaryImageOfPage":{"@id":"https:\/\/hir.mediamarkt.hu\/magazin\/pc-epites-tanacsok\/#primaryimage"},"image":{"@id":"https:\/\/hir.mediamarkt.hu\/magazin\/pc-epites-tanacsok\/#primaryimage"},"thumbnailUrl":"https:\/\/hir.mediamarkt.hu\/magazin\/wp-content\/uploads\/2019\/07\/media-markt-\u00edgy-\u00e9p\u00edtettem-PC-t.jpg","datePublished":"2019-07-09T11:03:56+00:00","dateModified":"2019-07-24T09:00:13+00:00","author":{"@id":"https:\/\/hir.mediamarkt.hu\/magazin\/#\/schema\/person\/f4a17b2dc97f2e2bf1b88a89d4ef7d05"},"description":"\u00cdgy \u00e9p\u00edtettem pc-t: pc-\u00f6sszeszerel\u00e9s, tan\u00e1csad\u00e1s az alaplapt\u00f3l a processzoron \u00e1t a videok\u00e1rty\u00e1ig.","breadcrumb":{"@id":"https:\/\/hir.mediamarkt.hu\/magazin\/pc-epites-tanacsok\/#breadcrumb"},"inLanguage":"hu","potentialAction":[{"@type":"ReadAction","target":["https:\/\/hir.mediamarkt.hu\/magazin\/pc-epites-tanacsok\/"]}]},{"@type":"ImageObject","inLanguage":"hu","@id":"https:\/\/hir.mediamarkt.hu\/magazin\/pc-epites-tanacsok\/#primaryimage","url":"https:\/\/hir.mediamarkt.hu\/magazin\/wp-content\/uploads\/2019\/07\/media-markt-\u00edgy-\u00e9p\u00edtettem-PC-t.jpg","contentUrl":"https:\/\/hir.mediamarkt.hu\/magazin\/wp-content\/uploads\/2019\/07\/media-markt-\u00edgy-\u00e9p\u00edtettem-PC-t.jpg","width":1024,"height":683},{"@type":"BreadcrumbList","@id":"https:\/\/hir.mediamarkt.hu\/magazin\/pc-epites-tanacsok\/#breadcrumb","itemListElement":[{"@type":"ListItem","position":1,"name":"Kezd\u0151lap","item":"https:\/\/hir.mediamarkt.hu\/magazin\/"},{"@type":"ListItem","position":2,"name":"K\u00e9t nap any\u00e1z\u00e1s ut\u00e1n ekszt\u00e1zis: \u00edgy \u00e9p\u00edtettem pc-t"}]},{"@type":"WebSite","@id":"https:\/\/hir.mediamarkt.hu\/magazin\/#website","url":"https:\/\/hir.mediamarkt.hu\/magazin\/","name":"MediaMarkt Magazin","description":"Olvass bele magazinunkba!","potentialAction":[{"@type":"SearchAction","target":{"@type":"EntryPoint","urlTemplate":"https:\/\/hir.mediamarkt.hu\/magazin\/?s={search_term_string}"},"query-input":"required name=search_term_string"}],"inLanguage":"hu"},{"@type":"Person","@id":"https:\/\/hir.mediamarkt.hu\/magazin\/#\/schema\/person\/f4a17b2dc97f2e2bf1b88a89d4ef7d05","name":"Nemenyi","image":{"@type":"ImageObject","inLanguage":"hu","@id":"https:\/\/hir.mediamarkt.hu\/magazin\/#\/schema\/person\/image\/","url":"https:\/\/secure.gravatar.com\/avatar\/9470b3223c723142e66adcad803b24fe?s=96&d=mm&r=g","contentUrl":"https:\/\/secure.gravatar.com\/avatar\/9470b3223c723142e66adcad803b24fe?s=96&d=mm&r=g","caption":"Nemenyi"}}]}},"_links":{"self":[{"href":"https:\/\/hir.mediamarkt.hu\/magazin\/wp-json\/wp\/v2\/posts\/8943"}],"collection":[{"href":"https:\/\/hir.mediamarkt.hu\/magazin\/wp-json\/wp\/v2\/posts"}],"about":[{"href":"https:\/\/hir.mediamarkt.hu\/magazin\/wp-json\/wp\/v2\/types\/post"}],"author":[{"embeddable":true,"href":"https:\/\/hir.mediamarkt.hu\/magazin\/wp-json\/wp\/v2\/users\/22"}],"replies":[{"embeddable":true,"href":"https:\/\/hir.mediamarkt.hu\/magazin\/wp-json\/wp\/v2\/comments?post=8943"}],"version-history":[{"count":4,"href":"https:\/\/hir.mediamarkt.hu\/magazin\/wp-json\/wp\/v2\/posts\/8943\/revisions"}],"predecessor-version":[{"id":9227,"href":"https:\/\/hir.mediamarkt.hu\/magazin\/wp-json\/wp\/v2\/posts\/8943\/revisions\/9227"}],"wp:featuredmedia":[{"embeddable":true,"href":"https:\/\/hir.mediamarkt.hu\/magazin\/wp-json\/wp\/v2\/media\/9226"}],"wp:attachment":[{"href":"https:\/\/hir.mediamarkt.hu\/magazin\/wp-json\/wp\/v2\/media?parent=8943"}],"wp:term":[{"taxonomy":"category","embeddable":true,"href":"https:\/\/hir.mediamarkt.hu\/magazin\/wp-json\/wp\/v2\/categories?post=8943"},{"taxonomy":"post_tag","embeddable":true,"href":"https:\/\/hir.mediamarkt.hu\/magazin\/wp-json\/wp\/v2\/tags?post=8943"}],"curies":[{"name":"wp","href":"https:\/\/api.w.org\/{rel}","templated":true}]}}