{"id":91,"date":"2013-06-19T00:00:00","date_gmt":"2013-06-19T00:00:00","guid":{"rendered":""},"modified":"-0001-11-30T00:00:00","modified_gmt":"-0001-11-29T23:00:00","slug":"tobb-akkuido-jobb-grafika-az-inteltol","status":"publish","type":"post","link":"https:\/\/hir.mediamarkt.hu\/magazin\/tobb-akkuido-jobb-grafika-az-inteltol\/","title":{"rendered":"T\u00f6bb akkuid\u00f5, jobb grafika az Intelt\u00f5l"},"content":{"rendered":"<div>  \t  \t<p><b>Az Intel bemutatta \u00faj gener\u00e1ci\u00f3s processzorcsal\u00e1dj\u00e1t a Haswellt. Nagyobb teljes\u00edtm\u00e9ny \u00e9s kisebb fogyaszt\u00e1s jellemzi az \u00faj gener\u00e1ci\u00f3t.<\/b><\/p>      <p>      Az Intel gyakorlatilag egyeduralkod\u00f3 a processzorok piac\u00e1n. A r\u00e9gi nagy riv\u00e1lis, az AMD ugyan sikeres az olcs\u00f3 netbookok szegmens\u00e9ben, azonban a komolyabb noteszg\u00e9pek \u00e9s asztali PC-k vil\u00e1g\u00e1ban egy\u00e9rtelm\u0171en monopol helyzete van az Intelnek. Amiben viszont az AMD nagyot gur\u00edtott az a grafikai teljes\u00edtm\u00e9ny, amit elirigyelve az Intel legfrissebb Haswell csal\u00e1dj\u00e1val erre, illetve a m\u00e9g jobb fogyaszt\u00e1sra koncentr\u00e1l. Nyers teljes\u00edtm\u00e9nyben nincs sz\u00e9gyenkeznival\u00f3ja az el\u0151z\u0151 gener\u00e1ci\u00f3s Intel Ivy Bridge processzoroknak, \u00e1m a j\u00e1t\u00e9kgrafik\u00e1k ter\u00e9n volt mit behoznia az AMD-hez k\u00e9pest. Az Intel sikerre vitte (ha sz\u00fcks\u00e9ges volt p\u00e9nzzel \u00e9s er\u0151vel) az igen lapos, hossz\u00fa \u00fczemid\u0151vel rendelkez\u0151 kecses Ultrabookokat. A design sz\u00e9p volt, az akkuid\u0151 rendben, csak j\u00e1tszani nemigen lehetett ez els\u0151 Ultrabookokkal. Mostant\u00f3l azonban minden m\u00e1s lesz, hiszen a grafikai teljes\u00edtm\u00e9ny 40%-al, az akkuid\u0151 pedig tov\u00e1bbi 60%-al n\u0151, ami sz\u00e9p \u00edgy le\u00edrva egy prospektusban, de az\u00e9rt a val\u00f3s\u00e1g enn\u00e9l \u00e1rnyaltabb, hiszen a laborat\u00f3riumi k\u00f6r\u00fclm\u00e9nyek \u00e9s a val\u00f3s mindennapi haszn\u00e1lat sokban k\u00fcl\u00f6nb\u00f6zik egym\u00e1st\u00f3l.  \t<br>     \t<center><img src='http:\/\/hir.mediamarkt.hu\/magazin\/images\/0617_01.png' border='0' alt='' \/>     \t   \t     \t<br>  \t<\/center>    <p><br>   Term\u00e9szetesen a Haswell j\u00f3, de kicsit az az \u00e9rz\u00e9s\u00fcnk, hogy az Intel csak pont annyit fejlesztett az el\u0151z\u0151 gener\u00e1ci\u00f3n, amennyit felt\u00e9tlen\u00fcl musz\u00e1j. Mondjuk az alapok m\u00e1r el\u00e9g j\u00f3k voltak, a fogyaszt\u00e1son \u00fagyis k\u00f6telez\u0151 valamennyit faragni, mivel hasznos is \u00e9s nagyon j\u00f3l mutat a prospektusokban, a grafikai teljes\u00edtm\u00e9nyt pedig anno sok kritika \u00e9rte, \u00edgy amennyire az els\u0151 teszteken l\u00e1tszik itt gy\u00fart a legt\u00f6bbet az Intel, ami szint\u00e9n j\u00f3 h\u00edr a leend\u0151 Haswell alapokra \u00e9p\u00fcl\u0151 notebook, vagy PC v\u00e1s\u00e1rl\u00f3knak. B\u00e1r j\u00e1t\u00e9kban az AMD jelenlegi megold\u00e1sa m\u00e9g mindig vezet, a Haswell brut\u00e1lis processzorteljes\u00edtm\u00e9nye, a m\u00e9g jobb akkuid\u0151, a sokkal fejlettebb grafikai k\u00e9pess\u00e9gekkel a jelenlegi kir\u00e1lly\u00e1 teszik az \u00faj j\u00f6vev\u00e9nyt.  <\/p>    \t<br>     \t<center><img src='http:\/\/hir.mediamarkt.hu\/magazin\/images\/0617_02.png' border='0' alt='' \/>     \t   \t     \t<br>  \t<\/center>    <p>     Forr\u00e1s: Media Markt Magyarorsz\u00e1g  <\/p>    <!-- FB HSZ -->    \t<div id=\"fb-root\"><\/div>  \t<script>  \t(function(d, s, id) {  \t  var js, fjs = d.getElementsByTagName(s)[0];  \t  if (d.getElementById(id)) return;  \t  js = d.createElement(s); js.id = id;  \t  js.src = \"http:\/\/connect.facebook.net\/hu_HU\/all.js#xfbml=1&appId=282207548525345\";  \t  fjs.parentNode.insertBefore(js, fjs);  \t}(document, 'script', 'facebook-jssdk'));  \t  \t<\/script>  \t  <\/div><div class='fb-comments' data-href='http:\/\/bolt.mediamarkt.hu\/magazin\/Tobb_akkuido_jobb_grafika_az_Inteltol' data-num-posts='10' data-width='515'><\/div>","protected":false},"excerpt":{"rendered":"Az Intel bemutatta \u00faj gener\u00e1ci\u00f3s processzorcsal\u00e1dj\u00e1t a Haswellt. Nagyobb teljes\u00edtm\u00e9ny \u00e9s kisebb fogyaszt\u00e1s jellemzi az \u00faj gener\u00e1ci\u00f3t. Az Intel gyakorlatilag egyeduralkod\u00f3 a processzorok piac\u00e1n. A r\u00e9gi nagy riv\u00e1lis, az AMD ugyan sikeres az olcs\u00f3 netbookok szegmens\u00e9ben, azonban a komolyabb noteszg\u00e9pek \u00e9s asztali PC-k vil\u00e1g\u00e1ban egy\u00e9rtelm\u0171en monopol helyzete van az Intelnek. Amiben viszont az AMD nagyot gur\u00edtott az a grafikai teljes\u00edtm\u00e9ny, amit elirigyelve az Intel legfrissebb Haswell csal\u00e1dj\u00e1val erre, illetve a m\u00e9g jobb fogyaszt\u00e1sra koncentr\u00e1l. Nyers teljes\u00edtm\u00e9nyben nincs sz\u00e9gyenkeznival\u00f3ja az el\u0151z\u0151 gener\u00e1ci\u00f3s Intel Ivy Bridge processzoroknak, \u00e1m a j\u00e1t\u00e9kgrafik\u00e1k ter\u00e9n volt mit behoznia az AMD-hez k\u00e9pest. Az Intel sikerre vitte (ha sz\u00fcks\u00e9ges volt p\u00e9nzzel \u00e9s er\u0151vel) az igen lapos, hossz\u00fa \u00fczemid\u0151vel rendelkez\u0151 kecses Ultrabookokat. A design sz\u00e9p volt, az akkuid\u0151 rendben, &#8230;","protected":false},"author":1,"featured_media":0,"comment_status":"open","ping_status":"open","sticky":false,"template":"","format":"standard","meta":{"wprm-recipe-roundup-name":"","wprm-recipe-roundup-description":"","footnotes":""},"categories":[],"tags":[],"yoast_head":"<!-- This site is optimized with the Yoast SEO plugin v22.9 - https:\/\/yoast.com\/wordpress\/plugins\/seo\/ -->\n<title>T\u00f6bb akkuid\u00f5, jobb grafika az Intelt\u00f5l - MediaMarkt Magazin<\/title>\n<meta name=\"robots\" content=\"index, follow, max-snippet:-1, max-image-preview:large, max-video-preview:-1\" \/>\n<link rel=\"canonical\" href=\"https:\/\/hir.mediamarkt.hu\/magazin\/tobb-akkuido-jobb-grafika-az-inteltol\/\" \/>\n<meta property=\"og:locale\" content=\"hu_HU\" \/>\n<meta property=\"og:type\" content=\"article\" \/>\n<meta property=\"og:title\" content=\"T\u00f6bb akkuid\u00f5, jobb grafika az Intelt\u00f5l - MediaMarkt Magazin\" \/>\n<meta property=\"og:description\" content=\"Az Intel bemutatta \u00faj gener\u00e1ci\u00f3s processzorcsal\u00e1dj\u00e1t a Haswellt. Nagyobb teljes\u00edtm\u00e9ny \u00e9s kisebb fogyaszt\u00e1s jellemzi az \u00faj gener\u00e1ci\u00f3t. Az Intel gyakorlatilag egyeduralkod\u00f3 a processzorok piac\u00e1n. A r\u00e9gi nagy riv\u00e1lis, az AMD ugyan sikeres az olcs\u00f3 netbookok szegmens\u00e9ben, azonban a komolyabb noteszg\u00e9pek \u00e9s asztali PC-k vil\u00e1g\u00e1ban egy\u00e9rtelm\u0171en monopol helyzete van az Intelnek. Amiben viszont az AMD nagyot gur\u00edtott az a grafikai teljes\u00edtm\u00e9ny, amit elirigyelve az Intel legfrissebb Haswell csal\u00e1dj\u00e1val erre, illetve a m\u00e9g jobb fogyaszt\u00e1sra koncentr\u00e1l. Nyers teljes\u00edtm\u00e9nyben nincs sz\u00e9gyenkeznival\u00f3ja az el\u0151z\u0151 gener\u00e1ci\u00f3s Intel Ivy Bridge processzoroknak, \u00e1m a j\u00e1t\u00e9kgrafik\u00e1k ter\u00e9n volt mit behoznia az AMD-hez k\u00e9pest. Az Intel sikerre vitte (ha sz\u00fcks\u00e9ges volt p\u00e9nzzel \u00e9s er\u0151vel) az igen lapos, hossz\u00fa \u00fczemid\u0151vel rendelkez\u0151 kecses Ultrabookokat. A design sz\u00e9p volt, az akkuid\u0151 rendben, ...\" \/>\n<meta property=\"og:url\" content=\"https:\/\/hir.mediamarkt.hu\/magazin\/tobb-akkuido-jobb-grafika-az-inteltol\/\" \/>\n<meta property=\"og:site_name\" content=\"MediaMarkt Magazin\" \/>\n<meta property=\"article:publisher\" content=\"https:\/\/www.facebook.com\/MediaMarktMagyarorszag\" \/>\n<meta property=\"article:published_time\" content=\"2013-06-19T00:00:00+00:00\" \/>\n<meta property=\"article:modified_time\" content=\"-0001-11-30T00:00:00+00:00\" \/>\n<meta property=\"og:image\" content=\"http:\/\/hir.mediamarkt.hu\/magazin\/images\/0617_01.png\" \/>\n<meta name=\"author\" content=\"intermedius\" \/>\n<meta name=\"twitter:label1\" content=\"Szerz\u0151:\" \/>\n\t<meta name=\"twitter:data1\" content=\"intermedius\" \/>\n\t<meta name=\"twitter:label2\" content=\"Becs\u00fclt olvas\u00e1si id\u0151\" \/>\n\t<meta name=\"twitter:data2\" content=\"2 perc\" \/>\n<script type=\"application\/ld+json\" class=\"yoast-schema-graph\">{\"@context\":\"https:\/\/schema.org\",\"@graph\":[{\"@type\":\"WebPage\",\"@id\":\"https:\/\/hir.mediamarkt.hu\/magazin\/tobb-akkuido-jobb-grafika-az-inteltol\/\",\"url\":\"https:\/\/hir.mediamarkt.hu\/magazin\/tobb-akkuido-jobb-grafika-az-inteltol\/\",\"name\":\"T\u00f6bb akkuid\u00f5, jobb grafika az Intelt\u00f5l - MediaMarkt Magazin\",\"isPartOf\":{\"@id\":\"https:\/\/hir.mediamarkt.hu\/magazin\/#website\"},\"primaryImageOfPage\":{\"@id\":\"https:\/\/hir.mediamarkt.hu\/magazin\/tobb-akkuido-jobb-grafika-az-inteltol\/#primaryimage\"},\"image\":{\"@id\":\"https:\/\/hir.mediamarkt.hu\/magazin\/tobb-akkuido-jobb-grafika-az-inteltol\/#primaryimage\"},\"thumbnailUrl\":\"http:\/\/hir.mediamarkt.hu\/magazin\/images\/0617_01.png\",\"datePublished\":\"2013-06-19T00:00:00+00:00\",\"dateModified\":\"-0001-11-30T00:00:00+00:00\",\"author\":{\"@id\":\"https:\/\/hir.mediamarkt.hu\/magazin\/#\/schema\/person\/7f1d99540808335a59d17dcebfa95544\"},\"breadcrumb\":{\"@id\":\"https:\/\/hir.mediamarkt.hu\/magazin\/tobb-akkuido-jobb-grafika-az-inteltol\/#breadcrumb\"},\"inLanguage\":\"hu\",\"potentialAction\":[{\"@type\":\"ReadAction\",\"target\":[\"https:\/\/hir.mediamarkt.hu\/magazin\/tobb-akkuido-jobb-grafika-az-inteltol\/\"]}]},{\"@type\":\"ImageObject\",\"inLanguage\":\"hu\",\"@id\":\"https:\/\/hir.mediamarkt.hu\/magazin\/tobb-akkuido-jobb-grafika-az-inteltol\/#primaryimage\",\"url\":\"http:\/\/hir.mediamarkt.hu\/magazin\/images\/0617_01.png\",\"contentUrl\":\"http:\/\/hir.mediamarkt.hu\/magazin\/images\/0617_01.png\"},{\"@type\":\"BreadcrumbList\",\"@id\":\"https:\/\/hir.mediamarkt.hu\/magazin\/tobb-akkuido-jobb-grafika-az-inteltol\/#breadcrumb\",\"itemListElement\":[{\"@type\":\"ListItem\",\"position\":1,\"name\":\"Kezd\u0151lap\",\"item\":\"https:\/\/hir.mediamarkt.hu\/magazin\/\"},{\"@type\":\"ListItem\",\"position\":2,\"name\":\"T\u00f6bb akkuid\u00f5, jobb grafika az Intelt\u00f5l\"}]},{\"@type\":\"WebSite\",\"@id\":\"https:\/\/hir.mediamarkt.hu\/magazin\/#website\",\"url\":\"https:\/\/hir.mediamarkt.hu\/magazin\/\",\"name\":\"MediaMarkt Magazin\",\"description\":\"Olvass bele magazinunkba!\",\"potentialAction\":[{\"@type\":\"SearchAction\",\"target\":{\"@type\":\"EntryPoint\",\"urlTemplate\":\"https:\/\/hir.mediamarkt.hu\/magazin\/?s={search_term_string}\"},\"query-input\":\"required name=search_term_string\"}],\"inLanguage\":\"hu\"},{\"@type\":\"Person\",\"@id\":\"https:\/\/hir.mediamarkt.hu\/magazin\/#\/schema\/person\/7f1d99540808335a59d17dcebfa95544\",\"name\":\"intermedius\",\"image\":{\"@type\":\"ImageObject\",\"inLanguage\":\"hu\",\"@id\":\"https:\/\/hir.mediamarkt.hu\/magazin\/#\/schema\/person\/image\/\",\"url\":\"https:\/\/secure.gravatar.com\/avatar\/bbf88debc0bd7abfc1047f575da076f2?s=96&d=mm&r=g\",\"contentUrl\":\"https:\/\/secure.gravatar.com\/avatar\/bbf88debc0bd7abfc1047f575da076f2?s=96&d=mm&r=g\",\"caption\":\"intermedius\"}}]}<\/script>\n<!-- \/ Yoast SEO plugin. -->","yoast_head_json":{"title":"T\u00f6bb akkuid\u00f5, jobb grafika az Intelt\u00f5l - MediaMarkt Magazin","robots":{"index":"index","follow":"follow","max-snippet":"max-snippet:-1","max-image-preview":"max-image-preview:large","max-video-preview":"max-video-preview:-1"},"canonical":"https:\/\/hir.mediamarkt.hu\/magazin\/tobb-akkuido-jobb-grafika-az-inteltol\/","og_locale":"hu_HU","og_type":"article","og_title":"T\u00f6bb akkuid\u00f5, jobb grafika az Intelt\u00f5l - MediaMarkt Magazin","og_description":"Az Intel bemutatta \u00faj gener\u00e1ci\u00f3s processzorcsal\u00e1dj\u00e1t a Haswellt. Nagyobb teljes\u00edtm\u00e9ny \u00e9s kisebb fogyaszt\u00e1s jellemzi az \u00faj gener\u00e1ci\u00f3t. Az Intel gyakorlatilag egyeduralkod\u00f3 a processzorok piac\u00e1n. A r\u00e9gi nagy riv\u00e1lis, az AMD ugyan sikeres az olcs\u00f3 netbookok szegmens\u00e9ben, azonban a komolyabb noteszg\u00e9pek \u00e9s asztali PC-k vil\u00e1g\u00e1ban egy\u00e9rtelm\u0171en monopol helyzete van az Intelnek. Amiben viszont az AMD nagyot gur\u00edtott az a grafikai teljes\u00edtm\u00e9ny, amit elirigyelve az Intel legfrissebb Haswell csal\u00e1dj\u00e1val erre, illetve a m\u00e9g jobb fogyaszt\u00e1sra koncentr\u00e1l. Nyers teljes\u00edtm\u00e9nyben nincs sz\u00e9gyenkeznival\u00f3ja az el\u0151z\u0151 gener\u00e1ci\u00f3s Intel Ivy Bridge processzoroknak, \u00e1m a j\u00e1t\u00e9kgrafik\u00e1k ter\u00e9n volt mit behoznia az AMD-hez k\u00e9pest. Az Intel sikerre vitte (ha sz\u00fcks\u00e9ges volt p\u00e9nzzel \u00e9s er\u0151vel) az igen lapos, hossz\u00fa \u00fczemid\u0151vel rendelkez\u0151 kecses Ultrabookokat. A design sz\u00e9p volt, az akkuid\u0151 rendben, ...","og_url":"https:\/\/hir.mediamarkt.hu\/magazin\/tobb-akkuido-jobb-grafika-az-inteltol\/","og_site_name":"MediaMarkt Magazin","article_publisher":"https:\/\/www.facebook.com\/MediaMarktMagyarorszag","article_published_time":"2013-06-19T00:00:00+00:00","article_modified_time":"-0001-11-30T00:00:00+00:00","og_image":[{"url":"http:\/\/hir.mediamarkt.hu\/magazin\/images\/0617_01.png"}],"author":"intermedius","twitter_misc":{"Szerz\u0151:":"intermedius","Becs\u00fclt olvas\u00e1si id\u0151":"2 perc"},"schema":{"@context":"https:\/\/schema.org","@graph":[{"@type":"WebPage","@id":"https:\/\/hir.mediamarkt.hu\/magazin\/tobb-akkuido-jobb-grafika-az-inteltol\/","url":"https:\/\/hir.mediamarkt.hu\/magazin\/tobb-akkuido-jobb-grafika-az-inteltol\/","name":"T\u00f6bb akkuid\u00f5, jobb grafika az Intelt\u00f5l - MediaMarkt Magazin","isPartOf":{"@id":"https:\/\/hir.mediamarkt.hu\/magazin\/#website"},"primaryImageOfPage":{"@id":"https:\/\/hir.mediamarkt.hu\/magazin\/tobb-akkuido-jobb-grafika-az-inteltol\/#primaryimage"},"image":{"@id":"https:\/\/hir.mediamarkt.hu\/magazin\/tobb-akkuido-jobb-grafika-az-inteltol\/#primaryimage"},"thumbnailUrl":"http:\/\/hir.mediamarkt.hu\/magazin\/images\/0617_01.png","datePublished":"2013-06-19T00:00:00+00:00","dateModified":"-0001-11-30T00:00:00+00:00","author":{"@id":"https:\/\/hir.mediamarkt.hu\/magazin\/#\/schema\/person\/7f1d99540808335a59d17dcebfa95544"},"breadcrumb":{"@id":"https:\/\/hir.mediamarkt.hu\/magazin\/tobb-akkuido-jobb-grafika-az-inteltol\/#breadcrumb"},"inLanguage":"hu","potentialAction":[{"@type":"ReadAction","target":["https:\/\/hir.mediamarkt.hu\/magazin\/tobb-akkuido-jobb-grafika-az-inteltol\/"]}]},{"@type":"ImageObject","inLanguage":"hu","@id":"https:\/\/hir.mediamarkt.hu\/magazin\/tobb-akkuido-jobb-grafika-az-inteltol\/#primaryimage","url":"http:\/\/hir.mediamarkt.hu\/magazin\/images\/0617_01.png","contentUrl":"http:\/\/hir.mediamarkt.hu\/magazin\/images\/0617_01.png"},{"@type":"BreadcrumbList","@id":"https:\/\/hir.mediamarkt.hu\/magazin\/tobb-akkuido-jobb-grafika-az-inteltol\/#breadcrumb","itemListElement":[{"@type":"ListItem","position":1,"name":"Kezd\u0151lap","item":"https:\/\/hir.mediamarkt.hu\/magazin\/"},{"@type":"ListItem","position":2,"name":"T\u00f6bb akkuid\u00f5, jobb grafika az Intelt\u00f5l"}]},{"@type":"WebSite","@id":"https:\/\/hir.mediamarkt.hu\/magazin\/#website","url":"https:\/\/hir.mediamarkt.hu\/magazin\/","name":"MediaMarkt Magazin","description":"Olvass bele magazinunkba!","potentialAction":[{"@type":"SearchAction","target":{"@type":"EntryPoint","urlTemplate":"https:\/\/hir.mediamarkt.hu\/magazin\/?s={search_term_string}"},"query-input":"required name=search_term_string"}],"inLanguage":"hu"},{"@type":"Person","@id":"https:\/\/hir.mediamarkt.hu\/magazin\/#\/schema\/person\/7f1d99540808335a59d17dcebfa95544","name":"intermedius","image":{"@type":"ImageObject","inLanguage":"hu","@id":"https:\/\/hir.mediamarkt.hu\/magazin\/#\/schema\/person\/image\/","url":"https:\/\/secure.gravatar.com\/avatar\/bbf88debc0bd7abfc1047f575da076f2?s=96&d=mm&r=g","contentUrl":"https:\/\/secure.gravatar.com\/avatar\/bbf88debc0bd7abfc1047f575da076f2?s=96&d=mm&r=g","caption":"intermedius"}}]}},"_links":{"self":[{"href":"https:\/\/hir.mediamarkt.hu\/magazin\/wp-json\/wp\/v2\/posts\/91"}],"collection":[{"href":"https:\/\/hir.mediamarkt.hu\/magazin\/wp-json\/wp\/v2\/posts"}],"about":[{"href":"https:\/\/hir.mediamarkt.hu\/magazin\/wp-json\/wp\/v2\/types\/post"}],"author":[{"embeddable":true,"href":"https:\/\/hir.mediamarkt.hu\/magazin\/wp-json\/wp\/v2\/users\/1"}],"replies":[{"embeddable":true,"href":"https:\/\/hir.mediamarkt.hu\/magazin\/wp-json\/wp\/v2\/comments?post=91"}],"version-history":[{"count":0,"href":"https:\/\/hir.mediamarkt.hu\/magazin\/wp-json\/wp\/v2\/posts\/91\/revisions"}],"wp:attachment":[{"href":"https:\/\/hir.mediamarkt.hu\/magazin\/wp-json\/wp\/v2\/media?parent=91"}],"wp:term":[{"taxonomy":"category","embeddable":true,"href":"https:\/\/hir.mediamarkt.hu\/magazin\/wp-json\/wp\/v2\/categories?post=91"},{"taxonomy":"post_tag","embeddable":true,"href":"https:\/\/hir.mediamarkt.hu\/magazin\/wp-json\/wp\/v2\/tags?post=91"}],"curies":[{"name":"wp","href":"https:\/\/api.w.org\/{rel}","templated":true}]}}