{"id":9229,"date":"2019-07-25T11:45:16","date_gmt":"2019-07-25T10:45:16","guid":{"rendered":"http:\/\/hir.mediamarkt.hu\/magazin\/?p=9229"},"modified":"2019-08-05T10:58:51","modified_gmt":"2019-08-05T09:58:51","slug":"lg-uj-alulfagyasztos-huto-media-markt-tipp","status":"publish","type":"post","link":"https:\/\/hir.mediamarkt.hu\/magazin\/lg-uj-alulfagyasztos-huto-media-markt-tipp\/","title":{"rendered":"Az \u00e9rz\u00e9keinkkel j\u00e1tszik az LG az \u00faj alulfagyaszt\u00f3s h\u0171t\u0151i seg\u00edts\u00e9g\u00e9vel!"},"content":{"rendered":"<b>Frissess\u00e9g d\u00f6mping \u00e9s lehengerl\u0151 vide\u00f3k: meg\u00e9rkeztek az \u00faj LG alulfagyaszt\u00f3s h\u0171t\u0151k! <\/b><b>Az LG h\u0171t\u0151g\u00e9pek \u00faj kor\u00e1hoz vadonat\u00faj szpotok \u00e9s roppan\u00f3s rekl\u00e1mok is duk\u00e1lnak. Bemutatjuk a ny\u00e1r \u201clegh\u0171sebb\u201d \u00e9s legvonz\u00f3bb term\u00e9k\u00e9t, amelyhez az LG sok hasznos inform\u00e1ci\u00f3val is k\u00e9sz\u00fclt!\u00a0<\/b><!--more-->\r\n\r\n&nbsp;\r\n<h2><b>\u00c9rz\u00e9ki vil\u00e1got k\u00edn\u00e1l az LG a h\u0151s\u00e9gben!<\/b><\/h2>\r\n&nbsp;\r\n\r\n<span style=\"font-weight: 400;\"><img loading=\"lazy\" decoding=\"async\" class=\"size-medium wp-image-9231 alignleft\" src=\"https:\/\/hir.mediamarkt.hu\/magazin\/wp-content\/uploads\/2019\/07\/MediaMarkt_LG_huto00a-300x105.jpg\" alt=\"\" width=\"300\" height=\"105\" srcset=\"https:\/\/hir.mediamarkt.hu\/magazin\/wp-content\/uploads\/2019\/07\/MediaMarkt_LG_huto00a-300x105.jpg 300w, https:\/\/hir.mediamarkt.hu\/magazin\/wp-content\/uploads\/2019\/07\/MediaMarkt_LG_huto00a-275x96.jpg 275w, https:\/\/hir.mediamarkt.hu\/magazin\/wp-content\/uploads\/2019\/07\/MediaMarkt_LG_huto00a-768x269.jpg 768w, https:\/\/hir.mediamarkt.hu\/magazin\/wp-content\/uploads\/2019\/07\/MediaMarkt_LG_huto00a-1024x358.jpg 1024w, https:\/\/hir.mediamarkt.hu\/magazin\/wp-content\/uploads\/2019\/07\/MediaMarkt_LG_huto00a.jpg 1200w\" sizes=\"(max-width: 300px) 100vw, 300px\" \/>L\u00e1sd, halld, szagold, tapintsd, \u00edzleld! Ki ne v\u00e1gyna roppan\u00f3s frissess\u00e9gre, mennyei, ny\u00e1ri illatokra? \u00c9s persze eg\u00e9szs\u00e9ges \u00e9letm\u00f3dra! Mert hogy a frissen tartott \u00e9lelmiszerek nem csak a l\u00e1tv\u00e1ny vagy \u00e9pp a h\u0171t\u0151beli szagok miatt fontos. A t\u00e1pl\u00e1lkoz\u00e1s \u00e9letfontoss\u00e1g\u00fa jellege kapcs\u00e1n is \u00e9rdemes a min\u0151s\u00e9gre \u00e9s a frissess\u00e9gre f\u00f3kusz\u00e1lni. Az LG alulfagyaszt\u00f3s h\u0171t\u0151i t\u00f6bb technol\u00f3giai v\u00edvm\u00e1nyt latba vetve vigy\u00e1znak a fogyaszt\u00f3ra \u00e9s a fogyasztand\u00f3 term\u00e9kekre. Az pedig, hogy a korszer\u0171 megold\u00e1soknak h\u00e1la a l\u00e1tv\u00e1ny \u00e9s az illat is cs\u00e1b\u00edt\u00f3, biztos, hogy hatalmas seg\u00edts\u00e9g a helyes t\u00e1pl\u00e1lkoz\u00e1s ter\u00e9n.<\/span>\r\n<h2><\/h2>\r\n<h2><b>Liner\u00e1is is \u00e9s inverter is: mit tud az LG Line\u00e1ris Inverter kompresszora?<\/b><\/h2>\r\n&nbsp;\r\n\r\n<span style=\"font-weight: 400;\"><img loading=\"lazy\" decoding=\"async\" class=\"size-medium wp-image-9233 alignleft\" src=\"https:\/\/hir.mediamarkt.hu\/magazin\/wp-content\/uploads\/2019\/07\/MediaMarkt_LG_huto00c-300x180.jpg\" alt=\"\" width=\"300\" height=\"180\" srcset=\"https:\/\/hir.mediamarkt.hu\/magazin\/wp-content\/uploads\/2019\/07\/MediaMarkt_LG_huto00c-300x180.jpg 300w, https:\/\/hir.mediamarkt.hu\/magazin\/wp-content\/uploads\/2019\/07\/MediaMarkt_LG_huto00c-275x165.jpg 275w, https:\/\/hir.mediamarkt.hu\/magazin\/wp-content\/uploads\/2019\/07\/MediaMarkt_LG_huto00c-768x461.jpg 768w, https:\/\/hir.mediamarkt.hu\/magazin\/wp-content\/uploads\/2019\/07\/MediaMarkt_LG_huto00c-1024x614.jpg 1024w, https:\/\/hir.mediamarkt.hu\/magazin\/wp-content\/uploads\/2019\/07\/MediaMarkt_LG_huto00c.jpg 1200w\" sizes=\"(max-width: 300px) 100vw, 300px\" \/>Az <\/span><b>LG Line\u00e1ris Inverter kompresszora<\/b><span style=\"font-weight: 400;\"> a h\u0151m\u00e9rs\u00e9kletingadoz\u00e1sok cs\u00f6kkent\u00e9s\u00e9vel \u00e9szrevehet\u0151en seg\u00edt tov\u00e1bb meg\u0151rizni a h\u0171t\u0151ben t\u00e1rolt term\u00e9kek frissess\u00e9g\u00e9t \u00e9s \u00edz\u00e9t. A k\u00e9sz\u00fcl\u00e9k belsej\u00e9ben l\u00e9v\u0151 extra szell\u0151z\u0151ny\u00edl\u00e1sok ugyanis\u00a0 seg\u00edtenek fenntartani az \u00e1lland\u00f3 h\u0151m\u00e9rs\u00e9kletet, ezzel biztos\u00edtva <\/span><b>ak\u00e1r 32%-kal gyorsabb \u00e9s egyenletesebb h\u0171t\u00e9st a teljes h\u0171t\u0151t\u00e9rben.<\/b><span style=\"font-weight: 400;\"> Mindez persze nem csak a l\u00e1tv\u00e1ny, de az arom\u00e1k \u00e9s \u00edzek ter\u00e9n is k\u00fcl\u00f6nbs\u00e9get jelent. Persze ahhoz, hogy az \u00e9teleink a lehet\u0151 legtov\u00e1bb frissek maradjanak, tudnunk kell, minek hol a helye! Ebben is seg\u00edt a c\u00e9g, az <b>LG alulfagyaszt\u00f3s h\u0171t\u0151i <\/b>megjelen\u00e9se kapcs\u00e1n ugyanis \u00f6ssze\u00e1ll\u00edtott egy \u201ckisokost\u201d minden tudatos fogyaszt\u00f3 sz\u00e1m\u00e1ra, amellyel nem csak a magunk, de a F\u00f6ld \u00e9let\u00e9t is jobb\u00e1 tehetj\u00fck\u2026<\/span>\r\n\r\n&nbsp;\r\n<h2><b>Mit hova? A<\/b><b> NatureFRESH technol\u00f3gia \u00fcnnepe!<\/b><\/h2>\r\n&nbsp;\r\n\r\n<span style=\"font-weight: 400;\">F\u00fcggetlen\u00fcl att\u00f3l, hogy valaki h\u00fasfogyaszt\u00f3, veget\u00e1ri\u00e1nus, veg\u00e1n, esetleg pescatarian \u00e9trendet k\u00f6vet, j\u00f3 es\u00e9llyel sokf\u00e9le \u00e9lelmiszert fogyaszt. Az LG alulfagyaszt\u00f3s h\u0171t\u0151i leg\u00fajabb, <\/span><b>NatureFRESH technol\u00f3gi\u00e1t<\/b><span style=\"font-weight: 400;\"> alkalmaz\u00f3 k\u00e9sz\u00fcl\u00e9keinek bevezet\u00e9s\u00e9t azzal szerette volna meg\u00fcnnepelni, hogy eligaz\u00edtja a fogyaszt\u00f3kat a helyes t\u00e1rol\u00e1ssal kapcsolatos\u00a0 legfontosabb k\u00e9rd\u00e9sekben. Ezeket mi a MediaMarktn\u00e1l pontokba szedt\u00fck, hogy m\u00e9g k\u00f6nnyebb legyen az eligazod\u00e1s!<\/span>\r\n\r\n&nbsp;\r\n<h2><b>Els\u0151 l\u00e9p\u00e9s: mi ker\u00fclj\u00f6n be \u00e9s mi ne a h\u0171t\u0151be?<\/b><\/h2>\r\n&nbsp;\r\n\r\n<b><img loading=\"lazy\" decoding=\"async\" class=\"size-medium wp-image-9232 alignleft\" src=\"https:\/\/hir.mediamarkt.hu\/magazin\/wp-content\/uploads\/2019\/07\/MediaMarkt_LG_huto00b-300x255.jpg\" alt=\"\" width=\"300\" height=\"255\" srcset=\"https:\/\/hir.mediamarkt.hu\/magazin\/wp-content\/uploads\/2019\/07\/MediaMarkt_LG_huto00b-300x255.jpg 300w, https:\/\/hir.mediamarkt.hu\/magazin\/wp-content\/uploads\/2019\/07\/MediaMarkt_LG_huto00b-275x234.jpg 275w, https:\/\/hir.mediamarkt.hu\/magazin\/wp-content\/uploads\/2019\/07\/MediaMarkt_LG_huto00b-768x653.jpg 768w, https:\/\/hir.mediamarkt.hu\/magazin\/wp-content\/uploads\/2019\/07\/MediaMarkt_LG_huto00b-1024x870.jpg 1024w, https:\/\/hir.mediamarkt.hu\/magazin\/wp-content\/uploads\/2019\/07\/MediaMarkt_LG_huto00b.jpg 1200w\" sizes=\"(max-width: 300px) 100vw, 300px\" \/>A toj\u00e1s<\/b><span style=\"font-weight: 400;\"> minden dilemma alapja. Magyarorsz\u00e1gon az \u00e9lelmiszer \u00e1ruh\u00e1zak h\u0171t\u0151ben k\u00edn\u00e1lj\u00e1k a toj\u00e1st, m\u00e1s eur\u00f3pai orsz\u00e1gokban azonban minden nem el\u0151\u00edr\u00e1s. Az 1900-as \u00e9vek el\u0151tt a toj\u00e1sokat nem h\u0171t\u00f6tt\u00e9k, valljuk be, nem is igen volt hol, nemes egyszer\u0171s\u00e9ggel a h\u0171v\u00f6sebb kamr\u00e1ban, vagy a pinc\u00e9ben t\u00e1rolt\u00e1k, esetleg szobah\u0151m\u00e9rs\u00e9kleten tartott\u00e1k a csirk\u00e9k aj\u00e1nd\u00e9kait. A XX. sz\u00e1zad elej\u00e9n azt\u00e1n bek\u00f6vetkezett egy t\u00f6meges Angli\u00e1ban, melynek nyom\u00e1n elkezdt\u00e9k mosni a toj\u00e1sok h\u00e9j\u00e1t. Mindez azonban nemcsak a k\u00f3rokoz\u00f3kat, hanem a toj\u00e1s term\u00e9szetes v\u00e9d\u0151r\u00e9teg\u00e9t is elt\u00e1vol\u00edtotta az \u00e9lelmiszerr\u0151l, \u00edgy v\u00e9g\u00fcl a bakt\u00e9riumok m\u00e9g k\u00f6nnyebben kereszt\u00fcl jutottak a h\u00e9jon. Az ide\u00e1lis megold\u00e1snak ezut\u00e1n a toj\u00e1sok h\u0171t\u00e9se l\u00e1tszott, hiszen a hideg k\u00f6ztudottan \u00e9s bizony\u00edtottan lelass\u00edtja a k\u00f3rokoz\u00f3k szaporod\u00e1s\u00e1t. \u00cdgy kezd\u0151d\u00f6tt a toj\u00e1sok h\u0171t\u00e9s\u00e9nek id\u0151szaka.\u00a0<\/span>\r\n\r\n<span style=\"font-weight: 400;\">A kutat\u00e1sok azonban megoszlanak a t\u00e9ren, egy k\u00f6z\u00f6s nevez\u0151 azonban akad: \u00e9lelmiszerbiztons\u00e1gi szempontb\u00f3l a toj\u00e1s eset\u00e9ben fontosabb az \u00e1lland\u00f3 h\u0151m\u00e9rs\u00e9klet, mint a h\u0171t\u00e9s. Teh\u00e1t a h\u0151m\u00e9rs\u00e9kletv\u00e1ltoz\u00e1s a lehet\u0151 legrosszabb, ami a toj\u00e1ssal t\u00f6rt\u00e9nhet. \u00cdgy ha a nagy bev\u00e1s\u00e1rl\u00e1s ut\u00e1n a felhev\u00fclt kocsiban sz\u00e1ll\u00edtott toj\u00e1st azonnal \u201ch\u0171v\u00f6sre tessz\u00fck\u201d, ink\u00e1bb \u00e1rtunk a term\u00e9knek, mintsem haszn\u00e1ln\u00e1nk. Emellett nagyon gyakori megold\u00e1s, hogy a toj\u00e1sokat a fogyaszt\u00f3k a h\u0171t\u0151k ajtaj\u00e1ba teszik, ahol legink\u00e1bb ingadozik a h\u0171t\u0151szekr\u00e9ny h\u0151m\u00e9rs\u00e9klete. Ez a m\u00f3dszer teh\u00e1t alapvet\u0151en nem ide\u00e1lis,\u00a0 az LG alulfagyaszt\u00f3s h\u0171t\u0151 a <\/span><b>DoorCooling+<\/b><span style=\"font-weight: 400;\"> technol\u00f3gi\u00e1j\u00e1nak k\u00f6sz\u00f6nhet\u0151en azonban mindenhol egyenletes \u00e9s gyors h\u0171t\u00e9st biztos\u00edtanak az \u00e9lelmiszereinknek, \u00edgy akinek profi k\u00e9sz\u00fcl\u00e9ke van, nem \u00e1rthat a toj\u00e1soknak.<\/span>\r\n<blockquote><b>Nagyany\u00e1ink tippje:<\/b><span style=\"font-weight: 400;\"> Egy gyors toj\u00e1s teszttel mindig ellen\u0151rizheted a toj\u00e1sok frissess\u00e9g\u00e9t, csak tedd bele egy poh\u00e1r v\u00edzbe a kiszemelt darabot \u00e9s n\u00e9zd meg, mi t\u00f6rt\u00e9nik. Ha a toj\u00e1s les\u00fcllyed a poh\u00e1r alj\u00e1ra, minden rendben van. Ha azonban fel\u00faszik a felsz\u00ednre, b\u00facs\u00fat mondhatsz a r\u00e1ntotta alapanyagnak.\u00a0<\/span>\r\n\r\n<b>MediaMarkt pro tip:<\/b><span style=\"font-weight: 400;\"> A m\u00e1r \u00e9tkez\u00e9s kapcs\u00e1n gyan\u00fas toj\u00e1sok m\u00e9g mindig hasznosak lehetnek a h\u00e1ztart\u00e1sban. Ha a fel\u00fct\u00f6tt darabnak nincs szaga, nincs elsz\u00ednez\u0151dve, magas A-vitamin tartalm\u00e1t m\u00e9g kiakn\u00e1zhatod. Haj \u00e9s b\u0151rpakol\u00e1snak a kev\u00e9sb\u00e9 friss, de m\u00e9g meg nem z\u00e1pult toj\u00e1sok t\u00f6k\u00e9letesek lehetnek! A h\u00e9jat mosd el, sz\u00e1r\u00edtsd ki, majd komposzt\u00e1ld, \u00e9s a kerted, balkon l\u00e1d\u00e1d \u00f6r\u00f6kk\u00e9 h\u00e1l\u00e1s lesz \u00e9rte!<\/span><\/blockquote>\r\n&nbsp;\r\n\r\n<span style=\"font-weight: 400;\">A toj\u00e1s mellett a k\u00f6nnyen roml\u00f3 \u00e9lelmiszereket, mint p\u00e9ld\u00e1ul a <\/span><b>h\u00fast \u00e9s a halat<\/b><span style=\"font-weight: 400;\"> term\u00e9szetesen a h\u0171t\u0151ben kell t\u00e1rolni. Viszont a paradicsom, a hagyma \u00e9s m\u00e1s hasonl\u00f3 <\/span><b>z\u00f6lds\u00e9gek <\/b><span style=\"font-weight: 400;\">a konyhaszekr\u00e9nyben is tarthat\u00f3k. Emellett egyes <\/span><b>gy\u00fcm\u00f6lcs\u00f6k <\/b><span style=\"font-weight: 400;\">\u2013 p\u00e9ld\u00e1ul az avok\u00e1d\u00f3, az alma, a ban\u00e1n, a citrom \u00e9s a bogy\u00f3s gy\u00fcm\u00f6lcs\u00f6k \u2013 \u00edze \u00e9s \u00e1llaga megv\u00e1ltozhat a h\u0171t\u0151szekr\u00e9nyben. \u00c9rdemes teh\u00e1t el\u0151re \u00e1tgondolni, hogy mikor szeretn\u00e9nk \u0151ket elfogyasztani, \u00e9s \u00edgy kell-e \u0151ket h\u0171teni egy\u00e1ltal\u00e1n. A <\/span><b>keny\u00e9r <\/b><span style=\"font-weight: 400;\">szint\u00e9n sokak sz\u00e1m\u00e1ra dilemma, illetve t\u00e9vhit. A p\u00e9k\u00e1ru &#8211; megfelel\u0151 t\u00e1rol\u00e1s eset\u00e9n &#8211; ugyanis boldogan el\u00e1ll a konyhapulton is.\u00a0<\/span>\r\n\r\n&nbsp;\r\n<blockquote><b>MediaMarkt pro tip: <\/b><span style=\"font-weight: 400;\">Tegy\u00fck a kenyeret j\u00e9naiba, vagy ami m\u00e9g jobb, Pataki t\u00e1lba \u00e9s a frissess\u00e9g szavatolt, a pen\u00e9sz t\u00e1vol marad!<\/span><\/blockquote>\r\n&nbsp;\r\n<h2><b>Milyen h\u0151m\u00e9rs\u00e9kletre \u00e1ll\u00edtsam a h\u0171t\u0151szekr\u00e9nyt?<\/b><\/h2>\r\n<span style=\"font-weight: 400;\">Az egymilli\u00f3 doll\u00e1ros k\u00e9rd\u00e9s! Ahhoz, hogy \u00e9teleink frissek \u00e9s biztons\u00e1gosan fogyaszthat\u00f3ak maradjanak, az LG azt javasolja, hogy a h\u0171t\u0151szekr\u00e9ny h\u0151m\u00e9rs\u00e9klet\u00e9t 4\u00b0C-ra, vagy kiss\u00e9 alacsonyabb h\u0151fokra \u00e1ll\u00edtsuk. Ha a k\u00e9sz\u00fcl\u00e9k t\u00fal meleg, a h\u00fas \u00e9s a hal k\u00f6nnyen megromlik, ha pedig t\u00fal hideg, a z\u00f6lds\u00e9gek \u00e9s a gy\u00fcm\u00f6lcs\u00f6k egyszer\u0171en meg fagynak a z\u00f6lds\u00e9gt\u00e1rol\u00f3 fi\u00f3kban.<\/span>\r\n\r\n<span style=\"font-weight: 400;\">Sok h\u0171t\u0151szekr\u00e9ny eset\u00e9n igen neh\u00e9zkes egyenletes h\u0151m\u00e9rs\u00e9kletet el\u00e9rni. Az LG alulfagyaszt\u00f3s h\u0171t\u0151iben a <\/span><b>NatureFRESH funkci\u00f3nak<\/b><span style=\"font-weight: 400;\"> h\u00e1la azonban ez m\u00e1r gyerekj\u00e1t\u00e9k, hiszen a <\/span><b>LINEARCooling<\/b><span style=\"font-weight: 400;\"> technol\u00f3gia pontosan \u00e9s egyenletesen tartja a h\u0151m\u00e9rs\u00e9kletet a h\u0171t\u0151szekr\u00e9ny eg\u00e9sz\u00e9ben, azaz a h\u0151m\u00e9rs\u00e9klet folyamatosan f\u00e9l fokos pontoss\u00e1ggal egyezik a be\u00e1ll\u00edtottakhoz k\u00e9pest. Az olyan \u00e9teleket \u2013 mint p\u00e9ld\u00e1ul a steaket, halat vagy a k\u00e9nyesebb z\u00f6lds\u00e9geket \u2013, amelyeket a t\u00f6bbi \u00e9lelmiszert\u0151l elt\u00e9r\u0151 h\u0151m\u00e9rs\u00e9kleten szeretn\u00e9nk t\u00e1rolni, egyszer\u0171en helyezz\u00fck a <\/span><b>Fresh Converterrel <\/b><span style=\"font-weight: 400;\">ell\u00e1tott rekeszbe, amelyben az optim\u00e1lis h\u0151m\u00e9rs\u00e9klet k\u00fcl\u00f6n be\u00e1ll\u00edthat\u00f3!<\/span>\r\n\r\n&nbsp;\r\n<h2><b>Melyik \u00e9tel hov\u00e1 ker\u00fclj\u00f6n?\u00a0<\/b><\/h2>\r\n<span style=\"font-weight: 400;\"><img loading=\"lazy\" decoding=\"async\" class=\"size-medium wp-image-9235 alignleft\" src=\"https:\/\/hir.mediamarkt.hu\/magazin\/wp-content\/uploads\/2019\/07\/MediaMarkt_LG_huto02-300x224.png\" alt=\"\" width=\"300\" height=\"224\" srcset=\"https:\/\/hir.mediamarkt.hu\/magazin\/wp-content\/uploads\/2019\/07\/MediaMarkt_LG_huto02-300x224.png 300w, https:\/\/hir.mediamarkt.hu\/magazin\/wp-content\/uploads\/2019\/07\/MediaMarkt_LG_huto02-275x205.png 275w, https:\/\/hir.mediamarkt.hu\/magazin\/wp-content\/uploads\/2019\/07\/MediaMarkt_LG_huto02-768x574.png 768w, https:\/\/hir.mediamarkt.hu\/magazin\/wp-content\/uploads\/2019\/07\/MediaMarkt_LG_huto02-500x375.png 500w, https:\/\/hir.mediamarkt.hu\/magazin\/wp-content\/uploads\/2019\/07\/MediaMarkt_LG_huto02.png 786w\" sizes=\"(max-width: 300px) 100vw, 300px\" \/>\u00c9lelmiszer-biztons\u00e1gi szempontb\u00f3l fontos, hogy a h\u0171t\u0151szekr\u00e9nyben mindent a megfelel\u0151 helyen t\u00e1roljunk. Ennek megfelel\u0151en a h\u00fast \u00e9s a halat az als\u00f3 polcon \u00e9rdemes tartani, ahonnan a h\u00fasl\u00e9 nem cs\u00f6p\u00f6ghet r\u00e1 m\u00e1s \u00e9lelmiszerekre. A tejterm\u00e9keket \u2013 p\u00e9ld\u00e1ul a tejet \u00e9s a sajtokat \u2013a k\u00f6z\u00e9ps\u0151 polcra \u00e9rdemes rakni, mik\u00f6zben a z\u00f6lds\u00e9gek tov\u00e1bb maradnak frissek a h\u0171t\u0151szekr\u00e9ny legmagasabb p\u00e1ratartalm\u00fa rekesz\u00e9ben. Ezzel szemben a gy\u00fcm\u00f6lcs\u00f6knek alacsonyabb p\u00e1ratartalomra van sz\u00fcks\u00e9g\u00fck. \u00c9s ha m\u00e1r p\u00e1ratartalom: az <\/span><b>LG Fresh Balancer technol\u00f3gi\u00e1j\u00e1nak k\u00f6sz\u00f6nhet\u0151en<\/b><span style=\"font-weight: 400;\"> az is egyszer\u0171en szab\u00e1lyozhat\u00f3! A k\u00e9sz\u00e9telek t\u00e1rol\u00e1s\u00e1ra a fels\u0151 polc a legjobb v\u00e1laszt\u00e1s. Ennek egy egyszer\u0171, h\u00e9tk\u00f6znapi el\u0151nye, hogy a kisebb fogyaszt\u00f3k (ld. a folyton \u00e9hes gyerekeink) nem \u00e9rik el a nehezebb, lefedett t\u00e1lakat, t\u00e1rol\u00f3kat, \u00edgy magukra r\u00e1ntani sem tudj\u00e1k az \u00e9telt. V\u00e9g\u00fcl pedig j\u00f6jj\u00f6n a h\u0171t\u0151ajt\u00f3: ennek polcai t\u00f6k\u00e9letesek a sz\u00f3szok &#8211; a ketchup, a majon\u00e9z, a must\u00e1r \u00e9s egy\u00e9b \u00e9tel\u00edzes\u00edt\u0151k &#8211; sz\u00e1m\u00e1ra.\u00a0<\/span>\r\n\r\n&nbsp;\r\n<h2><b>Hogyan t\u00e1roljam az \u00e9telt a h\u0171t\u0151ben?<\/b><\/h2>\r\n<span style=\"font-weight: 400;\">Az m\u00e1r \u00f6nmag\u00e1ba v\u00e9ve j\u00f3 dolog, ha tudjuk, az \u00e9teleket hov\u00e1 kell tenni. De azzal is \u00e9rdemes tiszt\u00e1ban lenni, hogy az \u00e9lelmiszereket hogyan t\u00e1roljuk.<\/span><b> A j\u00f3l rendezett h\u0171t\u0151szekr\u00e9nyben a hideg leveg\u0151 egyenletesebben tud \u00e1ramolni, ez\u00e9rt az \u00e9telek is tov\u00e1bb maradnak frissek.<\/b><span style=\"font-weight: 400;\"> Nem utols\u00f3 sorban pedig jelent\u0151sen megk\u00f6nny\u00edti az \u00e9let\u00fcnket, ha tudjuk, mi hol van. Egy eleg\u00e1ns LG alulfagyaszt\u00f3s h\u0171t\u0151ihez am\u00fagy sem illik a k\u00e1osz&#8230;<\/span>\r\n\r\n<span style=\"font-weight: 400;\">Am\u00edg a z\u00f6lds\u00e9g \u00e9s a gy\u00fcm\u00f6lcs frissen tarthat\u00f3 a z\u00f6lds\u00e9gt\u00e1rol\u00f3 fi\u00f3kban, \u00e9rdemes elgondolkodni azon, hogy a h\u00fast, a halat, a tejterm\u00e9keket \u00e9s ak\u00e1r az \u00e9telmarad\u00e9kokat is \u00e1tl\u00e1tsz\u00f3 t\u00e1rol\u00f3dobozban t\u00e1roljuk. Amikor nagyobb \u00e9teleket vagy ed\u00e9nyeket kell berakni a h\u0171t\u0151be, az <strong>LG NatureFRESH alulfagyaszt\u00f3s h\u0171t\u0151szekr\u00e9nyeinek \u00f6sszecsukhat\u00f3 polca<\/strong> biztos\u00edtja a sz\u00fcks\u00e9ges helyet, amely nem csak felezhet\u0151, de felhajthat\u00f3 is. Az \u00f6trekeszes bort\u00e1rol\u00f3 pedig ugyeb\u00e1r j\u00f3l j\u00f6het egy ny\u00e1ri \u00f6sszej\u00f6vetel szervez\u00e9sekor&#8230;<\/span>\r\n\r\n&nbsp;\r\n<h2><b>Hogyan cs\u00f6kkentsem minim\u00e1lisra az \u00e9lelmiszer-hullad\u00e9kot?<\/b><\/h2>\r\n&nbsp;\r\n\r\n<span style=\"font-weight: 400;\">Egy 2018-as m\u00e9r\u00e9s alapj\u00e1n csak az\u00a0 Eur\u00f3pai Uni\u00f3 \u00e9vente mintegy 88 milli\u00f3 tonna \u00e9lelmiszerhullad\u00e9kot termel, melynek \u00e9rt\u00e9ke megk\u00f6zel\u00edti a 143 milli\u00e1rd eur\u00f3t, azaz a k\u00f6zel 45 milli\u00e1rd forintot. \u00c9s csak az EU! \u00c9s ez m\u00e9g csak a j\u00e9ghegy cs\u00facsa, a Boston Consulting Group (BCG) friss tanulm\u00e1nya szerint ugyanis 2030-ra az \u00e9vente kidobott \u00e9lelmiszer mennyis\u00e9ge el\u00e9rheti a 2,1 milli\u00e1rd tonn\u00e1t. Vagyis m\u00e1sodpercenk\u00e9nt 66 tonna \u00e9tel fog veszend\u0151be menni a j\u00f6v\u0151ben. Ez pedig nem csak \u00f6nmag\u00e1ban a pazarl\u00e1s t\u00e9nye miatt vesz\u00e9lyes. Az ENSZ \u00c9lelmez\u00e9s\u00fcgyi \u00e9s Mez\u0151gazdas\u00e1gi Szervezete szerint ugyanis az \u00e9lelmiszerpazarl\u00e1s \u00e9s az \u00e9telek kidob\u00e1sa miatt ker\u00fcl a l\u00e9gk\u00f6rbe az \u00f6vegh\u00e1zhat\u00e1s\u00fa g\u00e1zok 8%-a! Mindezek &#8211; \u00e9s persze a p\u00e9nzt\u00e1rc\u00e1nk &#8211; f\u00e9ny\u00e9ben nagyon fontos, hogy mikro szinten mindannyian odafigyelj\u00fcnk a t\u00e9m\u00e1ra.\u00a0<\/span>\r\n\r\n<span style=\"font-weight: 400;\">Az els\u0151 \u00e9s legfontosabb, hogy ne v\u00e1s\u00e1roljunk t\u00fal sokat semmib\u0151l. K\u00f6nny\u0171 t\u00falbecs\u00fclni, hogy mennyi \u00e9telre lesz t\u00e9nylegesen sz\u00fcks\u00e9g, m\u00e9gis ezt a probl\u00e9m\u00e1t lehet a legegyszer\u0171bben megoldani. Akci\u00f3 ide vagy oda, musz\u00e1j \u00e1tgondoltan bet\u00e1razni a k\u00e9szleteket. Bev\u00e1s\u00e1rl\u00e1s el\u0151tt mindig \u00e9rdemes ben\u00e9zni a h\u0171t\u0151be, \u00e9s le\u00edrni, mire lesz sz\u00fcks\u00e9g\u00fcnk a k\u00f6vetkez\u0151 h\u00e9ten. Ebben semmi bonyolult nincs, m\u00e9gis rengeteget sz\u00e1m\u00edt!<\/span>\r\n\r\n<span style=\"font-weight: 400;\">Az \u00e9lelmiszer-hullad\u00e9k minim\u00e1lisra cs\u00f6kkent\u00e9se ann\u00e1l hat\u00e9konyabb lehet, min\u00e9l el\u0151bb h\u0171t\u0151be tessz\u00fck az \u00e9teleket. Az<\/span><b> expressz h\u0171t\u00e9si funkci\u00f3va<\/b><span style=\"font-weight: 400;\">l a gyors \u00e9s er\u0151s l\u00e9g\u00e1raml\u00e1s azonnal leh\u0171ti az \u00fajonnan hozz\u00e1adott \u00e9teleket. Az <\/span><b>LG Smart ThinQ alkalmaz\u00e1s\u00e1val<\/b><span style=\"font-weight: 400;\"> ezt a funkci\u00f3t okostelefonunk seg\u00edts\u00e9g\u00e9vel ak\u00e1r m\u00e1r az \u00fczletb\u0151l hazafel\u00e9 tartva is bekapcsolhatjuk wifi funkci\u00f3s LG alulfagyaszt\u00f3s h\u0171t\u0151nk\u00f6n, el\u0151re felk\u00e9sz\u00edtve a k\u00e9sz\u00fcl\u00e9ket az \u00faj \u00e9telek \u00e9rkez\u00e9s\u00e9re.<\/span>\r\n\r\n&nbsp;\r\n<h2><b>\u00c9s egy kis borzong\u00e1s: Hogyan t\u00e1roljam az \u00e9telt a fagyaszt\u00f3ban?<\/b><\/h2>\r\n<span style=\"font-weight: 400;\"><img loading=\"lazy\" decoding=\"async\" class=\"size-medium wp-image-9237 alignleft\" src=\"https:\/\/hir.mediamarkt.hu\/magazin\/wp-content\/uploads\/2019\/07\/MediaMarkt_LG_huto03-300x199.jpg\" alt=\"\" width=\"300\" height=\"199\" srcset=\"https:\/\/hir.mediamarkt.hu\/magazin\/wp-content\/uploads\/2019\/07\/MediaMarkt_LG_huto03-300x199.jpg 300w, https:\/\/hir.mediamarkt.hu\/magazin\/wp-content\/uploads\/2019\/07\/MediaMarkt_LG_huto03-275x182.jpg 275w, https:\/\/hir.mediamarkt.hu\/magazin\/wp-content\/uploads\/2019\/07\/MediaMarkt_LG_huto03.jpg 540w\" sizes=\"(max-width: 300px) 100vw, 300px\" \/>Igazi r\u00e9m\u00e1lomm\u00e1 v\u00e1lhat, amikor a telepakolt fagyaszt\u00f3fi\u00f3kban keres\u00fcnk valamit. Mik\u00f6zben az is bosszant\u00f3, amikor mindent ki-, majd vissza kell pakolni, miut\u00e1n megtal\u00e1ltuk a keresett dolgot. Ahogy a h\u0171t\u0151 r\u00e9szben, \u00fagy a fagyaszt\u00f3ban is a rend jelenti a probl\u00e9ma megold\u00e1s\u00e1t. C\u00edmk\u00e9z\u00e9s, sziszt\u00e9ma (balra a sz\u00e1rnyas, jobbra a lecs\u00f3), \u00e1tl\u00e1tsz\u00f3 t\u00e1rol\u00f3k: mind-mind hasznosak a rendszerez\u00e9sben \u00e9s t\u00e1rol\u00e1sban. Ugye milyen egyszer\u0171 a k\u00e9nyelmes, m\u00e9gis eg\u00e9szs\u00e9ges \u00e9s tudatos \u00e9let? Hi\u00e1ba: &#8222;<\/span><span style=\"font-weight: 400;\">Life&#8217;s Good!&#8221;, az \u00e9let bizony j\u00f3!<\/span>\r\n\r\n&nbsp;\r\n\r\n&nbsp;\r\n\r\n&nbsp;\r\n<h2><strong>Kapcsol\u00f3d\u00f3 MediaMarkt term\u00e9kek:\u00a0<\/strong><\/h2>\r\n<a href=\"https:\/\/www.mediamarkt.hu\/catentry\/1294118\">LG GBB61PZJZN No Frost kombin\u00e1lt h\u0171t\u0151szekr\u00e9ny<\/a>, 159 899 Ft\r\n\r\n<a href=\"https:\/\/www.mediamarkt.hu\/catentry\/1294119\">LG GBB61SWJZN No Frost kombin\u00e1lt h\u0171t\u0151szekr\u00e9ny<\/a>, 139 416 Ft\r\n\r\n<a href=\"https:\/\/www.mediamarkt.hu\/catentry\/1294116\">LG GBB62PZGFN No Frost kombin\u00e1lt h\u0171t\u0151szekr\u00e9ny<\/a>, 178 739 Ft\r\n\r\n<a href=\"https:\/\/www.mediamarkt.hu\/catentry\/1294114\">LG GBB71PZDFN No Frost kombin\u00e1lt h\u0171t\u0151szekr\u00e9ny<\/a>, 184 999 Ft\r\n\r\n<a href=\"https:\/\/www.mediamarkt.hu\/catentry\/1294109\">LG GBB72SADFN No Frost kombin\u00e1lt h\u0171t\u0151szekr\u00e9ny<\/a>, 231 999 Ft\r\n\r\n<a href=\"https:\/\/www.mediamarkt.hu\/catentry\/1294117\">LG GBF61PZJZN No Frost kombin\u00e1lt h\u0171t\u0151szekr\u00e9ny<\/a>, 179 899 Ft\r\n\r\n&nbsp;\r\n\r\n&nbsp;","protected":false},"excerpt":{"rendered":"Frissess\u00e9g d\u00f6mping \u00e9s lehengerl\u0151 vide\u00f3k: meg\u00e9rkeztek az \u00faj LG alulfagyaszt\u00f3s h\u0171t\u0151k! Az LG h\u0171t\u0151g\u00e9pek \u00faj kor\u00e1hoz vadonat\u00faj szpotok \u00e9s roppan\u00f3s rekl\u00e1mok is duk\u00e1lnak. Bemutatjuk a ny\u00e1r \u201clegh\u0171sebb\u201d \u00e9s legvonz\u00f3bb term\u00e9k\u00e9t, amelyhez az LG sok hasznos inform\u00e1ci\u00f3val is k\u00e9sz\u00fclt!\u00a0","protected":false},"author":13,"featured_media":9328,"comment_status":"open","ping_status":"open","sticky":false,"template":"","format":"standard","meta":{"wprm-recipe-roundup-name":"","wprm-recipe-roundup-description":"","footnotes":""},"categories":[5976,5967],"tags":[655,3490,162,205,3498,3493,3331,3495,2099,3329,2100,1068,298,3496,3491,3497,3494,2127,2173,3492,470,3499,1662],"yoast_head":"<!-- This site is optimized with the Yoast SEO plugin v22.9 - https:\/\/yoast.com\/wordpress\/plugins\/seo\/ -->\n<title>Az \u00e9rz\u00e9keinkkel j\u00e1tszik az LG az \u00faj alulfagyaszt\u00f3s h\u0171t\u0151i seg\u00edts\u00e9g\u00e9vel! - MediaMarkt Magazin<\/title>\n<meta name=\"robots\" content=\"index, follow, max-snippet:-1, max-image-preview:large, max-video-preview:-1\" \/>\n<link rel=\"canonical\" href=\"https:\/\/hir.mediamarkt.hu\/magazin\/lg-uj-alulfagyasztos-huto-media-markt-tipp\/\" \/>\n<meta property=\"og:locale\" content=\"hu_HU\" \/>\n<meta property=\"og:type\" content=\"article\" \/>\n<meta property=\"og:title\" content=\"Az \u00e9rz\u00e9keinkkel j\u00e1tszik az LG az \u00faj alulfagyaszt\u00f3s h\u0171t\u0151i seg\u00edts\u00e9g\u00e9vel! - MediaMarkt Magazin\" \/>\n<meta property=\"og:description\" content=\"Frissess\u00e9g d\u00f6mping \u00e9s lehengerl\u0151 vide\u00f3k: meg\u00e9rkeztek az \u00faj LG alulfagyaszt\u00f3s h\u0171t\u0151k! Az LG h\u0171t\u0151g\u00e9pek \u00faj kor\u00e1hoz vadonat\u00faj szpotok \u00e9s roppan\u00f3s rekl\u00e1mok is duk\u00e1lnak. Bemutatjuk a ny\u00e1r \u201clegh\u0171sebb\u201d \u00e9s legvonz\u00f3bb term\u00e9k\u00e9t, amelyhez az LG sok hasznos inform\u00e1ci\u00f3val is k\u00e9sz\u00fclt!\u00a0\" \/>\n<meta property=\"og:url\" content=\"https:\/\/hir.mediamarkt.hu\/magazin\/lg-uj-alulfagyasztos-huto-media-markt-tipp\/\" \/>\n<meta property=\"og:site_name\" content=\"MediaMarkt Magazin\" \/>\n<meta property=\"article:publisher\" content=\"https:\/\/www.facebook.com\/MediaMarktMagyarorszag\" \/>\n<meta property=\"article:published_time\" content=\"2019-07-25T10:45:16+00:00\" \/>\n<meta property=\"article:modified_time\" content=\"2019-08-05T09:58:51+00:00\" \/>\n<meta property=\"og:image\" content=\"https:\/\/hir.mediamarkt.hu\/magazin\/wp-content\/uploads\/2019\/07\/Media-Mart-tippek-\u00e9s-tr\u00fckk\u00f6k-LG-h\u0171t\u0151.png\" \/>\n\t<meta property=\"og:image:width\" content=\"1365\" \/>\n\t<meta property=\"og:image:height\" content=\"825\" \/>\n\t<meta property=\"og:image:type\" content=\"image\/png\" \/>\n<meta name=\"author\" content=\"Media Markt\" \/>\n<meta name=\"twitter:label1\" content=\"Szerz\u0151:\" \/>\n\t<meta name=\"twitter:data1\" content=\"Media Markt\" \/>\n\t<meta name=\"twitter:label2\" content=\"Becs\u00fclt olvas\u00e1si id\u0151\" \/>\n\t<meta name=\"twitter:data2\" content=\"12 perc\" \/>\n<script type=\"application\/ld+json\" class=\"yoast-schema-graph\">{\"@context\":\"https:\/\/schema.org\",\"@graph\":[{\"@type\":\"WebPage\",\"@id\":\"https:\/\/hir.mediamarkt.hu\/magazin\/lg-uj-alulfagyasztos-huto-media-markt-tipp\/\",\"url\":\"https:\/\/hir.mediamarkt.hu\/magazin\/lg-uj-alulfagyasztos-huto-media-markt-tipp\/\",\"name\":\"Az \u00e9rz\u00e9keinkkel j\u00e1tszik az LG az \u00faj alulfagyaszt\u00f3s h\u0171t\u0151i seg\u00edts\u00e9g\u00e9vel! - MediaMarkt Magazin\",\"isPartOf\":{\"@id\":\"https:\/\/hir.mediamarkt.hu\/magazin\/#website\"},\"primaryImageOfPage\":{\"@id\":\"https:\/\/hir.mediamarkt.hu\/magazin\/lg-uj-alulfagyasztos-huto-media-markt-tipp\/#primaryimage\"},\"image\":{\"@id\":\"https:\/\/hir.mediamarkt.hu\/magazin\/lg-uj-alulfagyasztos-huto-media-markt-tipp\/#primaryimage\"},\"thumbnailUrl\":\"https:\/\/hir.mediamarkt.hu\/magazin\/wp-content\/uploads\/2019\/07\/Media-Mart-tippek-\u00e9s-tr\u00fckk\u00f6k-LG-h\u0171t\u0151.png\",\"datePublished\":\"2019-07-25T10:45:16+00:00\",\"dateModified\":\"2019-08-05T09:58:51+00:00\",\"author\":{\"@id\":\"https:\/\/hir.mediamarkt.hu\/magazin\/#\/schema\/person\/b93b02ec1ab4d2353f8d281e171c1b0b\"},\"breadcrumb\":{\"@id\":\"https:\/\/hir.mediamarkt.hu\/magazin\/lg-uj-alulfagyasztos-huto-media-markt-tipp\/#breadcrumb\"},\"inLanguage\":\"hu\",\"potentialAction\":[{\"@type\":\"ReadAction\",\"target\":[\"https:\/\/hir.mediamarkt.hu\/magazin\/lg-uj-alulfagyasztos-huto-media-markt-tipp\/\"]}]},{\"@type\":\"ImageObject\",\"inLanguage\":\"hu\",\"@id\":\"https:\/\/hir.mediamarkt.hu\/magazin\/lg-uj-alulfagyasztos-huto-media-markt-tipp\/#primaryimage\",\"url\":\"https:\/\/hir.mediamarkt.hu\/magazin\/wp-content\/uploads\/2019\/07\/Media-Mart-tippek-\u00e9s-tr\u00fckk\u00f6k-LG-h\u0171t\u0151.png\",\"contentUrl\":\"https:\/\/hir.mediamarkt.hu\/magazin\/wp-content\/uploads\/2019\/07\/Media-Mart-tippek-\u00e9s-tr\u00fckk\u00f6k-LG-h\u0171t\u0151.png\",\"width\":1365,\"height\":825},{\"@type\":\"BreadcrumbList\",\"@id\":\"https:\/\/hir.mediamarkt.hu\/magazin\/lg-uj-alulfagyasztos-huto-media-markt-tipp\/#breadcrumb\",\"itemListElement\":[{\"@type\":\"ListItem\",\"position\":1,\"name\":\"Kezd\u0151lap\",\"item\":\"https:\/\/hir.mediamarkt.hu\/magazin\/\"},{\"@type\":\"ListItem\",\"position\":2,\"name\":\"Az \u00e9rz\u00e9keinkkel j\u00e1tszik az LG az \u00faj alulfagyaszt\u00f3s h\u0171t\u0151i seg\u00edts\u00e9g\u00e9vel!\"}]},{\"@type\":\"WebSite\",\"@id\":\"https:\/\/hir.mediamarkt.hu\/magazin\/#website\",\"url\":\"https:\/\/hir.mediamarkt.hu\/magazin\/\",\"name\":\"MediaMarkt Magazin\",\"description\":\"Olvass bele magazinunkba!\",\"potentialAction\":[{\"@type\":\"SearchAction\",\"target\":{\"@type\":\"EntryPoint\",\"urlTemplate\":\"https:\/\/hir.mediamarkt.hu\/magazin\/?s={search_term_string}\"},\"query-input\":\"required name=search_term_string\"}],\"inLanguage\":\"hu\"},{\"@type\":\"Person\",\"@id\":\"https:\/\/hir.mediamarkt.hu\/magazin\/#\/schema\/person\/b93b02ec1ab4d2353f8d281e171c1b0b\",\"name\":\"Media Markt\",\"image\":{\"@type\":\"ImageObject\",\"inLanguage\":\"hu\",\"@id\":\"https:\/\/hir.mediamarkt.hu\/magazin\/#\/schema\/person\/image\/\",\"url\":\"https:\/\/secure.gravatar.com\/avatar\/602bccae8998beee472d01909f0978f1?s=96&d=mm&r=g\",\"contentUrl\":\"https:\/\/secure.gravatar.com\/avatar\/602bccae8998beee472d01909f0978f1?s=96&d=mm&r=g\",\"caption\":\"Media Markt\"}}]}<\/script>\n<!-- \/ Yoast SEO plugin. -->","yoast_head_json":{"title":"Az \u00e9rz\u00e9keinkkel j\u00e1tszik az LG az \u00faj alulfagyaszt\u00f3s h\u0171t\u0151i seg\u00edts\u00e9g\u00e9vel! - MediaMarkt Magazin","robots":{"index":"index","follow":"follow","max-snippet":"max-snippet:-1","max-image-preview":"max-image-preview:large","max-video-preview":"max-video-preview:-1"},"canonical":"https:\/\/hir.mediamarkt.hu\/magazin\/lg-uj-alulfagyasztos-huto-media-markt-tipp\/","og_locale":"hu_HU","og_type":"article","og_title":"Az \u00e9rz\u00e9keinkkel j\u00e1tszik az LG az \u00faj alulfagyaszt\u00f3s h\u0171t\u0151i seg\u00edts\u00e9g\u00e9vel! - MediaMarkt Magazin","og_description":"Frissess\u00e9g d\u00f6mping \u00e9s lehengerl\u0151 vide\u00f3k: meg\u00e9rkeztek az \u00faj LG alulfagyaszt\u00f3s h\u0171t\u0151k! Az LG h\u0171t\u0151g\u00e9pek \u00faj kor\u00e1hoz vadonat\u00faj szpotok \u00e9s roppan\u00f3s rekl\u00e1mok is duk\u00e1lnak. Bemutatjuk a ny\u00e1r \u201clegh\u0171sebb\u201d \u00e9s legvonz\u00f3bb term\u00e9k\u00e9t, amelyhez az LG sok hasznos inform\u00e1ci\u00f3val is k\u00e9sz\u00fclt!\u00a0","og_url":"https:\/\/hir.mediamarkt.hu\/magazin\/lg-uj-alulfagyasztos-huto-media-markt-tipp\/","og_site_name":"MediaMarkt Magazin","article_publisher":"https:\/\/www.facebook.com\/MediaMarktMagyarorszag","article_published_time":"2019-07-25T10:45:16+00:00","article_modified_time":"2019-08-05T09:58:51+00:00","og_image":[{"width":1365,"height":825,"url":"https:\/\/hir.mediamarkt.hu\/magazin\/wp-content\/uploads\/2019\/07\/Media-Mart-tippek-\u00e9s-tr\u00fckk\u00f6k-LG-h\u0171t\u0151.png","type":"image\/png"}],"author":"Media Markt","twitter_misc":{"Szerz\u0151:":"Media Markt","Becs\u00fclt olvas\u00e1si id\u0151":"12 perc"},"schema":{"@context":"https:\/\/schema.org","@graph":[{"@type":"WebPage","@id":"https:\/\/hir.mediamarkt.hu\/magazin\/lg-uj-alulfagyasztos-huto-media-markt-tipp\/","url":"https:\/\/hir.mediamarkt.hu\/magazin\/lg-uj-alulfagyasztos-huto-media-markt-tipp\/","name":"Az \u00e9rz\u00e9keinkkel j\u00e1tszik az LG az \u00faj alulfagyaszt\u00f3s h\u0171t\u0151i seg\u00edts\u00e9g\u00e9vel! - MediaMarkt Magazin","isPartOf":{"@id":"https:\/\/hir.mediamarkt.hu\/magazin\/#website"},"primaryImageOfPage":{"@id":"https:\/\/hir.mediamarkt.hu\/magazin\/lg-uj-alulfagyasztos-huto-media-markt-tipp\/#primaryimage"},"image":{"@id":"https:\/\/hir.mediamarkt.hu\/magazin\/lg-uj-alulfagyasztos-huto-media-markt-tipp\/#primaryimage"},"thumbnailUrl":"https:\/\/hir.mediamarkt.hu\/magazin\/wp-content\/uploads\/2019\/07\/Media-Mart-tippek-\u00e9s-tr\u00fckk\u00f6k-LG-h\u0171t\u0151.png","datePublished":"2019-07-25T10:45:16+00:00","dateModified":"2019-08-05T09:58:51+00:00","author":{"@id":"https:\/\/hir.mediamarkt.hu\/magazin\/#\/schema\/person\/b93b02ec1ab4d2353f8d281e171c1b0b"},"breadcrumb":{"@id":"https:\/\/hir.mediamarkt.hu\/magazin\/lg-uj-alulfagyasztos-huto-media-markt-tipp\/#breadcrumb"},"inLanguage":"hu","potentialAction":[{"@type":"ReadAction","target":["https:\/\/hir.mediamarkt.hu\/magazin\/lg-uj-alulfagyasztos-huto-media-markt-tipp\/"]}]},{"@type":"ImageObject","inLanguage":"hu","@id":"https:\/\/hir.mediamarkt.hu\/magazin\/lg-uj-alulfagyasztos-huto-media-markt-tipp\/#primaryimage","url":"https:\/\/hir.mediamarkt.hu\/magazin\/wp-content\/uploads\/2019\/07\/Media-Mart-tippek-\u00e9s-tr\u00fckk\u00f6k-LG-h\u0171t\u0151.png","contentUrl":"https:\/\/hir.mediamarkt.hu\/magazin\/wp-content\/uploads\/2019\/07\/Media-Mart-tippek-\u00e9s-tr\u00fckk\u00f6k-LG-h\u0171t\u0151.png","width":1365,"height":825},{"@type":"BreadcrumbList","@id":"https:\/\/hir.mediamarkt.hu\/magazin\/lg-uj-alulfagyasztos-huto-media-markt-tipp\/#breadcrumb","itemListElement":[{"@type":"ListItem","position":1,"name":"Kezd\u0151lap","item":"https:\/\/hir.mediamarkt.hu\/magazin\/"},{"@type":"ListItem","position":2,"name":"Az \u00e9rz\u00e9keinkkel j\u00e1tszik az LG az \u00faj alulfagyaszt\u00f3s h\u0171t\u0151i seg\u00edts\u00e9g\u00e9vel!"}]},{"@type":"WebSite","@id":"https:\/\/hir.mediamarkt.hu\/magazin\/#website","url":"https:\/\/hir.mediamarkt.hu\/magazin\/","name":"MediaMarkt Magazin","description":"Olvass bele magazinunkba!","potentialAction":[{"@type":"SearchAction","target":{"@type":"EntryPoint","urlTemplate":"https:\/\/hir.mediamarkt.hu\/magazin\/?s={search_term_string}"},"query-input":"required name=search_term_string"}],"inLanguage":"hu"},{"@type":"Person","@id":"https:\/\/hir.mediamarkt.hu\/magazin\/#\/schema\/person\/b93b02ec1ab4d2353f8d281e171c1b0b","name":"Media Markt","image":{"@type":"ImageObject","inLanguage":"hu","@id":"https:\/\/hir.mediamarkt.hu\/magazin\/#\/schema\/person\/image\/","url":"https:\/\/secure.gravatar.com\/avatar\/602bccae8998beee472d01909f0978f1?s=96&d=mm&r=g","contentUrl":"https:\/\/secure.gravatar.com\/avatar\/602bccae8998beee472d01909f0978f1?s=96&d=mm&r=g","caption":"Media Markt"}}]}},"_links":{"self":[{"href":"https:\/\/hir.mediamarkt.hu\/magazin\/wp-json\/wp\/v2\/posts\/9229"}],"collection":[{"href":"https:\/\/hir.mediamarkt.hu\/magazin\/wp-json\/wp\/v2\/posts"}],"about":[{"href":"https:\/\/hir.mediamarkt.hu\/magazin\/wp-json\/wp\/v2\/types\/post"}],"author":[{"embeddable":true,"href":"https:\/\/hir.mediamarkt.hu\/magazin\/wp-json\/wp\/v2\/users\/13"}],"replies":[{"embeddable":true,"href":"https:\/\/hir.mediamarkt.hu\/magazin\/wp-json\/wp\/v2\/comments?post=9229"}],"version-history":[{"count":2,"href":"https:\/\/hir.mediamarkt.hu\/magazin\/wp-json\/wp\/v2\/posts\/9229\/revisions"}],"predecessor-version":[{"id":9329,"href":"https:\/\/hir.mediamarkt.hu\/magazin\/wp-json\/wp\/v2\/posts\/9229\/revisions\/9329"}],"wp:featuredmedia":[{"embeddable":true,"href":"https:\/\/hir.mediamarkt.hu\/magazin\/wp-json\/wp\/v2\/media\/9328"}],"wp:attachment":[{"href":"https:\/\/hir.mediamarkt.hu\/magazin\/wp-json\/wp\/v2\/media?parent=9229"}],"wp:term":[{"taxonomy":"category","embeddable":true,"href":"https:\/\/hir.mediamarkt.hu\/magazin\/wp-json\/wp\/v2\/categories?post=9229"},{"taxonomy":"post_tag","embeddable":true,"href":"https:\/\/hir.mediamarkt.hu\/magazin\/wp-json\/wp\/v2\/tags?post=9229"}],"curies":[{"name":"wp","href":"https:\/\/api.w.org\/{rel}","templated":true}]}}