{"id":9249,"date":"2019-07-30T13:22:11","date_gmt":"2019-07-30T12:22:11","guid":{"rendered":"http:\/\/hir.mediamarkt.hu\/magazin\/?p=9249"},"modified":"2019-07-30T13:22:11","modified_gmt":"2019-07-30T12:22:11","slug":"igy-bulizz-a-parton-vagy-a-kadban-a-mediamarkt-vizallo-termekeivel","status":"publish","type":"post","link":"https:\/\/hir.mediamarkt.hu\/magazin\/igy-bulizz-a-parton-vagy-a-kadban-a-mediamarkt-vizallo-termekeivel\/","title":{"rendered":"\u00cdgy bulizz a parton vagy a k\u00e1dban a MediaMarkt v\u00edz\u00e1ll\u00f3 term\u00e9keivel!"},"content":{"rendered":"<b>Hangfalak, f\u00fclesek, kamer\u00e1k: \u00f6sszeszedt\u00fcnk mindent, amire egy akt\u00edv ny\u00e1ri id\u0151szakban m\u00e9g mindig sz\u00fcks\u00e9ged lehet! \u00c9s ha be\u00e1ll a t\u00e9l, az sem probl\u00e9ma, hiszen Magyarorsz\u00e1g h\u00e9v\u00edz nagyhatalom. Emellett a buli a f\u00fcrd\u0151szob\u00e1dban is b\u00e1rmikor folytat\u00f3dhat.Egy a jelsz\u00f3: tart\u00f3s v\u00edz\u00e1ll\u00f3 r\u00e9teg, na \u00e9s b\u00e9ke!<\/b><!--more-->\r\n\r\n&nbsp;\r\n<h2><b>Fot\u00f3zz, filmezz, alkoss!<\/b><\/h2>\r\n&nbsp;\r\n\r\n<span style=\"font-weight: 400\"><img loading=\"lazy\" decoding=\"async\" class=\"size-medium wp-image-9250 alignleft\" src=\"https:\/\/hir.mediamarkt.hu\/magazin\/wp-content\/uploads\/2019\/07\/MediaMarkt_vizallo_12b-300x225.jpeg\" alt=\"\" width=\"300\" height=\"225\" srcset=\"https:\/\/hir.mediamarkt.hu\/magazin\/wp-content\/uploads\/2019\/07\/MediaMarkt_vizallo_12b-300x225.jpeg 300w, https:\/\/hir.mediamarkt.hu\/magazin\/wp-content\/uploads\/2019\/07\/MediaMarkt_vizallo_12b-275x206.jpeg 275w, https:\/\/hir.mediamarkt.hu\/magazin\/wp-content\/uploads\/2019\/07\/MediaMarkt_vizallo_12b-768x576.jpeg 768w, https:\/\/hir.mediamarkt.hu\/magazin\/wp-content\/uploads\/2019\/07\/MediaMarkt_vizallo_12b-1024x768.jpeg 1024w, https:\/\/hir.mediamarkt.hu\/magazin\/wp-content\/uploads\/2019\/07\/MediaMarkt_vizallo_12b-500x375.jpeg 500w, https:\/\/hir.mediamarkt.hu\/magazin\/wp-content\/uploads\/2019\/07\/MediaMarkt_vizallo_12b.jpeg 1440w\" sizes=\"(max-width: 300px) 100vw, 300px\" \/>Ne mindent \u00e9s mindig, de mindazt, ami \u00e9rt\u00e9k \u00e9s izgalmas. Hidd el, az \u00e9let \u00fagyis sz\u00e9p, ha nem \u00f6r\u00f6k\u00edted meg az \u00f6sszes k\u00e1v\u00e9d \u00e9s eb\u00e9ded, ha nem cs\u00fccs\u00f6r\u00edtesz \u00e9s pucs\u00edtasz folyton. De mozg\u00f3k\u00e9p \u00e9s fot\u00f3 k\u00e9sz\u00edt\u00e9s nem is err\u0151l sz\u00f3l. Az \u201celkapott\u201d pillanat l\u00e9nyege az izgalmas, egyszeri \u00e9s megism\u00e9telhetetlen momentum. Legy\u00e9l egyedi \u00e9s t\u0171nj ki a t\u00f6megb\u0151l azzal, amid csak neked van: az \u00f6n\u00e1ll\u00f3 gondolataiddal \u00e9s \u00e9lethelyzeteiddel! Amat\u0151r vagy profi, a l\u00e9nyeg az \u00e9les szem, a vizualit\u00e1sra val\u00f3 \u00e9rz\u00e9kenys\u00e9g. Haszn\u00e1ld ki, hogy egy olyan korban \u00e9l\u00fcnk, amikor a k\u00e9palkot\u00e1s m\u00e1r szinte b\u00e1rki sz\u00e1m\u00e1ra el\u00e9rhet\u0151. R\u00e1ad\u00e1sul a v\u00edz sem akad\u00e1ly. Mer\u00fclj le a tavak, foly\u00f3k, tengerek hull\u00e1mai al\u00e1, vagy csak \u00e1llj meg az egyre divatosabb monszun es\u0151k k\u00f6zep\u00e9n \u00e9s hozz l\u00e9tre valami izgalmasat! Ne csak kattints, alkoss! Ak\u00e1r k\u00e9t vagy n\u00e9gy ker\u00e9ken, ak\u00e1r gyalogosan, \u00e9lvezd ki, hogy 2019-ben a korl\u00e1taid ak\u00e1r kisebb \u00f6sszegek befektet\u00e9se mellett is szinte semmiv\u00e9 foszlanak. V\u00edz\u00e1ll\u00f3 sportkamer\u00e1val ez a ny\u00e1r nem csak eml\u00e9kezetesebb, de m\u0171v\u00e9szibb is lesz!<\/span>\r\n\r\n&nbsp;\r\n<h2><b>Sportolj akt\u00edvan, de v\u00edz\u00e1ll\u00f3an!<\/b><\/h2>\r\n&nbsp;\r\n\r\n<span style=\"font-weight: 400\"><img loading=\"lazy\" decoding=\"async\" class=\"size-medium wp-image-9253 alignleft\" src=\"https:\/\/hir.mediamarkt.hu\/magazin\/wp-content\/uploads\/2019\/07\/MediaMarkt_vizallo_13-300x169.jpeg\" alt=\"\" width=\"300\" height=\"169\" srcset=\"https:\/\/hir.mediamarkt.hu\/magazin\/wp-content\/uploads\/2019\/07\/MediaMarkt_vizallo_13-300x169.jpeg 300w, https:\/\/hir.mediamarkt.hu\/magazin\/wp-content\/uploads\/2019\/07\/MediaMarkt_vizallo_13-275x155.jpeg 275w, https:\/\/hir.mediamarkt.hu\/magazin\/wp-content\/uploads\/2019\/07\/MediaMarkt_vizallo_13-768x432.jpeg 768w, https:\/\/hir.mediamarkt.hu\/magazin\/wp-content\/uploads\/2019\/07\/MediaMarkt_vizallo_13-1024x576.jpeg 1024w, https:\/\/hir.mediamarkt.hu\/magazin\/wp-content\/uploads\/2019\/07\/MediaMarkt_vizallo_13-480x270.jpeg 480w, https:\/\/hir.mediamarkt.hu\/magazin\/wp-content\/uploads\/2019\/07\/MediaMarkt_vizallo_13.jpeg 1440w\" sizes=\"(max-width: 300px) 100vw, 300px\" \/>B\u00e1r ny\u00e1ron eleve akt\u00edvabbak vagyunk, \u00e9rdemes odafigyelni a sportoss\u00e1gra is. Legyen sz\u00f3 fut\u00e1sr\u00f3l, ker\u00e9kp\u00e1roz\u00e1sr\u00f3l, t\u00far\u00e1z\u00e1sr\u00f3l, vitorl\u00e1z\u00e1sr\u00f3l, sokan szeret\u00fcnk k\u00fcty\u00fckkel felszerelkezve \u00fatrakelni. Keresd a MediaMarkt v\u00edz\u00e1ll\u00f3 fej- \u00e9s f\u00fclhallgat\u00f3it, a minden k\u00f6r\u00fclm\u00e9nyek k\u00f6z\u00f6tt kitart\u00f3 fitnes<\/span><span style=\"font-weight: 400\">z \u00f3r\u00e1kat \u00e9s GPS eszk\u00f6z\u00f6ket, \u00e9s persze a legmen\u0151bb mp3 lej\u00e1tsz\u00f3kat, amelyekkel ak\u00e1r \u00faszhatsz is! B\u00e1rmit is v\u00e1lasztasz, k\u00e9r\u00fcnk, mindig figyelj a biztons\u00e1gra, hiszen a zene elvonhatja a figyelmed arr\u00f3l, amit csin\u00e1lsz!\u00a0<\/span>\r\n\r\n&nbsp;\r\n<h2><\/h2>\r\n<h2><\/h2>\r\n<h2><b>Zene, zene \u00e9s zene<\/b><\/h2>\r\n&nbsp;\r\n\r\n<span style=\"font-weight: 400\"><img loading=\"lazy\" decoding=\"async\" class=\"size-medium wp-image-9252 alignleft\" src=\"https:\/\/hir.mediamarkt.hu\/magazin\/wp-content\/uploads\/2019\/07\/MediaMarkt_vizallo_04-300x224.png\" alt=\"\" width=\"300\" height=\"224\" srcset=\"https:\/\/hir.mediamarkt.hu\/magazin\/wp-content\/uploads\/2019\/07\/MediaMarkt_vizallo_04-300x224.png 300w, https:\/\/hir.mediamarkt.hu\/magazin\/wp-content\/uploads\/2019\/07\/MediaMarkt_vizallo_04-275x205.png 275w, https:\/\/hir.mediamarkt.hu\/magazin\/wp-content\/uploads\/2019\/07\/MediaMarkt_vizallo_04-768x574.png 768w, https:\/\/hir.mediamarkt.hu\/magazin\/wp-content\/uploads\/2019\/07\/MediaMarkt_vizallo_04-500x375.png 500w, https:\/\/hir.mediamarkt.hu\/magazin\/wp-content\/uploads\/2019\/07\/MediaMarkt_vizallo_04.png 786w\" sizes=\"(max-width: 300px) 100vw, 300px\" \/>A v\u00edz\u00e1ll\u00f3 Bluetooth hangfalakkal b\u00e1rhol \u00e9lvezheted a kedvenc el\u0151ad\u00f3idat. A k\u00e9rd\u00e9s persze, m\u00e1sok is akkora rajong\u00f3k-e, mint te. A hordozhat\u00f3 hangfalakb\u00f3l j\u00f3 min\u0151s\u00e9gben \u00e1raml\u00f3 zene nem csak t\u00e9ged \u00e9rint. Csapasd a kedvenceidet \u00fagy, hogy ne zavarj m\u00e1sokat. Esti s\u00fct\u00f6get\u00e9s a j\u00f3l izol\u00e1lt kertben, egy kihalt kemping az Alf\u00f6ld k\u00f6zep\u00e9n, gyertyaf\u00e9nyes f\u00fcrd\u0151z\u00e9s a k\u00e1dban (szerencs\u00e9s esetben m\u00e1sodmagaddal): csillagos \u00f6t\u00f6s! Nem kell f\u00e9lned, mi lesz, ha elered az es\u0151, ha megborul a fr\u00f6ccs vagy beesik a hangfal a f\u00fcrd\u0151v\u00edzbe. Csak d\u0151lj h\u00e1tra \u00e9s \u00e9lvezd a k\u00fcty\u00fck szabads\u00e1g\u00e1t! \u00c9s ha m\u00e9gis sz\u00f3l a szomsz\u00e9d, \u00e1llj \u00e1t \u201csilent disco\u201d \u00fczemm\u00f3dra. Elv\u00e9gre annak is megvan a maga b\u00e1ja!<\/span>\r\n\r\n&nbsp;\r\n<h2><\/h2>\r\n<h2><\/h2>\r\n<h2><b>Minden egy\u00e9b: a v\u00edz\u00e1ll\u00f3 kieg\u00e9sz\u00edt\u0151k nagy d\u00f6mpingje!<\/b><\/h2>\r\n&nbsp;\r\n\r\n<span style=\"font-weight: 400\"><img loading=\"lazy\" decoding=\"async\" class=\"size-medium wp-image-9254 alignleft\" src=\"https:\/\/hir.mediamarkt.hu\/magazin\/wp-content\/uploads\/2019\/07\/MediaMarkt_vizallo_12-200x300.jpeg\" alt=\"\" width=\"200\" height=\"300\" srcset=\"https:\/\/hir.mediamarkt.hu\/magazin\/wp-content\/uploads\/2019\/07\/MediaMarkt_vizallo_12-200x300.jpeg 200w, https:\/\/hir.mediamarkt.hu\/magazin\/wp-content\/uploads\/2019\/07\/MediaMarkt_vizallo_12-275x412.jpeg 275w, https:\/\/hir.mediamarkt.hu\/magazin\/wp-content\/uploads\/2019\/07\/MediaMarkt_vizallo_12-768x1152.jpeg 768w, https:\/\/hir.mediamarkt.hu\/magazin\/wp-content\/uploads\/2019\/07\/MediaMarkt_vizallo_12-683x1024.jpeg 683w, https:\/\/hir.mediamarkt.hu\/magazin\/wp-content\/uploads\/2019\/07\/MediaMarkt_vizallo_12.jpeg 867w\" sizes=\"(max-width: 200px) 100vw, 200px\" \/>Tem\u00e9rdek v\u00edz\u00e1ll\u00f3 h\u00e1tizs\u00e1kkal v\u00e1r a MediaMarkt, amelyeket b\u00e1rki tele pakolhatja tov\u00e1bbi cseppmentess\u00e9get biztos\u00edt\u00f3 term\u00e9kekkel. Ha szeretsz olvasni, a v\u00edz\u00e1ll\u00f3 e-book term\u00e9kek biztos, hogy nem hi\u00e1nyozhatnak a zsebedb\u0151l. Mit neked ny\u00e1ri z\u00e1por, a szavak \u00edgy is \u201citatj\u00e1k\u201d magukat. R\u00e1ad\u00e1sul a gumimatracodon lebegve is tov\u00e1bb \u00e9lvezheted a kedvenc szerz\u0151idet! F\u00e9lsz, hogy nem tudsz a sorok k\u00f6z\u00f6tt olvasni \u00e9s elt\u00e9vedsz a nagyv\u00e1rosban? Semmi gond, a navig\u00e1ci\u00f3s k\u00e9sz\u00fcl\u00e9kek mellett hagyom\u00e1nyos t\u00e9rk\u00e9peket is beszerezhetsz a MediaMarktban. A hazajut\u00e1s \u00edgy sehonnan sem okozhat gondot. Persze egy v\u00edz\u00e1ll\u00f3 telefon is sokat seg\u00edt a k\u00e9rd\u00e9sben, erre is van megold\u00e1sunk!<\/span>\r\n\r\n<span style=\"font-weight: 400\">\u00c9s ha esetleg ny\u00e1ron is a billenty\u0171zeted vered, mert megr\u00f6gz\u00f6tt gamer vagy, a nagy v\u00edzelvezet\u0151 lyukakat is tartalmaz\u00f3 v\u00edz\u00e1ll\u00f3 billenty\u0171zetekkel ha f\u00fcrd\u0151t nem is vehetsz, a ki\u00f6ml\u0151 italaidt\u00f3l az\u00e9rt meg\u00f3vhatod a k\u00e9sz\u00fcl\u00e9ket. Hi\u00e1ba, mindenre kell gondolni! V\u00e9g\u00fcl pedig j\u00f6jj\u00f6n a legnagyobb kedvenc\u00fcnk: F\u00f3li\u00e1zz le mindent! V\u00e1kuumozz, hegessz \u00e9s mindened v\u00edz\u00e1ll\u00f3 lesz! \ud83d\ude00<\/span>\r\n\r\n&nbsp;\r\n<h2><\/h2>\r\n<h2><b>Kapcsol\u00f3d\u00f3 MediaMarkt term\u00e9kek, a ti legn\u00e9pszer\u0171bb v\u00e1laszt\u00e1saitok alapj\u00e1n, az \u00f6sszesen 432 db v\u00edz\u00e1ll\u00f3 \u00e1ru k\u00f6z\u00fcl:<\/b><\/h2>\r\n&nbsp;\r\n\r\n<a href=\"https:\/\/www.mediamarkt.hu\/catentry\/1239289\"><span style=\"font-weight: 400\">HAMA 118175 V\u00edz\u00e1ll\u00f3 t\u00e1ska, 10 L<\/span><\/a><span style=\"font-weight: 400\">, 3749 Ft<\/span>\r\n\r\n<a href=\"https:\/\/www.mediamarkt.hu\/catentry\/1181184\"><span style=\"font-weight: 400\">SJCAM SJ4000 sportkamera v\u00edz\u00e1ll\u00f3 tokkal fekete<\/span><\/a><span style=\"font-weight: 400\">, 19 999 Ft<\/span>\r\n\r\n<a href=\"https:\/\/www.mediamarkt.hu\/catentry\/1218279\"><span style=\"font-weight: 400\">POLAROID Cube+ Wi-Fi Full HD Lifestyle kamera<\/span><\/a><span style=\"font-weight: 400\">, k\u00e9k, 39 999 Ft<\/span>\r\n\r\n<a href=\"https:\/\/www.mediamarkt.hu\/catentry\/1267486\"><span style=\"font-weight: 400\">JBL Xtreme2 v\u00edz\u00e1ll\u00f3 bluetooth hangsz\u00f3r\u00f3, fekete<\/span><\/a><span style=\"font-weight: 400\">, 79 889 Ft<\/span>\r\n\r\n<a href=\"https:\/\/www.mediamarkt.hu\/catentry\/1259437\"><span style=\"font-weight: 400\">JBL Endurance Dive, v\u00edz\u00e1ll\u00f3 bluetooth sport f\u00fclhallgat\u00f3 be\u00e9p\u00edtett lej\u00e1tsz\u00f3val, fekete<\/span><\/a><span style=\"font-weight: 400\">, 29 999 Ft<\/span>\r\n\r\n<a href=\"https:\/\/www.mediamarkt.hu\/catentry\/1275617\"><span style=\"font-weight: 400\">SONY WFSP 900 feh\u00e9r v\u00edz\u00e1ll\u00f3 bluetooth True Wireless vezet\u00e9k n\u00e9k\u00fcli f\u00fclhallgat\u00f3<\/span><\/a><span style=\"font-weight: 400\">, 85 999 Ft<\/span>\r\n\r\n<a href=\"https:\/\/www.mediamarkt.hu\/catentry\/1299583\"><span style=\"font-weight: 400\">APPLE Outlet Watch Series 3 &#8211; 38mm ez\u00fcstsz\u00edn\u0171 alum\u00edniumtok k\u00f6dsz\u00fcrke sportsz\u00edjjal (mqku2mp\/a)<\/span><\/a><span style=\"font-weight: 400\">, 95 919 Ft<\/span>\r\n\r\n<a href=\"https:\/\/www.mediamarkt.hu\/catentry\/1256013\"><span style=\"font-weight: 400\">POLAR A370 feh\u00e9r v\u00edz\u00e1ll\u00f3 fitnesz \u00f3ra &#8222;M-L&#8221; m\u00e9retben<\/span><\/a><span style=\"font-weight: 400\">, 64 987 Ft<\/span>\r\n\r\n&nbsp;\r\n\r\n<a href=\"https:\/\/www.mediamarkt.hu\/catentry\/1296316\"><span style=\"font-weight: 400\">SAMSUNG Outlet Galaxy S9+ (SM-G965F) DualSIM korallk\u00e9k 64GB k\u00e1rtyaf\u00fcggetlen okostelefon<\/span><\/a><span style=\"font-weight: 400\">, 203 999 Ft<\/span>\r\n\r\n<a href=\"https:\/\/www.mediamarkt.hu\/catentry\/1299899\"><span style=\"font-weight: 400\">POCKETBOOK Outlet Aqua 2 8 GB Wifi k\u00e9k por \u00e9s csepp\u00e1ll\u00f3 e-book olvas\u00f3<\/span><\/a><span style=\"font-weight: 400\">, 38 249 Ft<\/span>\r\n\r\n<a href=\"https:\/\/www.mediamarkt.hu\/catentry\/1259598\"><span style=\"font-weight: 400\">AULA Mechanical Assault gaming billenty\u0171zet, magyar kioszt\u00e1s\u00fa<\/span><\/a><span style=\"font-weight: 400\">, 17 999 Ft<\/span>\r\n\r\n<a href=\"https:\/\/www.mediamarkt.hu\/catentry\/1275103\"><span style=\"font-weight: 400\">CASO 1321 Sousvide F\u00f3liahegeszt\u0151 szett<\/span><\/a><span style=\"font-weight: 400\">, 79 999 Ft<\/span>\r\n\r\n<a href=\"https:\/\/www.mediamarkt.hu\/catentry\/1262938\"><span style=\"font-weight: 400\">HAMA 177782 V\u00edz\u00e1ll\u00f3 Telefontok &#8222;Playa&#8221; XXL M\u00e9ret, Pink<\/span><\/a><span style=\"font-weight: 400\">, 3499 Ft<\/span>\r\n\r\n\n\t\t<style type=\"text\/css\">\n\t\t\t#gallery-1 {\n\t\t\t\tmargin: auto;\n\t\t\t}\n\t\t\t#gallery-1 .gallery-item {\n\t\t\t\tfloat: left;\n\t\t\t\tmargin-top: 10px;\n\t\t\t\ttext-align: center;\n\t\t\t\twidth: 33%;\n\t\t\t}\n\t\t\t#gallery-1 img {\n\t\t\t\tborder: 2px solid #cfcfcf;\n\t\t\t}\n\t\t\t#gallery-1 .gallery-caption {\n\t\t\t\tmargin-left: 0;\n\t\t\t}\n\t\t\t\/* see gallery_shortcode() in wp-includes\/media.php *\/\n\t\t<\/style>\n\t\t<div id='gallery-1' class='gallery galleryid-9249 gallery-columns-3 gallery-size-thumbnail'><dl class='gallery-item'>\n\t\t\t<dt class='gallery-icon landscape'>\n\t\t\t\t<a href='https:\/\/hir.mediamarkt.hu\/magazin\/igy-bulizz-a-parton-vagy-a-kadban-a-mediamarkt-vizallo-termekeivel\/mediamarkt_vizallo_01\/'><img loading=\"lazy\" decoding=\"async\" width=\"275\" height=\"205\" src=\"https:\/\/hir.mediamarkt.hu\/magazin\/wp-content\/uploads\/2019\/07\/MediaMarkt_vizallo_01-275x205.png\" class=\"attachment-thumbnail size-thumbnail\" alt=\"\" srcset=\"https:\/\/hir.mediamarkt.hu\/magazin\/wp-content\/uploads\/2019\/07\/MediaMarkt_vizallo_01-275x205.png 275w, https:\/\/hir.mediamarkt.hu\/magazin\/wp-content\/uploads\/2019\/07\/MediaMarkt_vizallo_01-300x224.png 300w, https:\/\/hir.mediamarkt.hu\/magazin\/wp-content\/uploads\/2019\/07\/MediaMarkt_vizallo_01-768x574.png 768w, https:\/\/hir.mediamarkt.hu\/magazin\/wp-content\/uploads\/2019\/07\/MediaMarkt_vizallo_01-500x375.png 500w, https:\/\/hir.mediamarkt.hu\/magazin\/wp-content\/uploads\/2019\/07\/MediaMarkt_vizallo_01.png 786w\" sizes=\"(max-width: 275px) 100vw, 275px\" \/><\/a>\n\t\t\t<\/dt><\/dl><dl class='gallery-item'>\n\t\t\t<dt class='gallery-icon landscape'>\n\t\t\t\t<a href='https:\/\/hir.mediamarkt.hu\/magazin\/igy-bulizz-a-parton-vagy-a-kadban-a-mediamarkt-vizallo-termekeivel\/mediamarkt_vizallo_02\/'><img loading=\"lazy\" decoding=\"async\" width=\"275\" height=\"205\" src=\"https:\/\/hir.mediamarkt.hu\/magazin\/wp-content\/uploads\/2019\/07\/MediaMarkt_vizallo_02-275x205.png\" class=\"attachment-thumbnail size-thumbnail\" alt=\"\" srcset=\"https:\/\/hir.mediamarkt.hu\/magazin\/wp-content\/uploads\/2019\/07\/MediaMarkt_vizallo_02-275x205.png 275w, https:\/\/hir.mediamarkt.hu\/magazin\/wp-content\/uploads\/2019\/07\/MediaMarkt_vizallo_02-300x224.png 300w, https:\/\/hir.mediamarkt.hu\/magazin\/wp-content\/uploads\/2019\/07\/MediaMarkt_vizallo_02-768x574.png 768w, https:\/\/hir.mediamarkt.hu\/magazin\/wp-content\/uploads\/2019\/07\/MediaMarkt_vizallo_02-500x375.png 500w, https:\/\/hir.mediamarkt.hu\/magazin\/wp-content\/uploads\/2019\/07\/MediaMarkt_vizallo_02.png 786w\" sizes=\"(max-width: 275px) 100vw, 275px\" \/><\/a>\n\t\t\t<\/dt><\/dl><dl class='gallery-item'>\n\t\t\t<dt class='gallery-icon landscape'>\n\t\t\t\t<a href='https:\/\/hir.mediamarkt.hu\/magazin\/igy-bulizz-a-parton-vagy-a-kadban-a-mediamarkt-vizallo-termekeivel\/mediamarkt_vizallo_02a\/'><img loading=\"lazy\" decoding=\"async\" width=\"275\" height=\"205\" src=\"https:\/\/hir.mediamarkt.hu\/magazin\/wp-content\/uploads\/2019\/07\/MediaMarkt_vizallo_02a-275x205.png\" class=\"attachment-thumbnail size-thumbnail\" alt=\"\" srcset=\"https:\/\/hir.mediamarkt.hu\/magazin\/wp-content\/uploads\/2019\/07\/MediaMarkt_vizallo_02a-275x205.png 275w, https:\/\/hir.mediamarkt.hu\/magazin\/wp-content\/uploads\/2019\/07\/MediaMarkt_vizallo_02a-300x224.png 300w, https:\/\/hir.mediamarkt.hu\/magazin\/wp-content\/uploads\/2019\/07\/MediaMarkt_vizallo_02a-768x574.png 768w, https:\/\/hir.mediamarkt.hu\/magazin\/wp-content\/uploads\/2019\/07\/MediaMarkt_vizallo_02a-500x375.png 500w, https:\/\/hir.mediamarkt.hu\/magazin\/wp-content\/uploads\/2019\/07\/MediaMarkt_vizallo_02a.png 786w\" sizes=\"(max-width: 275px) 100vw, 275px\" \/><\/a>\n\t\t\t<\/dt><\/dl><br style=\"clear: both\" \/><dl class='gallery-item'>\n\t\t\t<dt class='gallery-icon landscape'>\n\t\t\t\t<a href='https:\/\/hir.mediamarkt.hu\/magazin\/igy-bulizz-a-parton-vagy-a-kadban-a-mediamarkt-vizallo-termekeivel\/mediamarkt_vizallo_02b\/'><img loading=\"lazy\" decoding=\"async\" width=\"275\" height=\"205\" src=\"https:\/\/hir.mediamarkt.hu\/magazin\/wp-content\/uploads\/2019\/07\/MediaMarkt_vizallo_02b-275x205.png\" class=\"attachment-thumbnail size-thumbnail\" alt=\"\" srcset=\"https:\/\/hir.mediamarkt.hu\/magazin\/wp-content\/uploads\/2019\/07\/MediaMarkt_vizallo_02b-275x205.png 275w, https:\/\/hir.mediamarkt.hu\/magazin\/wp-content\/uploads\/2019\/07\/MediaMarkt_vizallo_02b-300x224.png 300w, https:\/\/hir.mediamarkt.hu\/magazin\/wp-content\/uploads\/2019\/07\/MediaMarkt_vizallo_02b-768x574.png 768w, https:\/\/hir.mediamarkt.hu\/magazin\/wp-content\/uploads\/2019\/07\/MediaMarkt_vizallo_02b-500x375.png 500w, https:\/\/hir.mediamarkt.hu\/magazin\/wp-content\/uploads\/2019\/07\/MediaMarkt_vizallo_02b.png 786w\" sizes=\"(max-width: 275px) 100vw, 275px\" \/><\/a>\n\t\t\t<\/dt><\/dl><dl class='gallery-item'>\n\t\t\t<dt class='gallery-icon landscape'>\n\t\t\t\t<a href='https:\/\/hir.mediamarkt.hu\/magazin\/igy-bulizz-a-parton-vagy-a-kadban-a-mediamarkt-vizallo-termekeivel\/mediamarkt_vizallo_02c\/'><img loading=\"lazy\" decoding=\"async\" width=\"275\" height=\"205\" src=\"https:\/\/hir.mediamarkt.hu\/magazin\/wp-content\/uploads\/2019\/07\/MediaMarkt_vizallo_02c-275x205.png\" class=\"attachment-thumbnail size-thumbnail\" alt=\"\" srcset=\"https:\/\/hir.mediamarkt.hu\/magazin\/wp-content\/uploads\/2019\/07\/MediaMarkt_vizallo_02c-275x205.png 275w, https:\/\/hir.mediamarkt.hu\/magazin\/wp-content\/uploads\/2019\/07\/MediaMarkt_vizallo_02c-300x224.png 300w, https:\/\/hir.mediamarkt.hu\/magazin\/wp-content\/uploads\/2019\/07\/MediaMarkt_vizallo_02c-768x574.png 768w, https:\/\/hir.mediamarkt.hu\/magazin\/wp-content\/uploads\/2019\/07\/MediaMarkt_vizallo_02c-500x375.png 500w, https:\/\/hir.mediamarkt.hu\/magazin\/wp-content\/uploads\/2019\/07\/MediaMarkt_vizallo_02c.png 786w\" sizes=\"(max-width: 275px) 100vw, 275px\" \/><\/a>\n\t\t\t<\/dt><\/dl><dl class='gallery-item'>\n\t\t\t<dt class='gallery-icon landscape'>\n\t\t\t\t<a href='https:\/\/hir.mediamarkt.hu\/magazin\/igy-bulizz-a-parton-vagy-a-kadban-a-mediamarkt-vizallo-termekeivel\/mediamarkt_vizallo_03\/'><img loading=\"lazy\" decoding=\"async\" width=\"275\" height=\"205\" src=\"https:\/\/hir.mediamarkt.hu\/magazin\/wp-content\/uploads\/2019\/07\/MediaMarkt_vizallo_03-275x205.png\" class=\"attachment-thumbnail size-thumbnail\" alt=\"\" srcset=\"https:\/\/hir.mediamarkt.hu\/magazin\/wp-content\/uploads\/2019\/07\/MediaMarkt_vizallo_03-275x205.png 275w, https:\/\/hir.mediamarkt.hu\/magazin\/wp-content\/uploads\/2019\/07\/MediaMarkt_vizallo_03-300x224.png 300w, https:\/\/hir.mediamarkt.hu\/magazin\/wp-content\/uploads\/2019\/07\/MediaMarkt_vizallo_03-768x574.png 768w, https:\/\/hir.mediamarkt.hu\/magazin\/wp-content\/uploads\/2019\/07\/MediaMarkt_vizallo_03-500x375.png 500w, https:\/\/hir.mediamarkt.hu\/magazin\/wp-content\/uploads\/2019\/07\/MediaMarkt_vizallo_03.png 786w\" sizes=\"(max-width: 275px) 100vw, 275px\" \/><\/a>\n\t\t\t<\/dt><\/dl><br style=\"clear: both\" \/><dl class='gallery-item'>\n\t\t\t<dt class='gallery-icon landscape'>\n\t\t\t\t<a href='https:\/\/hir.mediamarkt.hu\/magazin\/igy-bulizz-a-parton-vagy-a-kadban-a-mediamarkt-vizallo-termekeivel\/mediamarkt_vizallo_04-2\/'><img loading=\"lazy\" decoding=\"async\" width=\"275\" height=\"205\" src=\"https:\/\/hir.mediamarkt.hu\/magazin\/wp-content\/uploads\/2019\/07\/MediaMarkt_vizallo_04-1-275x205.png\" class=\"attachment-thumbnail size-thumbnail\" alt=\"\" srcset=\"https:\/\/hir.mediamarkt.hu\/magazin\/wp-content\/uploads\/2019\/07\/MediaMarkt_vizallo_04-1-275x205.png 275w, https:\/\/hir.mediamarkt.hu\/magazin\/wp-content\/uploads\/2019\/07\/MediaMarkt_vizallo_04-1-300x224.png 300w, https:\/\/hir.mediamarkt.hu\/magazin\/wp-content\/uploads\/2019\/07\/MediaMarkt_vizallo_04-1-768x574.png 768w, https:\/\/hir.mediamarkt.hu\/magazin\/wp-content\/uploads\/2019\/07\/MediaMarkt_vizallo_04-1-500x375.png 500w, https:\/\/hir.mediamarkt.hu\/magazin\/wp-content\/uploads\/2019\/07\/MediaMarkt_vizallo_04-1.png 786w\" sizes=\"(max-width: 275px) 100vw, 275px\" \/><\/a>\n\t\t\t<\/dt><\/dl><dl class='gallery-item'>\n\t\t\t<dt class='gallery-icon landscape'>\n\t\t\t\t<a href='https:\/\/hir.mediamarkt.hu\/magazin\/igy-bulizz-a-parton-vagy-a-kadban-a-mediamarkt-vizallo-termekeivel\/mediamarkt_vizallo_04a\/'><img loading=\"lazy\" decoding=\"async\" width=\"275\" height=\"205\" src=\"https:\/\/hir.mediamarkt.hu\/magazin\/wp-content\/uploads\/2019\/07\/MediaMarkt_vizallo_04a-275x205.png\" class=\"attachment-thumbnail size-thumbnail\" alt=\"\" srcset=\"https:\/\/hir.mediamarkt.hu\/magazin\/wp-content\/uploads\/2019\/07\/MediaMarkt_vizallo_04a-275x205.png 275w, https:\/\/hir.mediamarkt.hu\/magazin\/wp-content\/uploads\/2019\/07\/MediaMarkt_vizallo_04a-300x224.png 300w, https:\/\/hir.mediamarkt.hu\/magazin\/wp-content\/uploads\/2019\/07\/MediaMarkt_vizallo_04a-768x574.png 768w, https:\/\/hir.mediamarkt.hu\/magazin\/wp-content\/uploads\/2019\/07\/MediaMarkt_vizallo_04a-500x375.png 500w, https:\/\/hir.mediamarkt.hu\/magazin\/wp-content\/uploads\/2019\/07\/MediaMarkt_vizallo_04a.png 786w\" sizes=\"(max-width: 275px) 100vw, 275px\" \/><\/a>\n\t\t\t<\/dt><\/dl><dl class='gallery-item'>\n\t\t\t<dt class='gallery-icon landscape'>\n\t\t\t\t<a href='https:\/\/hir.mediamarkt.hu\/magazin\/igy-bulizz-a-parton-vagy-a-kadban-a-mediamarkt-vizallo-termekeivel\/mediamarkt_vizallo_05\/'><img loading=\"lazy\" decoding=\"async\" width=\"275\" height=\"205\" src=\"https:\/\/hir.mediamarkt.hu\/magazin\/wp-content\/uploads\/2019\/07\/MediaMarkt_vizallo_05-275x205.png\" class=\"attachment-thumbnail size-thumbnail\" alt=\"\" srcset=\"https:\/\/hir.mediamarkt.hu\/magazin\/wp-content\/uploads\/2019\/07\/MediaMarkt_vizallo_05-275x205.png 275w, https:\/\/hir.mediamarkt.hu\/magazin\/wp-content\/uploads\/2019\/07\/MediaMarkt_vizallo_05-300x224.png 300w, https:\/\/hir.mediamarkt.hu\/magazin\/wp-content\/uploads\/2019\/07\/MediaMarkt_vizallo_05-768x574.png 768w, https:\/\/hir.mediamarkt.hu\/magazin\/wp-content\/uploads\/2019\/07\/MediaMarkt_vizallo_05-500x375.png 500w, https:\/\/hir.mediamarkt.hu\/magazin\/wp-content\/uploads\/2019\/07\/MediaMarkt_vizallo_05.png 786w\" sizes=\"(max-width: 275px) 100vw, 275px\" \/><\/a>\n\t\t\t<\/dt><\/dl><br style=\"clear: both\" \/><dl class='gallery-item'>\n\t\t\t<dt class='gallery-icon landscape'>\n\t\t\t\t<a href='https:\/\/hir.mediamarkt.hu\/magazin\/igy-bulizz-a-parton-vagy-a-kadban-a-mediamarkt-vizallo-termekeivel\/mediamarkt_vizallo_05a\/'><img loading=\"lazy\" decoding=\"async\" width=\"275\" height=\"205\" src=\"https:\/\/hir.mediamarkt.hu\/magazin\/wp-content\/uploads\/2019\/07\/MediaMarkt_vizallo_05a-275x205.png\" class=\"attachment-thumbnail size-thumbnail\" alt=\"\" srcset=\"https:\/\/hir.mediamarkt.hu\/magazin\/wp-content\/uploads\/2019\/07\/MediaMarkt_vizallo_05a-275x205.png 275w, https:\/\/hir.mediamarkt.hu\/magazin\/wp-content\/uploads\/2019\/07\/MediaMarkt_vizallo_05a-300x224.png 300w, https:\/\/hir.mediamarkt.hu\/magazin\/wp-content\/uploads\/2019\/07\/MediaMarkt_vizallo_05a-768x574.png 768w, https:\/\/hir.mediamarkt.hu\/magazin\/wp-content\/uploads\/2019\/07\/MediaMarkt_vizallo_05a-500x375.png 500w, https:\/\/hir.mediamarkt.hu\/magazin\/wp-content\/uploads\/2019\/07\/MediaMarkt_vizallo_05a.png 786w\" sizes=\"(max-width: 275px) 100vw, 275px\" \/><\/a>\n\t\t\t<\/dt><\/dl><dl class='gallery-item'>\n\t\t\t<dt class='gallery-icon landscape'>\n\t\t\t\t<a href='https:\/\/hir.mediamarkt.hu\/magazin\/igy-bulizz-a-parton-vagy-a-kadban-a-mediamarkt-vizallo-termekeivel\/mediamarkt_vizallo_06\/'><img loading=\"lazy\" decoding=\"async\" width=\"275\" height=\"205\" src=\"https:\/\/hir.mediamarkt.hu\/magazin\/wp-content\/uploads\/2019\/07\/MediaMarkt_vizallo_06-275x205.png\" class=\"attachment-thumbnail size-thumbnail\" alt=\"\" srcset=\"https:\/\/hir.mediamarkt.hu\/magazin\/wp-content\/uploads\/2019\/07\/MediaMarkt_vizallo_06-275x205.png 275w, https:\/\/hir.mediamarkt.hu\/magazin\/wp-content\/uploads\/2019\/07\/MediaMarkt_vizallo_06-300x224.png 300w, https:\/\/hir.mediamarkt.hu\/magazin\/wp-content\/uploads\/2019\/07\/MediaMarkt_vizallo_06-768x574.png 768w, https:\/\/hir.mediamarkt.hu\/magazin\/wp-content\/uploads\/2019\/07\/MediaMarkt_vizallo_06-500x375.png 500w, https:\/\/hir.mediamarkt.hu\/magazin\/wp-content\/uploads\/2019\/07\/MediaMarkt_vizallo_06.png 786w\" sizes=\"(max-width: 275px) 100vw, 275px\" \/><\/a>\n\t\t\t<\/dt><\/dl><dl class='gallery-item'>\n\t\t\t<dt class='gallery-icon landscape'>\n\t\t\t\t<a href='https:\/\/hir.mediamarkt.hu\/magazin\/igy-bulizz-a-parton-vagy-a-kadban-a-mediamarkt-vizallo-termekeivel\/mediamarkt_vizallo_07\/'><img loading=\"lazy\" decoding=\"async\" width=\"275\" height=\"205\" src=\"https:\/\/hir.mediamarkt.hu\/magazin\/wp-content\/uploads\/2019\/07\/MediaMarkt_vizallo_07-275x205.png\" class=\"attachment-thumbnail size-thumbnail\" alt=\"\" srcset=\"https:\/\/hir.mediamarkt.hu\/magazin\/wp-content\/uploads\/2019\/07\/MediaMarkt_vizallo_07-275x205.png 275w, https:\/\/hir.mediamarkt.hu\/magazin\/wp-content\/uploads\/2019\/07\/MediaMarkt_vizallo_07-300x224.png 300w, https:\/\/hir.mediamarkt.hu\/magazin\/wp-content\/uploads\/2019\/07\/MediaMarkt_vizallo_07-768x574.png 768w, https:\/\/hir.mediamarkt.hu\/magazin\/wp-content\/uploads\/2019\/07\/MediaMarkt_vizallo_07-500x375.png 500w, https:\/\/hir.mediamarkt.hu\/magazin\/wp-content\/uploads\/2019\/07\/MediaMarkt_vizallo_07.png 786w\" sizes=\"(max-width: 275px) 100vw, 275px\" \/><\/a>\n\t\t\t<\/dt><\/dl><br style=\"clear: both\" \/><dl class='gallery-item'>\n\t\t\t<dt class='gallery-icon landscape'>\n\t\t\t\t<a href='https:\/\/hir.mediamarkt.hu\/magazin\/igy-bulizz-a-parton-vagy-a-kadban-a-mediamarkt-vizallo-termekeivel\/mediamarkt_vizallo_08\/'><img loading=\"lazy\" decoding=\"async\" width=\"275\" height=\"205\" src=\"https:\/\/hir.mediamarkt.hu\/magazin\/wp-content\/uploads\/2019\/07\/MediaMarkt_vizallo_08-275x205.png\" class=\"attachment-thumbnail size-thumbnail\" alt=\"\" srcset=\"https:\/\/hir.mediamarkt.hu\/magazin\/wp-content\/uploads\/2019\/07\/MediaMarkt_vizallo_08-275x205.png 275w, https:\/\/hir.mediamarkt.hu\/magazin\/wp-content\/uploads\/2019\/07\/MediaMarkt_vizallo_08-300x224.png 300w, https:\/\/hir.mediamarkt.hu\/magazin\/wp-content\/uploads\/2019\/07\/MediaMarkt_vizallo_08-768x574.png 768w, https:\/\/hir.mediamarkt.hu\/magazin\/wp-content\/uploads\/2019\/07\/MediaMarkt_vizallo_08-500x375.png 500w, https:\/\/hir.mediamarkt.hu\/magazin\/wp-content\/uploads\/2019\/07\/MediaMarkt_vizallo_08.png 786w\" sizes=\"(max-width: 275px) 100vw, 275px\" \/><\/a>\n\t\t\t<\/dt><\/dl><dl class='gallery-item'>\n\t\t\t<dt class='gallery-icon landscape'>\n\t\t\t\t<a href='https:\/\/hir.mediamarkt.hu\/magazin\/igy-bulizz-a-parton-vagy-a-kadban-a-mediamarkt-vizallo-termekeivel\/mediamarkt_vizallo_09\/'><img loading=\"lazy\" decoding=\"async\" width=\"275\" height=\"205\" src=\"https:\/\/hir.mediamarkt.hu\/magazin\/wp-content\/uploads\/2019\/07\/MediaMarkt_vizallo_09-275x205.png\" class=\"attachment-thumbnail size-thumbnail\" alt=\"\" srcset=\"https:\/\/hir.mediamarkt.hu\/magazin\/wp-content\/uploads\/2019\/07\/MediaMarkt_vizallo_09-275x205.png 275w, https:\/\/hir.mediamarkt.hu\/magazin\/wp-content\/uploads\/2019\/07\/MediaMarkt_vizallo_09-300x224.png 300w, https:\/\/hir.mediamarkt.hu\/magazin\/wp-content\/uploads\/2019\/07\/MediaMarkt_vizallo_09-768x574.png 768w, https:\/\/hir.mediamarkt.hu\/magazin\/wp-content\/uploads\/2019\/07\/MediaMarkt_vizallo_09-500x375.png 500w, https:\/\/hir.mediamarkt.hu\/magazin\/wp-content\/uploads\/2019\/07\/MediaMarkt_vizallo_09.png 786w\" sizes=\"(max-width: 275px) 100vw, 275px\" \/><\/a>\n\t\t\t<\/dt><\/dl><dl class='gallery-item'>\n\t\t\t<dt class='gallery-icon landscape'>\n\t\t\t\t<a href='https:\/\/hir.mediamarkt.hu\/magazin\/igy-bulizz-a-parton-vagy-a-kadban-a-mediamarkt-vizallo-termekeivel\/mediamarkt_vizallo_09a\/'><img loading=\"lazy\" decoding=\"async\" width=\"275\" height=\"205\" src=\"https:\/\/hir.mediamarkt.hu\/magazin\/wp-content\/uploads\/2019\/07\/MediaMarkt_vizallo_09a-275x205.png\" class=\"attachment-thumbnail size-thumbnail\" alt=\"\" srcset=\"https:\/\/hir.mediamarkt.hu\/magazin\/wp-content\/uploads\/2019\/07\/MediaMarkt_vizallo_09a-275x205.png 275w, https:\/\/hir.mediamarkt.hu\/magazin\/wp-content\/uploads\/2019\/07\/MediaMarkt_vizallo_09a-300x224.png 300w, https:\/\/hir.mediamarkt.hu\/magazin\/wp-content\/uploads\/2019\/07\/MediaMarkt_vizallo_09a-768x574.png 768w, https:\/\/hir.mediamarkt.hu\/magazin\/wp-content\/uploads\/2019\/07\/MediaMarkt_vizallo_09a-500x375.png 500w, https:\/\/hir.mediamarkt.hu\/magazin\/wp-content\/uploads\/2019\/07\/MediaMarkt_vizallo_09a.png 786w\" sizes=\"(max-width: 275px) 100vw, 275px\" \/><\/a>\n\t\t\t<\/dt><\/dl><br style=\"clear: both\" \/><dl class='gallery-item'>\n\t\t\t<dt class='gallery-icon landscape'>\n\t\t\t\t<a href='https:\/\/hir.mediamarkt.hu\/magazin\/igy-bulizz-a-parton-vagy-a-kadban-a-mediamarkt-vizallo-termekeivel\/mediamarkt_vizallo_01-2\/'><img loading=\"lazy\" decoding=\"async\" width=\"275\" height=\"205\" src=\"https:\/\/hir.mediamarkt.hu\/magazin\/wp-content\/uploads\/2019\/07\/MediaMarkt_vizallo_01-1-275x205.png\" class=\"attachment-thumbnail size-thumbnail\" alt=\"\" srcset=\"https:\/\/hir.mediamarkt.hu\/magazin\/wp-content\/uploads\/2019\/07\/MediaMarkt_vizallo_01-1-275x205.png 275w, https:\/\/hir.mediamarkt.hu\/magazin\/wp-content\/uploads\/2019\/07\/MediaMarkt_vizallo_01-1-300x224.png 300w, https:\/\/hir.mediamarkt.hu\/magazin\/wp-content\/uploads\/2019\/07\/MediaMarkt_vizallo_01-1-768x574.png 768w, https:\/\/hir.mediamarkt.hu\/magazin\/wp-content\/uploads\/2019\/07\/MediaMarkt_vizallo_01-1-500x375.png 500w, https:\/\/hir.mediamarkt.hu\/magazin\/wp-content\/uploads\/2019\/07\/MediaMarkt_vizallo_01-1.png 786w\" sizes=\"(max-width: 275px) 100vw, 275px\" \/><\/a>\n\t\t\t<\/dt><\/dl><dl class='gallery-item'>\n\t\t\t<dt class='gallery-icon landscape'>\n\t\t\t\t<a href='https:\/\/hir.mediamarkt.hu\/magazin\/igy-bulizz-a-parton-vagy-a-kadban-a-mediamarkt-vizallo-termekeivel\/mediamarkt_vizallo_02-2\/'><img loading=\"lazy\" decoding=\"async\" width=\"275\" height=\"205\" src=\"https:\/\/hir.mediamarkt.hu\/magazin\/wp-content\/uploads\/2019\/07\/MediaMarkt_vizallo_02-1-275x205.png\" class=\"attachment-thumbnail size-thumbnail\" alt=\"\" srcset=\"https:\/\/hir.mediamarkt.hu\/magazin\/wp-content\/uploads\/2019\/07\/MediaMarkt_vizallo_02-1-275x205.png 275w, https:\/\/hir.mediamarkt.hu\/magazin\/wp-content\/uploads\/2019\/07\/MediaMarkt_vizallo_02-1-300x224.png 300w, https:\/\/hir.mediamarkt.hu\/magazin\/wp-content\/uploads\/2019\/07\/MediaMarkt_vizallo_02-1-768x574.png 768w, https:\/\/hir.mediamarkt.hu\/magazin\/wp-content\/uploads\/2019\/07\/MediaMarkt_vizallo_02-1-500x375.png 500w, https:\/\/hir.mediamarkt.hu\/magazin\/wp-content\/uploads\/2019\/07\/MediaMarkt_vizallo_02-1.png 786w\" sizes=\"(max-width: 275px) 100vw, 275px\" \/><\/a>\n\t\t\t<\/dt><\/dl><dl class='gallery-item'>\n\t\t\t<dt class='gallery-icon landscape'>\n\t\t\t\t<a href='https:\/\/hir.mediamarkt.hu\/magazin\/igy-bulizz-a-parton-vagy-a-kadban-a-mediamarkt-vizallo-termekeivel\/mediamarkt_vizallo_02a-2\/'><img loading=\"lazy\" decoding=\"async\" width=\"275\" height=\"205\" src=\"https:\/\/hir.mediamarkt.hu\/magazin\/wp-content\/uploads\/2019\/07\/MediaMarkt_vizallo_02a-1-275x205.png\" class=\"attachment-thumbnail size-thumbnail\" alt=\"\" srcset=\"https:\/\/hir.mediamarkt.hu\/magazin\/wp-content\/uploads\/2019\/07\/MediaMarkt_vizallo_02a-1-275x205.png 275w, https:\/\/hir.mediamarkt.hu\/magazin\/wp-content\/uploads\/2019\/07\/MediaMarkt_vizallo_02a-1-300x224.png 300w, https:\/\/hir.mediamarkt.hu\/magazin\/wp-content\/uploads\/2019\/07\/MediaMarkt_vizallo_02a-1-768x574.png 768w, https:\/\/hir.mediamarkt.hu\/magazin\/wp-content\/uploads\/2019\/07\/MediaMarkt_vizallo_02a-1-500x375.png 500w, https:\/\/hir.mediamarkt.hu\/magazin\/wp-content\/uploads\/2019\/07\/MediaMarkt_vizallo_02a-1.png 786w\" sizes=\"(max-width: 275px) 100vw, 275px\" \/><\/a>\n\t\t\t<\/dt><\/dl><br style=\"clear: both\" \/><dl class='gallery-item'>\n\t\t\t<dt class='gallery-icon landscape'>\n\t\t\t\t<a href='https:\/\/hir.mediamarkt.hu\/magazin\/igy-bulizz-a-parton-vagy-a-kadban-a-mediamarkt-vizallo-termekeivel\/mediamarkt_vizallo_02b-2\/'><img loading=\"lazy\" decoding=\"async\" width=\"275\" height=\"205\" src=\"https:\/\/hir.mediamarkt.hu\/magazin\/wp-content\/uploads\/2019\/07\/MediaMarkt_vizallo_02b-1-275x205.png\" class=\"attachment-thumbnail size-thumbnail\" alt=\"\" srcset=\"https:\/\/hir.mediamarkt.hu\/magazin\/wp-content\/uploads\/2019\/07\/MediaMarkt_vizallo_02b-1-275x205.png 275w, https:\/\/hir.mediamarkt.hu\/magazin\/wp-content\/uploads\/2019\/07\/MediaMarkt_vizallo_02b-1-300x224.png 300w, https:\/\/hir.mediamarkt.hu\/magazin\/wp-content\/uploads\/2019\/07\/MediaMarkt_vizallo_02b-1-768x574.png 768w, https:\/\/hir.mediamarkt.hu\/magazin\/wp-content\/uploads\/2019\/07\/MediaMarkt_vizallo_02b-1-500x375.png 500w, https:\/\/hir.mediamarkt.hu\/magazin\/wp-content\/uploads\/2019\/07\/MediaMarkt_vizallo_02b-1.png 786w\" sizes=\"(max-width: 275px) 100vw, 275px\" \/><\/a>\n\t\t\t<\/dt><\/dl><dl class='gallery-item'>\n\t\t\t<dt class='gallery-icon landscape'>\n\t\t\t\t<a href='https:\/\/hir.mediamarkt.hu\/magazin\/igy-bulizz-a-parton-vagy-a-kadban-a-mediamarkt-vizallo-termekeivel\/mediamarkt_vizallo_02c-2\/'><img loading=\"lazy\" decoding=\"async\" width=\"275\" height=\"205\" src=\"https:\/\/hir.mediamarkt.hu\/magazin\/wp-content\/uploads\/2019\/07\/MediaMarkt_vizallo_02c-1-275x205.png\" class=\"attachment-thumbnail size-thumbnail\" alt=\"\" srcset=\"https:\/\/hir.mediamarkt.hu\/magazin\/wp-content\/uploads\/2019\/07\/MediaMarkt_vizallo_02c-1-275x205.png 275w, https:\/\/hir.mediamarkt.hu\/magazin\/wp-content\/uploads\/2019\/07\/MediaMarkt_vizallo_02c-1-300x224.png 300w, https:\/\/hir.mediamarkt.hu\/magazin\/wp-content\/uploads\/2019\/07\/MediaMarkt_vizallo_02c-1-768x574.png 768w, https:\/\/hir.mediamarkt.hu\/magazin\/wp-content\/uploads\/2019\/07\/MediaMarkt_vizallo_02c-1-500x375.png 500w, https:\/\/hir.mediamarkt.hu\/magazin\/wp-content\/uploads\/2019\/07\/MediaMarkt_vizallo_02c-1.png 786w\" sizes=\"(max-width: 275px) 100vw, 275px\" \/><\/a>\n\t\t\t<\/dt><\/dl><dl class='gallery-item'>\n\t\t\t<dt class='gallery-icon landscape'>\n\t\t\t\t<a href='https:\/\/hir.mediamarkt.hu\/magazin\/igy-bulizz-a-parton-vagy-a-kadban-a-mediamarkt-vizallo-termekeivel\/mediamarkt_vizallo_03-2\/'><img loading=\"lazy\" decoding=\"async\" width=\"275\" height=\"205\" src=\"https:\/\/hir.mediamarkt.hu\/magazin\/wp-content\/uploads\/2019\/07\/MediaMarkt_vizallo_03-1-275x205.png\" class=\"attachment-thumbnail size-thumbnail\" alt=\"\" srcset=\"https:\/\/hir.mediamarkt.hu\/magazin\/wp-content\/uploads\/2019\/07\/MediaMarkt_vizallo_03-1-275x205.png 275w, https:\/\/hir.mediamarkt.hu\/magazin\/wp-content\/uploads\/2019\/07\/MediaMarkt_vizallo_03-1-300x224.png 300w, https:\/\/hir.mediamarkt.hu\/magazin\/wp-content\/uploads\/2019\/07\/MediaMarkt_vizallo_03-1-768x574.png 768w, https:\/\/hir.mediamarkt.hu\/magazin\/wp-content\/uploads\/2019\/07\/MediaMarkt_vizallo_03-1-500x375.png 500w, https:\/\/hir.mediamarkt.hu\/magazin\/wp-content\/uploads\/2019\/07\/MediaMarkt_vizallo_03-1.png 786w\" sizes=\"(max-width: 275px) 100vw, 275px\" \/><\/a>\n\t\t\t<\/dt><\/dl><br style=\"clear: both\" \/><dl class='gallery-item'>\n\t\t\t<dt class='gallery-icon landscape'>\n\t\t\t\t<a href='https:\/\/hir.mediamarkt.hu\/magazin\/igy-bulizz-a-parton-vagy-a-kadban-a-mediamarkt-vizallo-termekeivel\/mediamarkt_vizallo_04-3\/'><img loading=\"lazy\" decoding=\"async\" width=\"275\" height=\"205\" src=\"https:\/\/hir.mediamarkt.hu\/magazin\/wp-content\/uploads\/2019\/07\/MediaMarkt_vizallo_04-2-275x205.png\" class=\"attachment-thumbnail size-thumbnail\" alt=\"\" srcset=\"https:\/\/hir.mediamarkt.hu\/magazin\/wp-content\/uploads\/2019\/07\/MediaMarkt_vizallo_04-2-275x205.png 275w, https:\/\/hir.mediamarkt.hu\/magazin\/wp-content\/uploads\/2019\/07\/MediaMarkt_vizallo_04-2-300x224.png 300w, https:\/\/hir.mediamarkt.hu\/magazin\/wp-content\/uploads\/2019\/07\/MediaMarkt_vizallo_04-2-768x574.png 768w, https:\/\/hir.mediamarkt.hu\/magazin\/wp-content\/uploads\/2019\/07\/MediaMarkt_vizallo_04-2-500x375.png 500w, https:\/\/hir.mediamarkt.hu\/magazin\/wp-content\/uploads\/2019\/07\/MediaMarkt_vizallo_04-2.png 786w\" sizes=\"(max-width: 275px) 100vw, 275px\" \/><\/a>\n\t\t\t<\/dt><\/dl><dl class='gallery-item'>\n\t\t\t<dt class='gallery-icon landscape'>\n\t\t\t\t<a href='https:\/\/hir.mediamarkt.hu\/magazin\/igy-bulizz-a-parton-vagy-a-kadban-a-mediamarkt-vizallo-termekeivel\/mediamarkt_vizallo_04a-2\/'><img loading=\"lazy\" decoding=\"async\" width=\"275\" height=\"205\" src=\"https:\/\/hir.mediamarkt.hu\/magazin\/wp-content\/uploads\/2019\/07\/MediaMarkt_vizallo_04a-1-275x205.png\" class=\"attachment-thumbnail size-thumbnail\" alt=\"\" srcset=\"https:\/\/hir.mediamarkt.hu\/magazin\/wp-content\/uploads\/2019\/07\/MediaMarkt_vizallo_04a-1-275x205.png 275w, https:\/\/hir.mediamarkt.hu\/magazin\/wp-content\/uploads\/2019\/07\/MediaMarkt_vizallo_04a-1-300x224.png 300w, https:\/\/hir.mediamarkt.hu\/magazin\/wp-content\/uploads\/2019\/07\/MediaMarkt_vizallo_04a-1-768x574.png 768w, https:\/\/hir.mediamarkt.hu\/magazin\/wp-content\/uploads\/2019\/07\/MediaMarkt_vizallo_04a-1-500x375.png 500w, https:\/\/hir.mediamarkt.hu\/magazin\/wp-content\/uploads\/2019\/07\/MediaMarkt_vizallo_04a-1.png 786w\" sizes=\"(max-width: 275px) 100vw, 275px\" \/><\/a>\n\t\t\t<\/dt><\/dl><dl class='gallery-item'>\n\t\t\t<dt class='gallery-icon landscape'>\n\t\t\t\t<a href='https:\/\/hir.mediamarkt.hu\/magazin\/igy-bulizz-a-parton-vagy-a-kadban-a-mediamarkt-vizallo-termekeivel\/mediamarkt_vizallo_05-2\/'><img loading=\"lazy\" decoding=\"async\" width=\"275\" height=\"205\" src=\"https:\/\/hir.mediamarkt.hu\/magazin\/wp-content\/uploads\/2019\/07\/MediaMarkt_vizallo_05-1-275x205.png\" class=\"attachment-thumbnail size-thumbnail\" alt=\"\" srcset=\"https:\/\/hir.mediamarkt.hu\/magazin\/wp-content\/uploads\/2019\/07\/MediaMarkt_vizallo_05-1-275x205.png 275w, https:\/\/hir.mediamarkt.hu\/magazin\/wp-content\/uploads\/2019\/07\/MediaMarkt_vizallo_05-1-300x224.png 300w, https:\/\/hir.mediamarkt.hu\/magazin\/wp-content\/uploads\/2019\/07\/MediaMarkt_vizallo_05-1-768x574.png 768w, https:\/\/hir.mediamarkt.hu\/magazin\/wp-content\/uploads\/2019\/07\/MediaMarkt_vizallo_05-1-500x375.png 500w, https:\/\/hir.mediamarkt.hu\/magazin\/wp-content\/uploads\/2019\/07\/MediaMarkt_vizallo_05-1.png 786w\" sizes=\"(max-width: 275px) 100vw, 275px\" \/><\/a>\n\t\t\t<\/dt><\/dl><br style=\"clear: both\" \/><dl class='gallery-item'>\n\t\t\t<dt class='gallery-icon landscape'>\n\t\t\t\t<a href='https:\/\/hir.mediamarkt.hu\/magazin\/igy-bulizz-a-parton-vagy-a-kadban-a-mediamarkt-vizallo-termekeivel\/mediamarkt_vizallo_05a-2\/'><img loading=\"lazy\" decoding=\"async\" width=\"275\" height=\"205\" src=\"https:\/\/hir.mediamarkt.hu\/magazin\/wp-content\/uploads\/2019\/07\/MediaMarkt_vizallo_05a-1-275x205.png\" class=\"attachment-thumbnail size-thumbnail\" alt=\"\" srcset=\"https:\/\/hir.mediamarkt.hu\/magazin\/wp-content\/uploads\/2019\/07\/MediaMarkt_vizallo_05a-1-275x205.png 275w, https:\/\/hir.mediamarkt.hu\/magazin\/wp-content\/uploads\/2019\/07\/MediaMarkt_vizallo_05a-1-300x224.png 300w, https:\/\/hir.mediamarkt.hu\/magazin\/wp-content\/uploads\/2019\/07\/MediaMarkt_vizallo_05a-1-768x574.png 768w, https:\/\/hir.mediamarkt.hu\/magazin\/wp-content\/uploads\/2019\/07\/MediaMarkt_vizallo_05a-1-500x375.png 500w, https:\/\/hir.mediamarkt.hu\/magazin\/wp-content\/uploads\/2019\/07\/MediaMarkt_vizallo_05a-1.png 786w\" sizes=\"(max-width: 275px) 100vw, 275px\" \/><\/a>\n\t\t\t<\/dt><\/dl><dl class='gallery-item'>\n\t\t\t<dt class='gallery-icon landscape'>\n\t\t\t\t<a href='https:\/\/hir.mediamarkt.hu\/magazin\/igy-bulizz-a-parton-vagy-a-kadban-a-mediamarkt-vizallo-termekeivel\/mediamarkt_vizallo_06-2\/'><img loading=\"lazy\" decoding=\"async\" width=\"275\" height=\"205\" src=\"https:\/\/hir.mediamarkt.hu\/magazin\/wp-content\/uploads\/2019\/07\/MediaMarkt_vizallo_06-1-275x205.png\" class=\"attachment-thumbnail size-thumbnail\" alt=\"\" srcset=\"https:\/\/hir.mediamarkt.hu\/magazin\/wp-content\/uploads\/2019\/07\/MediaMarkt_vizallo_06-1-275x205.png 275w, https:\/\/hir.mediamarkt.hu\/magazin\/wp-content\/uploads\/2019\/07\/MediaMarkt_vizallo_06-1-300x224.png 300w, https:\/\/hir.mediamarkt.hu\/magazin\/wp-content\/uploads\/2019\/07\/MediaMarkt_vizallo_06-1-768x574.png 768w, https:\/\/hir.mediamarkt.hu\/magazin\/wp-content\/uploads\/2019\/07\/MediaMarkt_vizallo_06-1-500x375.png 500w, https:\/\/hir.mediamarkt.hu\/magazin\/wp-content\/uploads\/2019\/07\/MediaMarkt_vizallo_06-1.png 786w\" sizes=\"(max-width: 275px) 100vw, 275px\" \/><\/a>\n\t\t\t<\/dt><\/dl><dl class='gallery-item'>\n\t\t\t<dt class='gallery-icon landscape'>\n\t\t\t\t<a href='https:\/\/hir.mediamarkt.hu\/magazin\/igy-bulizz-a-parton-vagy-a-kadban-a-mediamarkt-vizallo-termekeivel\/mediamarkt_vizallo_07-2\/'><img loading=\"lazy\" decoding=\"async\" width=\"275\" height=\"205\" src=\"https:\/\/hir.mediamarkt.hu\/magazin\/wp-content\/uploads\/2019\/07\/MediaMarkt_vizallo_07-1-275x205.png\" class=\"attachment-thumbnail size-thumbnail\" alt=\"\" srcset=\"https:\/\/hir.mediamarkt.hu\/magazin\/wp-content\/uploads\/2019\/07\/MediaMarkt_vizallo_07-1-275x205.png 275w, https:\/\/hir.mediamarkt.hu\/magazin\/wp-content\/uploads\/2019\/07\/MediaMarkt_vizallo_07-1-300x224.png 300w, https:\/\/hir.mediamarkt.hu\/magazin\/wp-content\/uploads\/2019\/07\/MediaMarkt_vizallo_07-1-768x574.png 768w, https:\/\/hir.mediamarkt.hu\/magazin\/wp-content\/uploads\/2019\/07\/MediaMarkt_vizallo_07-1-500x375.png 500w, https:\/\/hir.mediamarkt.hu\/magazin\/wp-content\/uploads\/2019\/07\/MediaMarkt_vizallo_07-1.png 786w\" sizes=\"(max-width: 275px) 100vw, 275px\" \/><\/a>\n\t\t\t<\/dt><\/dl><br style=\"clear: both\" \/><dl class='gallery-item'>\n\t\t\t<dt class='gallery-icon landscape'>\n\t\t\t\t<a href='https:\/\/hir.mediamarkt.hu\/magazin\/igy-bulizz-a-parton-vagy-a-kadban-a-mediamarkt-vizallo-termekeivel\/mediamarkt_vizallo_08-2\/'><img loading=\"lazy\" decoding=\"async\" width=\"275\" height=\"205\" src=\"https:\/\/hir.mediamarkt.hu\/magazin\/wp-content\/uploads\/2019\/07\/MediaMarkt_vizallo_08-1-275x205.png\" class=\"attachment-thumbnail size-thumbnail\" alt=\"\" srcset=\"https:\/\/hir.mediamarkt.hu\/magazin\/wp-content\/uploads\/2019\/07\/MediaMarkt_vizallo_08-1-275x205.png 275w, https:\/\/hir.mediamarkt.hu\/magazin\/wp-content\/uploads\/2019\/07\/MediaMarkt_vizallo_08-1-300x224.png 300w, https:\/\/hir.mediamarkt.hu\/magazin\/wp-content\/uploads\/2019\/07\/MediaMarkt_vizallo_08-1-768x574.png 768w, https:\/\/hir.mediamarkt.hu\/magazin\/wp-content\/uploads\/2019\/07\/MediaMarkt_vizallo_08-1-500x375.png 500w, https:\/\/hir.mediamarkt.hu\/magazin\/wp-content\/uploads\/2019\/07\/MediaMarkt_vizallo_08-1.png 786w\" sizes=\"(max-width: 275px) 100vw, 275px\" \/><\/a>\n\t\t\t<\/dt><\/dl><dl class='gallery-item'>\n\t\t\t<dt class='gallery-icon landscape'>\n\t\t\t\t<a href='https:\/\/hir.mediamarkt.hu\/magazin\/igy-bulizz-a-parton-vagy-a-kadban-a-mediamarkt-vizallo-termekeivel\/mediamarkt_vizallo_09-2\/'><img loading=\"lazy\" decoding=\"async\" width=\"275\" height=\"205\" src=\"https:\/\/hir.mediamarkt.hu\/magazin\/wp-content\/uploads\/2019\/07\/MediaMarkt_vizallo_09-1-275x205.png\" class=\"attachment-thumbnail size-thumbnail\" alt=\"\" srcset=\"https:\/\/hir.mediamarkt.hu\/magazin\/wp-content\/uploads\/2019\/07\/MediaMarkt_vizallo_09-1-275x205.png 275w, https:\/\/hir.mediamarkt.hu\/magazin\/wp-content\/uploads\/2019\/07\/MediaMarkt_vizallo_09-1-300x224.png 300w, https:\/\/hir.mediamarkt.hu\/magazin\/wp-content\/uploads\/2019\/07\/MediaMarkt_vizallo_09-1-768x574.png 768w, https:\/\/hir.mediamarkt.hu\/magazin\/wp-content\/uploads\/2019\/07\/MediaMarkt_vizallo_09-1-500x375.png 500w, https:\/\/hir.mediamarkt.hu\/magazin\/wp-content\/uploads\/2019\/07\/MediaMarkt_vizallo_09-1.png 786w\" sizes=\"(max-width: 275px) 100vw, 275px\" \/><\/a>\n\t\t\t<\/dt><\/dl><dl class='gallery-item'>\n\t\t\t<dt class='gallery-icon landscape'>\n\t\t\t\t<a href='https:\/\/hir.mediamarkt.hu\/magazin\/igy-bulizz-a-parton-vagy-a-kadban-a-mediamarkt-vizallo-termekeivel\/mediamarkt_vizallo_09a-2\/'><img loading=\"lazy\" decoding=\"async\" width=\"275\" height=\"205\" src=\"https:\/\/hir.mediamarkt.hu\/magazin\/wp-content\/uploads\/2019\/07\/MediaMarkt_vizallo_09a-1-275x205.png\" class=\"attachment-thumbnail size-thumbnail\" alt=\"\" srcset=\"https:\/\/hir.mediamarkt.hu\/magazin\/wp-content\/uploads\/2019\/07\/MediaMarkt_vizallo_09a-1-275x205.png 275w, https:\/\/hir.mediamarkt.hu\/magazin\/wp-content\/uploads\/2019\/07\/MediaMarkt_vizallo_09a-1-300x224.png 300w, https:\/\/hir.mediamarkt.hu\/magazin\/wp-content\/uploads\/2019\/07\/MediaMarkt_vizallo_09a-1-768x574.png 768w, https:\/\/hir.mediamarkt.hu\/magazin\/wp-content\/uploads\/2019\/07\/MediaMarkt_vizallo_09a-1-500x375.png 500w, https:\/\/hir.mediamarkt.hu\/magazin\/wp-content\/uploads\/2019\/07\/MediaMarkt_vizallo_09a-1.png 786w\" sizes=\"(max-width: 275px) 100vw, 275px\" \/><\/a>\n\t\t\t<\/dt><\/dl><br style=\"clear: both\" \/>\n\t\t<\/div>\n\r\n<h2><\/h2>\r\n<h2><strong>Kapcsol\u00f3d\u00f3 cikkeink:\u00a0<\/strong><\/h2>\r\n<a href=\"https:\/\/hir.mediamarkt.hu\/magazin\/cukisag-lenyulta-gopro-kamerat-csalad-kutyaja-majd-road-movie-forgatasba-kezdett\/\">CUKIS\u00c1G: LENY\u00daLTA A GOPRO KAMER\u00c1T A CSAL\u00c1D KUTY\u00c1JA, MAJD ROAD MOVIE FORGAT\u00c1SBA KEZDETT!<\/a>\r\n\r\n<a href=\"https:\/\/hir.mediamarkt.hu\/magazin\/jbl-hangszorok-teszt\/\">GUMIKACSA HELYETT BLUETOOTH-HANGSZ\u00d3R\u00d3VAL F\u00dcR\u00d6DT\u00dcNK: A NAGY JBL-K\u00d6RK\u00c9P<\/a>\r\n\r\n<a href=\"https:\/\/hir.mediamarkt.hu\/magazin\/olvasni-szexi-170-grammba-minden-tudast-felhalmozni-extrem-szexi\/\">OLVASNI SZEXI. 170 GRAMMBA MINDEN TUD\u00c1ST FELHALMOZNI? EXTR\u00c9M SZEXI!<\/a>","protected":false},"excerpt":{"rendered":"Hangfalak, f\u00fclesek, kamer\u00e1k: \u00f6sszeszedt\u00fcnk mindent, amire egy akt\u00edv ny\u00e1ri id\u0151szakban m\u00e9g mindig sz\u00fcks\u00e9ged lehet! \u00c9s ha be\u00e1ll a t\u00e9l, az sem probl\u00e9ma, hiszen Magyarorsz\u00e1g h\u00e9v\u00edz nagyhatalom. Emellett a buli a f\u00fcrd\u0151szob\u00e1dban is b\u00e1rmikor folytat\u00f3dhat.Egy a jelsz\u00f3: tart\u00f3s v\u00edz\u00e1ll\u00f3 r\u00e9teg, na \u00e9s b\u00e9ke!","protected":false},"author":13,"featured_media":9285,"comment_status":"open","ping_status":"open","sticky":false,"template":"","format":"standard","meta":{"wprm-recipe-roundup-name":"","wprm-recipe-roundup-description":"","footnotes":""},"categories":[5967],"tags":[3502,898,3401,2695,400,1725,200,1865,3504,1002,2462,113,59,2155,2127,2173,281,2541,2623,2520,170,542,746,470,2581,3503,3065,290,270,2627,94],"yoast_head":"<!-- This site is optimized with the Yoast SEO plugin v22.9 - https:\/\/yoast.com\/wordpress\/plugins\/seo\/ -->\n<title>\u00cdgy bulizz a parton vagy a k\u00e1dban a MediaMarkt v\u00edz\u00e1ll\u00f3 term\u00e9keivel! - MediaMarkt Magazin<\/title>\n<meta name=\"description\" content=\"Fot\u00f3, zene, olvas\u00e1s, buli: mindennel k\u00e9sz\u00fclt\u00fcnk, ami v\u00edz\u00e1ll\u00f3! Essen az es\u0151, hull\u00e1mozzon a Balaton vagy a tenger, ezekkel a k\u00e9sz\u00fcl\u00e9kekkel ez a te nyarad!\" \/>\n<meta name=\"robots\" content=\"index, follow, max-snippet:-1, max-image-preview:large, max-video-preview:-1\" \/>\n<link rel=\"canonical\" href=\"https:\/\/hir.mediamarkt.hu\/magazin\/igy-bulizz-a-parton-vagy-a-kadban-a-mediamarkt-vizallo-termekeivel\/\" \/>\n<meta property=\"og:locale\" content=\"hu_HU\" \/>\n<meta property=\"og:type\" content=\"article\" \/>\n<meta property=\"og:title\" content=\"\u00cdgy bulizz a parton vagy a k\u00e1dban a MediaMarkt v\u00edz\u00e1ll\u00f3 term\u00e9keivel! - MediaMarkt Magazin\" \/>\n<meta property=\"og:description\" content=\"Fot\u00f3, zene, olvas\u00e1s, buli: mindennel k\u00e9sz\u00fclt\u00fcnk, ami v\u00edz\u00e1ll\u00f3! Essen az es\u0151, hull\u00e1mozzon a Balaton vagy a tenger, ezekkel a k\u00e9sz\u00fcl\u00e9kekkel ez a te nyarad!\" \/>\n<meta property=\"og:url\" content=\"https:\/\/hir.mediamarkt.hu\/magazin\/igy-bulizz-a-parton-vagy-a-kadban-a-mediamarkt-vizallo-termekeivel\/\" \/>\n<meta property=\"og:site_name\" content=\"MediaMarkt Magazin\" \/>\n<meta property=\"article:publisher\" content=\"https:\/\/www.facebook.com\/MediaMarktMagyarorszag\" \/>\n<meta property=\"article:published_time\" content=\"2019-07-30T12:22:11+00:00\" \/>\n<meta property=\"og:image\" content=\"https:\/\/hir.mediamarkt.hu\/magazin\/wp-content\/uploads\/2019\/07\/MediaMarkt_vizallo_14.jpeg\" \/>\n\t<meta property=\"og:image:width\" content=\"1440\" \/>\n\t<meta property=\"og:image:height\" content=\"1080\" \/>\n\t<meta property=\"og:image:type\" content=\"image\/jpeg\" \/>\n<meta name=\"author\" content=\"Media Markt\" \/>\n<meta name=\"twitter:label1\" content=\"Szerz\u0151:\" \/>\n\t<meta name=\"twitter:data1\" content=\"Media Markt\" \/>\n\t<meta name=\"twitter:label2\" content=\"Becs\u00fclt olvas\u00e1si id\u0151\" \/>\n\t<meta name=\"twitter:data2\" content=\"5 perc\" \/>\n<script type=\"application\/ld+json\" class=\"yoast-schema-graph\">{\"@context\":\"https:\/\/schema.org\",\"@graph\":[{\"@type\":\"WebPage\",\"@id\":\"https:\/\/hir.mediamarkt.hu\/magazin\/igy-bulizz-a-parton-vagy-a-kadban-a-mediamarkt-vizallo-termekeivel\/\",\"url\":\"https:\/\/hir.mediamarkt.hu\/magazin\/igy-bulizz-a-parton-vagy-a-kadban-a-mediamarkt-vizallo-termekeivel\/\",\"name\":\"\u00cdgy bulizz a parton vagy a k\u00e1dban a MediaMarkt v\u00edz\u00e1ll\u00f3 term\u00e9keivel! - MediaMarkt Magazin\",\"isPartOf\":{\"@id\":\"https:\/\/hir.mediamarkt.hu\/magazin\/#website\"},\"primaryImageOfPage\":{\"@id\":\"https:\/\/hir.mediamarkt.hu\/magazin\/igy-bulizz-a-parton-vagy-a-kadban-a-mediamarkt-vizallo-termekeivel\/#primaryimage\"},\"image\":{\"@id\":\"https:\/\/hir.mediamarkt.hu\/magazin\/igy-bulizz-a-parton-vagy-a-kadban-a-mediamarkt-vizallo-termekeivel\/#primaryimage\"},\"thumbnailUrl\":\"https:\/\/hir.mediamarkt.hu\/magazin\/wp-content\/uploads\/2019\/07\/MediaMarkt_vizallo_14.jpeg\",\"datePublished\":\"2019-07-30T12:22:11+00:00\",\"dateModified\":\"2019-07-30T12:22:11+00:00\",\"author\":{\"@id\":\"https:\/\/hir.mediamarkt.hu\/magazin\/#\/schema\/person\/b93b02ec1ab4d2353f8d281e171c1b0b\"},\"description\":\"Fot\u00f3, zene, olvas\u00e1s, buli: mindennel k\u00e9sz\u00fclt\u00fcnk, ami v\u00edz\u00e1ll\u00f3! Essen az es\u0151, hull\u00e1mozzon a Balaton vagy a tenger, ezekkel a k\u00e9sz\u00fcl\u00e9kekkel ez a te nyarad!\",\"breadcrumb\":{\"@id\":\"https:\/\/hir.mediamarkt.hu\/magazin\/igy-bulizz-a-parton-vagy-a-kadban-a-mediamarkt-vizallo-termekeivel\/#breadcrumb\"},\"inLanguage\":\"hu\",\"potentialAction\":[{\"@type\":\"ReadAction\",\"target\":[\"https:\/\/hir.mediamarkt.hu\/magazin\/igy-bulizz-a-parton-vagy-a-kadban-a-mediamarkt-vizallo-termekeivel\/\"]}]},{\"@type\":\"ImageObject\",\"inLanguage\":\"hu\",\"@id\":\"https:\/\/hir.mediamarkt.hu\/magazin\/igy-bulizz-a-parton-vagy-a-kadban-a-mediamarkt-vizallo-termekeivel\/#primaryimage\",\"url\":\"https:\/\/hir.mediamarkt.hu\/magazin\/wp-content\/uploads\/2019\/07\/MediaMarkt_vizallo_14.jpeg\",\"contentUrl\":\"https:\/\/hir.mediamarkt.hu\/magazin\/wp-content\/uploads\/2019\/07\/MediaMarkt_vizallo_14.jpeg\",\"width\":1440,\"height\":1080},{\"@type\":\"BreadcrumbList\",\"@id\":\"https:\/\/hir.mediamarkt.hu\/magazin\/igy-bulizz-a-parton-vagy-a-kadban-a-mediamarkt-vizallo-termekeivel\/#breadcrumb\",\"itemListElement\":[{\"@type\":\"ListItem\",\"position\":1,\"name\":\"Kezd\u0151lap\",\"item\":\"https:\/\/hir.mediamarkt.hu\/magazin\/\"},{\"@type\":\"ListItem\",\"position\":2,\"name\":\"\u00cdgy bulizz a parton vagy a k\u00e1dban a MediaMarkt v\u00edz\u00e1ll\u00f3 term\u00e9keivel!\"}]},{\"@type\":\"WebSite\",\"@id\":\"https:\/\/hir.mediamarkt.hu\/magazin\/#website\",\"url\":\"https:\/\/hir.mediamarkt.hu\/magazin\/\",\"name\":\"MediaMarkt Magazin\",\"description\":\"Olvass bele magazinunkba!\",\"potentialAction\":[{\"@type\":\"SearchAction\",\"target\":{\"@type\":\"EntryPoint\",\"urlTemplate\":\"https:\/\/hir.mediamarkt.hu\/magazin\/?s={search_term_string}\"},\"query-input\":\"required name=search_term_string\"}],\"inLanguage\":\"hu\"},{\"@type\":\"Person\",\"@id\":\"https:\/\/hir.mediamarkt.hu\/magazin\/#\/schema\/person\/b93b02ec1ab4d2353f8d281e171c1b0b\",\"name\":\"Media Markt\",\"image\":{\"@type\":\"ImageObject\",\"inLanguage\":\"hu\",\"@id\":\"https:\/\/hir.mediamarkt.hu\/magazin\/#\/schema\/person\/image\/\",\"url\":\"https:\/\/secure.gravatar.com\/avatar\/602bccae8998beee472d01909f0978f1?s=96&d=mm&r=g\",\"contentUrl\":\"https:\/\/secure.gravatar.com\/avatar\/602bccae8998beee472d01909f0978f1?s=96&d=mm&r=g\",\"caption\":\"Media Markt\"}}]}<\/script>\n<!-- \/ Yoast SEO plugin. -->","yoast_head_json":{"title":"\u00cdgy bulizz a parton vagy a k\u00e1dban a MediaMarkt v\u00edz\u00e1ll\u00f3 term\u00e9keivel! - MediaMarkt Magazin","description":"Fot\u00f3, zene, olvas\u00e1s, buli: mindennel k\u00e9sz\u00fclt\u00fcnk, ami v\u00edz\u00e1ll\u00f3! Essen az es\u0151, hull\u00e1mozzon a Balaton vagy a tenger, ezekkel a k\u00e9sz\u00fcl\u00e9kekkel ez a te nyarad!","robots":{"index":"index","follow":"follow","max-snippet":"max-snippet:-1","max-image-preview":"max-image-preview:large","max-video-preview":"max-video-preview:-1"},"canonical":"https:\/\/hir.mediamarkt.hu\/magazin\/igy-bulizz-a-parton-vagy-a-kadban-a-mediamarkt-vizallo-termekeivel\/","og_locale":"hu_HU","og_type":"article","og_title":"\u00cdgy bulizz a parton vagy a k\u00e1dban a MediaMarkt v\u00edz\u00e1ll\u00f3 term\u00e9keivel! - MediaMarkt Magazin","og_description":"Fot\u00f3, zene, olvas\u00e1s, buli: mindennel k\u00e9sz\u00fclt\u00fcnk, ami v\u00edz\u00e1ll\u00f3! Essen az es\u0151, hull\u00e1mozzon a Balaton vagy a tenger, ezekkel a k\u00e9sz\u00fcl\u00e9kekkel ez a te nyarad!","og_url":"https:\/\/hir.mediamarkt.hu\/magazin\/igy-bulizz-a-parton-vagy-a-kadban-a-mediamarkt-vizallo-termekeivel\/","og_site_name":"MediaMarkt Magazin","article_publisher":"https:\/\/www.facebook.com\/MediaMarktMagyarorszag","article_published_time":"2019-07-30T12:22:11+00:00","og_image":[{"width":1440,"height":1080,"url":"https:\/\/hir.mediamarkt.hu\/magazin\/wp-content\/uploads\/2019\/07\/MediaMarkt_vizallo_14.jpeg","type":"image\/jpeg"}],"author":"Media Markt","twitter_misc":{"Szerz\u0151:":"Media Markt","Becs\u00fclt olvas\u00e1si id\u0151":"5 perc"},"schema":{"@context":"https:\/\/schema.org","@graph":[{"@type":"WebPage","@id":"https:\/\/hir.mediamarkt.hu\/magazin\/igy-bulizz-a-parton-vagy-a-kadban-a-mediamarkt-vizallo-termekeivel\/","url":"https:\/\/hir.mediamarkt.hu\/magazin\/igy-bulizz-a-parton-vagy-a-kadban-a-mediamarkt-vizallo-termekeivel\/","name":"\u00cdgy bulizz a parton vagy a k\u00e1dban a MediaMarkt v\u00edz\u00e1ll\u00f3 term\u00e9keivel! - MediaMarkt Magazin","isPartOf":{"@id":"https:\/\/hir.mediamarkt.hu\/magazin\/#website"},"primaryImageOfPage":{"@id":"https:\/\/hir.mediamarkt.hu\/magazin\/igy-bulizz-a-parton-vagy-a-kadban-a-mediamarkt-vizallo-termekeivel\/#primaryimage"},"image":{"@id":"https:\/\/hir.mediamarkt.hu\/magazin\/igy-bulizz-a-parton-vagy-a-kadban-a-mediamarkt-vizallo-termekeivel\/#primaryimage"},"thumbnailUrl":"https:\/\/hir.mediamarkt.hu\/magazin\/wp-content\/uploads\/2019\/07\/MediaMarkt_vizallo_14.jpeg","datePublished":"2019-07-30T12:22:11+00:00","dateModified":"2019-07-30T12:22:11+00:00","author":{"@id":"https:\/\/hir.mediamarkt.hu\/magazin\/#\/schema\/person\/b93b02ec1ab4d2353f8d281e171c1b0b"},"description":"Fot\u00f3, zene, olvas\u00e1s, buli: mindennel k\u00e9sz\u00fclt\u00fcnk, ami v\u00edz\u00e1ll\u00f3! Essen az es\u0151, hull\u00e1mozzon a Balaton vagy a tenger, ezekkel a k\u00e9sz\u00fcl\u00e9kekkel ez a te nyarad!","breadcrumb":{"@id":"https:\/\/hir.mediamarkt.hu\/magazin\/igy-bulizz-a-parton-vagy-a-kadban-a-mediamarkt-vizallo-termekeivel\/#breadcrumb"},"inLanguage":"hu","potentialAction":[{"@type":"ReadAction","target":["https:\/\/hir.mediamarkt.hu\/magazin\/igy-bulizz-a-parton-vagy-a-kadban-a-mediamarkt-vizallo-termekeivel\/"]}]},{"@type":"ImageObject","inLanguage":"hu","@id":"https:\/\/hir.mediamarkt.hu\/magazin\/igy-bulizz-a-parton-vagy-a-kadban-a-mediamarkt-vizallo-termekeivel\/#primaryimage","url":"https:\/\/hir.mediamarkt.hu\/magazin\/wp-content\/uploads\/2019\/07\/MediaMarkt_vizallo_14.jpeg","contentUrl":"https:\/\/hir.mediamarkt.hu\/magazin\/wp-content\/uploads\/2019\/07\/MediaMarkt_vizallo_14.jpeg","width":1440,"height":1080},{"@type":"BreadcrumbList","@id":"https:\/\/hir.mediamarkt.hu\/magazin\/igy-bulizz-a-parton-vagy-a-kadban-a-mediamarkt-vizallo-termekeivel\/#breadcrumb","itemListElement":[{"@type":"ListItem","position":1,"name":"Kezd\u0151lap","item":"https:\/\/hir.mediamarkt.hu\/magazin\/"},{"@type":"ListItem","position":2,"name":"\u00cdgy bulizz a parton vagy a k\u00e1dban a MediaMarkt v\u00edz\u00e1ll\u00f3 term\u00e9keivel!"}]},{"@type":"WebSite","@id":"https:\/\/hir.mediamarkt.hu\/magazin\/#website","url":"https:\/\/hir.mediamarkt.hu\/magazin\/","name":"MediaMarkt Magazin","description":"Olvass bele magazinunkba!","potentialAction":[{"@type":"SearchAction","target":{"@type":"EntryPoint","urlTemplate":"https:\/\/hir.mediamarkt.hu\/magazin\/?s={search_term_string}"},"query-input":"required name=search_term_string"}],"inLanguage":"hu"},{"@type":"Person","@id":"https:\/\/hir.mediamarkt.hu\/magazin\/#\/schema\/person\/b93b02ec1ab4d2353f8d281e171c1b0b","name":"Media Markt","image":{"@type":"ImageObject","inLanguage":"hu","@id":"https:\/\/hir.mediamarkt.hu\/magazin\/#\/schema\/person\/image\/","url":"https:\/\/secure.gravatar.com\/avatar\/602bccae8998beee472d01909f0978f1?s=96&d=mm&r=g","contentUrl":"https:\/\/secure.gravatar.com\/avatar\/602bccae8998beee472d01909f0978f1?s=96&d=mm&r=g","caption":"Media Markt"}}]}},"_links":{"self":[{"href":"https:\/\/hir.mediamarkt.hu\/magazin\/wp-json\/wp\/v2\/posts\/9249"}],"collection":[{"href":"https:\/\/hir.mediamarkt.hu\/magazin\/wp-json\/wp\/v2\/posts"}],"about":[{"href":"https:\/\/hir.mediamarkt.hu\/magazin\/wp-json\/wp\/v2\/types\/post"}],"author":[{"embeddable":true,"href":"https:\/\/hir.mediamarkt.hu\/magazin\/wp-json\/wp\/v2\/users\/13"}],"replies":[{"embeddable":true,"href":"https:\/\/hir.mediamarkt.hu\/magazin\/wp-json\/wp\/v2\/comments?post=9249"}],"version-history":[{"count":1,"href":"https:\/\/hir.mediamarkt.hu\/magazin\/wp-json\/wp\/v2\/posts\/9249\/revisions"}],"predecessor-version":[{"id":9286,"href":"https:\/\/hir.mediamarkt.hu\/magazin\/wp-json\/wp\/v2\/posts\/9249\/revisions\/9286"}],"wp:featuredmedia":[{"embeddable":true,"href":"https:\/\/hir.mediamarkt.hu\/magazin\/wp-json\/wp\/v2\/media\/9285"}],"wp:attachment":[{"href":"https:\/\/hir.mediamarkt.hu\/magazin\/wp-json\/wp\/v2\/media?parent=9249"}],"wp:term":[{"taxonomy":"category","embeddable":true,"href":"https:\/\/hir.mediamarkt.hu\/magazin\/wp-json\/wp\/v2\/categories?post=9249"},{"taxonomy":"post_tag","embeddable":true,"href":"https:\/\/hir.mediamarkt.hu\/magazin\/wp-json\/wp\/v2\/tags?post=9249"}],"curies":[{"name":"wp","href":"https:\/\/api.w.org\/{rel}","templated":true}]}}