{"id":9331,"date":"2019-08-06T23:13:30","date_gmt":"2019-08-06T22:13:30","guid":{"rendered":"http:\/\/hir.mediamarkt.hu\/magazin\/?p=9331"},"modified":"2019-08-06T23:13:30","modified_gmt":"2019-08-06T22:13:30","slug":"wifi-es-bluetooth-alapu-eszkozok-a-kabelmentes-eletert","status":"publish","type":"post","link":"https:\/\/hir.mediamarkt.hu\/magazin\/wifi-es-bluetooth-alapu-eszkozok-a-kabelmentes-eletert\/","title":{"rendered":"A j\u00faliusi kih\u00edv\u00e1s ut\u00e1n itt a k\u00e1belmentes augusztus!"},"content":{"rendered":"Hatalmasat ment az emberis\u00e9g az elm\u00falt t\u00edz \u00e9vben \u2013 m\u00e1rmint technol\u00f3giailag. Fajunk ugyan nem k\u00f6zeledett a Star Trek emberis\u00e9gk\u00e9p\u00e9hez racionalit\u00e1sban, humanit\u00e1sban \u00e9s \u00e1ltal\u00e1nos j\u00f3fejs\u00e9gben (s\u0151t, sok \u00e9rvet lehetne hozni amellett, hogy \u00e9ppen t\u00e1volodunk t\u0151le), de az t\u00e9ny, hogy a tudom\u00e1nyban fantasztikus eredm\u00e9nyeket \u00e9rt\u00fcnk el. G\u00e9nter\u00e1pi\u00e1val gy\u00f3gy\u00edtjuk a r\u00e1kot, mindj\u00e1rt k\u00e9szen \u00e1llunk a Mars-k\u00fcldet\u00e9sre, felfoghatatlan sebess\u00e9ggel sz\u00f3rja az internet a hatalmas felbont\u00e1s\u00fa vide\u00f3kat egyenesen a t\u00e9v\u00e9dre, \u00e9s szavakkal parancsolgathatunk szinte b\u00e1rmely k\u00fcty\u00fcnknek, bele\u00e9rtve a h\u0171t\u0151nket is, ha az megfelel\u0151en okos.\r\n\r\nEhhez k\u00e9pest nagyon furcsa, szinte abszurd, hogy egy t\u00e9ren, b\u00e1r b\u00edztat\u00f3 r\u00e9szeredm\u00e9nyeket fel tudunk mutatni, az \u00e1tt\u00f6r\u00e9s elmaradt:\r\n<blockquote>m\u00e9g mindig k\u00e1belekkel k\u00f6t\u00fcnk \u00f6ssze mindennel mindent.<\/blockquote>\r\nNa j\u00f3, majdnem mindent. Az ut\u00f3bbi \u00e9vekben elterjedt technol\u00f3gi\u00e1k \u2013 f\u0151leg az eszk\u00f6z\u00f6k k\u00f6zti wifi \u00e9s a Bluetooth \u2013 ugyanis m\u00e1r lehet\u0151v\u00e9 teszik, hogy eg\u00e9szen sok k\u00e1belt\u0151l megszabadulj. Ami persze j\u00f3 a k\u00f6z\u00e9rzetednek, az eg\u00e9szs\u00e9gednek (hiszen ennyivel is kevesebb fel\u00fclet fogja a port \u00e9s az atk\u00e1kat) \u00e9s a lak\u00e1sod eszt\u00e9tik\u00e1j\u00e1nak, ami f\u0151leg akkor fontos, ha a minimalizmus, esetleg a Bauhaus h\u00edve vagy bels\u0151\u00e9p\u00edt\u00e9szetileg. Ak\u00e1rhogy is: a k\u00e1bel a leg\u00fajabbkori emberis\u00e9g egyik legnagyobb ny\u0171gje (legal\u00e1bbis a first world problemek sor\u00e1ban), mi pedig al\u00e1bb bemutatunk \u00f6t tuti term\u00e9ket, amivel sokkal k\u00e9nyelmesebb lesz az \u00e9let. A k\u00f6zc\u00edmekre kattintva azonnal meg is v\u00e1s\u00e1rolhatod mindet!\r\n<h2><a href=\"http:\/\/mediamarkt.hu\/catentry\/1279182\">GPO Piccadilly bluetooth-os lemezj\u00e1tsz\u00f3 hangfalp\u00e1rral<\/a><\/h2>\r\nKezdj\u00fck r\u00f6gt\u00f6n egy k\u00fcl\u00f6nlegess\u00e9ggel. A hagyom\u00e1nyos lemezj\u00e1tsz\u00f3kra nem \u00fagy gondol az ember, mint egy k\u00e1belmentes eszk\u00f6zre. Pedig mi\u00e9rt ne? Ahol hangkimenet van, oda Bluetooth-konvertert is lehet szerelni, innent\u0151l kezdve pedig mag\u00e1t\u00f3l \u00e9rtet\u0151d\u0151 az eg\u00e9sz. A GPO most egy csomagban \u00e1rul egy pof\u00e1s hangalp\u00e1rt \u00e9s egy eszt\u00e9tikailag \u201esemmi extra\u201d, de ett\u0151l m\u00e9g aranyos \u00e9s korrekt lemezj\u00e1tsz\u00f3t. Tudja mindh\u00e1rom hagyom\u00e1nyos sebess\u00e9get, strapab\u00edr\u00f3, sz\u00e9pen sz\u00f3l, fedele felhajthat\u00f3 \u00e9s levehet\u0151 \u00e9s term\u00e9szetesen haszn\u00e1lhatunk vezet\u00e9kes hangfalakat (\u00e9s bemenetet), az igazi vonzereje azonban a Bluetooth-k\u00e9pess\u00e9g, amit a mell\u00e9kelt eg\u00e9szen sz\u00e9p polchangsz\u00f3r\u00f3k sz\u00f3laltatnak meg. B\u00e1rhol j\u00f3l mutatnak (persze Bluetooth-hat\u00f3t\u00e1vols\u00e1gon bel\u00fcl), \u00e9s a 16 wattjukkal nem viszik majd le a h\u00e1z tetej\u00e9t, de sz\u00e9gyenkeznival\u00f3juk sincs. Kicsit t\u00f6bb, mint 40 ezer forint\u00e9rt nagyszer\u0171 aj\u00e1nd\u00e9k.\r\n\r\n<img loading=\"lazy\" decoding=\"async\" class=\"alignnone wp-image-9335 size-full\" src=\"https:\/\/hir.mediamarkt.hu\/magazin\/wp-content\/uploads\/2019\/08\/kab_magn.png\" alt=\"\" width=\"786\" height=\"587\" srcset=\"https:\/\/hir.mediamarkt.hu\/magazin\/wp-content\/uploads\/2019\/08\/kab_magn.png 786w, https:\/\/hir.mediamarkt.hu\/magazin\/wp-content\/uploads\/2019\/08\/kab_magn-275x205.png 275w, https:\/\/hir.mediamarkt.hu\/magazin\/wp-content\/uploads\/2019\/08\/kab_magn-300x224.png 300w, https:\/\/hir.mediamarkt.hu\/magazin\/wp-content\/uploads\/2019\/08\/kab_magn-768x574.png 768w\" sizes=\"(max-width: 786px) 100vw, 786px\" \/>\r\n<h2><a href=\"http:\/\/mediamarkt.hu\/catentry\/1219476\">Magnat Soundbar SBW 250<\/a><\/h2>\r\nMaradunk az audi\u00f3n\u00e1l \u2013 nan\u00e1, ezt a legk\u00f6nnyebb vezet\u00e9k n\u00e9lk\u00fcl \u00e1tvinni, tal\u00e1n majd a nagy felbont\u00e1s\u00fa wireless vide\u00f3 is elterjed egyszer, az lesz csak a sz\u00e9p vil\u00e1g \u2013, mag\u00e1t\u00f3l \u00e9rtet\u0151d\u0151, hogy egy hangprojektor a soros. Az\u00e9rt mag\u00e1t\u00f3l \u00e9rtet\u0151d\u0151, mert ezek a hagyom\u00e1nyos hangfalp\u00e1rokhoz k\u00e9pest els\u0151re furcsa szerkezetek m\u00e1ra kin\u0151tt\u00e9k a \u201et\u00e9v\u00e9 gy\u00e1ri hangj\u00e1t\u00f3l egy kicsit jobb\u201d st\u00e1tuszt \u00e9s a saj\u00e1t jogukon teljes h\u00e1zi zene- \u00e9s film\u00e9lm\u00e9ny-felel\u0151ss\u00e9 v\u00e1ltak. A hangprojektor nagyszer\u0171 tal\u00e1lm\u00e1ny, tr\u00fckk\u00f6s kialak\u00edt\u00e1s\u00e1nak h\u00e1la jobban sz\u00f3rja a sztere\u00f3t, mint az m\u00e9rete alapj\u00e1n v\u00e1rhat\u00f3 lenne, \u00e9s mivel \u00e1ltal\u00e1ban akt\u00edv vagy passz\u00edv m\u00e9lynyom\u00f3val \u00e9rkezik, m\u00e9g az olcs\u00f3bb modellek is eg\u00e9szen telt, er\u0151teljes hangz\u00e1st biztos\u00edtanak. Ami pedig nek\u00fcnk most fontos: szinte mind Bluetooth-k\u00e9pes. Ez a nagyszer\u0171, k\u00f6z\u00e9pkateg\u00f3ri\u00e1s Magnat-modell, amit aj\u00e1nlunk, szint\u00e9n ilyen. A m\u00e9lynyom\u00f3 az \u00e1tlagn\u00e1l nagyobb, a teljes\u00edtm\u00e9ny az \u00e1tlagn\u00e1l kisebb (ebben a kateg\u00f3ri\u00e1ban 300-400 wattos t\u00e9nyleges teljes\u00edtm\u00e9nnyel szoktak villogni a gy\u00e1rt\u00f3k, ez \u201ecsak\u201d sz\u00e1z wattos, ami nem azt jelenti, hogy kev\u00e9s, hanem azt, hogy a tervez\u0151k ink\u00e1bb a hangz\u00e1sra koncentr\u00e1ltak, mint a hanger\u0151re), az eg\u00e9sz eszk\u00f6z pedig csod\u00e1latos, t\u00e9nyleg mindenre alkalmas. Ez m\u00e9g nem terjedt el, de a monitor al\u00e1, a pc-nk mell\u00e9 t\u00f6k\u00e9letes hangfali monitornak, az aptX HD Bluetooth-technol\u00f3gi\u00e1nak h\u00e1la pedig olyan tiszta \u00e9s k\u00e9sleked\u00e9smentes a hangz\u00e1s, hogy m\u00e9g j\u00e1tszani is tudunk vele \u2013 persze vezet\u00e9k n\u00e9lk\u00fcl.\r\n\r\n<img loading=\"lazy\" decoding=\"async\" class=\"alignnone size-full wp-image-9336\" src=\"https:\/\/hir.mediamarkt.hu\/magazin\/wp-content\/uploads\/2019\/08\/kab_magn2.png\" alt=\"\" width=\"786\" height=\"587\" srcset=\"https:\/\/hir.mediamarkt.hu\/magazin\/wp-content\/uploads\/2019\/08\/kab_magn2.png 786w, https:\/\/hir.mediamarkt.hu\/magazin\/wp-content\/uploads\/2019\/08\/kab_magn2-275x205.png 275w, https:\/\/hir.mediamarkt.hu\/magazin\/wp-content\/uploads\/2019\/08\/kab_magn2-300x224.png 300w, https:\/\/hir.mediamarkt.hu\/magazin\/wp-content\/uploads\/2019\/08\/kab_magn2-768x574.png 768w\" sizes=\"(max-width: 786px) 100vw, 786px\" \/>\r\n<h2><a href=\"http:\/\/mediamarkt.hu\/catentry\/1227004\">Sennheiser HD 4.40 BT<\/a><\/h2>\r\nMert aj\u00e1nlanunk kell egy fejhallgat\u00f3t is, nincs mese. Ak\u00e1rhogy is n\u00e9zel\u0151dt\u00fcnk, \u00e1r-\u00e9rt\u00e9k ar\u00e1nyban m\u00e9g mindig ez a szer\u00e9ny megjelen\u00e9s\u0171, de ann\u00e1l szebben megsz\u00f3lal\u00f3 Sennheiser-modell. Bluetooth 4.0, aptX \u2013 azaz nem vesz\u00edt\u00fcnk semmit azzal, hogy nem vezet\u00e9kr\u0151l hallgatjuk a zen\u00e9t, b\u00e1rhonnan is j\u00f6jj\u00f6n. Csod\u00e1s, Sennheiser-f\u00e9le kiegyens\u00falyozott hangz\u00e1s, pont annyi basszussal, amennyi kell \u00e9s egy cs\u00f6ppet sem torzul\u00f3 magas frekvenci\u00e1kkal, k\u00f6nnyed kezel\u00e9ssel, \u00e9s ami m\u00e9g fontos: pont \u00fagy szorul a fejedre (a f\u00fcleidet term\u00e9szetesen teljesen elfedve), hogy m\u00e9g fut\u00e1s k\u00f6zben sem tud leesni. Az egyetlen negat\u00edvum tal\u00e1n az akt\u00edv zajsz\u0171r\u00e9s hi\u00e1nya, de az ezen az \u00e1ron \u00e9rthet\u0151, a nagyobb testv\u00e9re, a j\u00f3val dr\u00e1g\u00e1bb 4.50 BT m\u00e1r tudja. A v\u00e1laszt\u00e9k hatalmas, a gy\u00e1rt\u00f3k \u00f6lni tudn\u00e1nak a kegyeink\u00e9rt, \u00fagyhogy n\u00e9zel\u0151dj b\u00e1tran, csak tudd: ha ezt v\u00e1lasztod, biztosan nem csal\u00f3dsz majd.\r\n\r\n<img loading=\"lazy\" decoding=\"async\" class=\"alignnone size-full wp-image-9338\" src=\"https:\/\/hir.mediamarkt.hu\/magazin\/wp-content\/uploads\/2019\/08\/kab_sennh.png\" alt=\"\" width=\"786\" height=\"587\" srcset=\"https:\/\/hir.mediamarkt.hu\/magazin\/wp-content\/uploads\/2019\/08\/kab_sennh.png 786w, https:\/\/hir.mediamarkt.hu\/magazin\/wp-content\/uploads\/2019\/08\/kab_sennh-275x205.png 275w, https:\/\/hir.mediamarkt.hu\/magazin\/wp-content\/uploads\/2019\/08\/kab_sennh-300x224.png 300w, https:\/\/hir.mediamarkt.hu\/magazin\/wp-content\/uploads\/2019\/08\/kab_sennh-768x574.png 768w\" sizes=\"(max-width: 786px) 100vw, 786px\" \/>\r\n<h2><a href=\"http:\/\/mediamarkt.hu\/catentry\/1229152\">Rapoo X8100 magyar billenty\u0171zet \u00e9s eg\u00e9r<\/a><\/h2>\r\nAz \u00f6sszecsomagolt, olcs\u00f3 billenty\u0171zet-eg\u00e9r komb\u00f3kra sok\u00e1ig mi is gyanakodva n\u00e9zt\u00fcnk: nem csak maguk a term\u00e9kek, hanem a min\u0151s\u00e9g\u00fck is olcs\u00f3 volt, r\u00e1n\u00e9z\u00e9sre, tapint\u00e1sra, haszn\u00e1latra. Akkor is, ha vezet\u00e9k n\u00e9lk\u00fcliek \u2013 s\u0151t, ez csak m\u00e9g egy hibalehet\u0151s\u00e9g. Ennek a vil\u00e1gnak szerencs\u00e9re v\u00e9ge, erre pedig nagyszer\u0171 bizony\u00edt\u00e9k a Rapoo csomagja. Sz\u00f3 sincs noname m\u00e1rk\u00e1r\u00f3l, a k\u00ednai v\u00e1llalat m\u00e1r bizony\u00edtott perif\u00e9ri\u00e1ival. Az X8100 tulajdonk\u00e9ppen sok mindent nem tud versenyt\u00e1rsaihoz k\u00e9pest azon t\u00fal, hogy megb\u00edzhat\u00f3an m\u0171k\u00f6dik, a magyar billenty\u0171zet t\u00e9nyleg magyar (nem kell kombin\u00e1ci\u00f3val el\u0151csalogatnunk a hossz\u00fa \u00ed-t \u00e9s hasonl\u00f3 agyr\u00e9mek), az \u00f6sszeszerel\u00e9s \u00e9s az anyaghaszn\u00e1lat p\u00e9ld\u00e1s, nem recseg, nem akar sz\u00e9tesni sem a klaviat\u00fara, sem a h\u00e1romgombos eg\u00e9r. S\u0151t, m\u00e9g olcs\u00f3bbat is tal\u00e1lsz, ha nagyon keresel. Egyvalamit viszont nem tal\u00e1lsz: enn\u00e9l gy\u00f6ny\u00f6r\u0171bbet. De t\u00e9nyleg, eg\u00e9szen beleszerett\u00fcnk a minimalista, letisztult vonalakba \u00e9s g\u00f6rb\u00e9kbe. Enn\u00e9l t\u00e9nyleg csak az Apple hasonl\u00f3 term\u00e9kei szebbek.\r\n\r\n<img loading=\"lazy\" decoding=\"async\" class=\"alignnone size-full wp-image-9337\" src=\"https:\/\/hir.mediamarkt.hu\/magazin\/wp-content\/uploads\/2019\/08\/kab_rapoo.png\" alt=\"\" width=\"786\" height=\"587\" srcset=\"https:\/\/hir.mediamarkt.hu\/magazin\/wp-content\/uploads\/2019\/08\/kab_rapoo.png 786w, https:\/\/hir.mediamarkt.hu\/magazin\/wp-content\/uploads\/2019\/08\/kab_rapoo-275x205.png 275w, https:\/\/hir.mediamarkt.hu\/magazin\/wp-content\/uploads\/2019\/08\/kab_rapoo-300x224.png 300w, https:\/\/hir.mediamarkt.hu\/magazin\/wp-content\/uploads\/2019\/08\/kab_rapoo-768x574.png 768w\" sizes=\"(max-width: 786px) 100vw, 786px\" \/>\r\n<h2><a href=\"http:\/\/mediamarkt.hu\/catentry\/1262769\">Google Chromecast Ultra<\/a><\/h2>\r\nSenkit, de t\u00e9nyleg senkit nem ismer\u00fcnk, aki egy kicsi is megb\u00e1nta volna, hogy beruh\u00e1zott a Google forradalmi, na j\u00f3, ha nem is forradalmi, de hat\u00e1rozottan \u00e9letmin\u0151s\u00e9g-jav\u00edt\u00f3 term\u00e9k\u00e9be. Az apr\u00f3 kis korong, amib\u0151l egy sz\u00e1l HDMI-kimenet l\u00f3g ki, \u00e9s n\u00e9mi USB-alap\u00fa \u00e1ramforr\u00e1sra is sz\u00fcks\u00e9ge van, semmi m\u00e1st nem tesz, csak fogadja a k\u00f6rnyez\u0151 Android eszk\u00f6z\u00f6kr\u0151l \u00e9rkez\u0151 m\u00e9diatartalmakat \u00e9s sz\u00e9pen, gyorsan \u00e9s mindenf\u00e9le k\u00f6r\u00fclm\u00e9nyesked\u00e9s n\u00e9lk\u00fcl lej\u00e1tssza \u0151ket. \u00dagy m\u0171k\u00f6dik teh\u00e1t, mint egy hagyom\u00e1nyos k\u00fcls\u0151 m\u00e9dialej\u00e1tsz\u00f3, csak \u00e9ppen nincs sz\u00fcks\u00e9ge sem t\u00e1rhelyre, sem telep\u00edtend\u0151 appokra \u2013 csak m\u0171k\u00f6dik \u00e9s k\u00e9sz. Ennyire bar\u00e1ts\u00e1gos. Viszi a YouTube-ot (nan\u00e1, Google), a Netflixet, a HBO G\u00f3t \u00e9s m\u00e9g p\u00e1r m\u00e9dialej\u00e1tsz\u00f3t, teh\u00e1t ak\u00e1r a let\u00f6lt\u00f6tt filmeket vagy h\u00e1zivide\u00f3kat is \u00e1t lehet k\u00fcldeni r\u00e1, h\u00e1la a wifi kapcsolatnak. Mi most a szok\u00e1sos, 3-as modelln\u00e9l n\u00e9mileg dr\u00e1g\u00e1bb Ultra v\u00e1ltozatot aj\u00e1nljuk: ez csup\u00e1n annyival tud t\u00f6bbet, hogy 4K-s \u00e9s HDR-jelet is tov\u00e1bb\u00edt. Ezt pedig, hidd el, nem akarod kihagyni, ha erre alkalmas t\u00e9v\u00e9d van.\r\n\r\n<img loading=\"lazy\" decoding=\"async\" class=\"alignnone wp-image-9334 size-full\" src=\"https:\/\/hir.mediamarkt.hu\/magazin\/wp-content\/uploads\/2019\/08\/kab_chrome.png\" alt=\"\" width=\"786\" height=\"587\" srcset=\"https:\/\/hir.mediamarkt.hu\/magazin\/wp-content\/uploads\/2019\/08\/kab_chrome.png 786w, https:\/\/hir.mediamarkt.hu\/magazin\/wp-content\/uploads\/2019\/08\/kab_chrome-275x205.png 275w, https:\/\/hir.mediamarkt.hu\/magazin\/wp-content\/uploads\/2019\/08\/kab_chrome-300x224.png 300w, https:\/\/hir.mediamarkt.hu\/magazin\/wp-content\/uploads\/2019\/08\/kab_chrome-768x574.png 768w\" sizes=\"(max-width: 786px) 100vw, 786px\" \/>","protected":false},"excerpt":{"rendered":"\u00d6t szuper term\u00e9k a Media Markt polcair\u00f3l, amelyekkel sokkal k\u00e9nyelmesebb \u00e9s tiszt\u00e1bb lesz az \u00e9let &#8211; l\u00e1tv\u00e1nyra \u00e9s \u00e9rz\u00e9sre is. \u00c9ljen a wifi \u00e9s a Bluetooth!","protected":false},"author":22,"featured_media":9333,"comment_status":"open","ping_status":"open","sticky":false,"template":"","format":"standard","meta":{"wprm-recipe-roundup-name":"","wprm-recipe-roundup-description":"","footnotes":""},"categories":[5948],"tags":[898,108,247,3170,400,3533,1121,3530,2451,3532,3531,2436,219],"yoast_head":"<!-- This site is optimized with the Yoast SEO plugin v22.9 - https:\/\/yoast.com\/wordpress\/plugins\/seo\/ -->\n<title>A j\u00faliusi kih\u00edv\u00e1s ut\u00e1n itt a k\u00e1belmentes augusztus! - MediaMarkt Magazin<\/title>\n<meta name=\"description\" content=\"Wifi- \u00e9s Bluetooth-alap\u00fa eszk\u00f6z\u00f6k a k\u00e1belmentes \u00e9let\u00e9rt\" \/>\n<meta name=\"robots\" content=\"index, follow, max-snippet:-1, max-image-preview:large, max-video-preview:-1\" \/>\n<link rel=\"canonical\" href=\"https:\/\/hir.mediamarkt.hu\/magazin\/wifi-es-bluetooth-alapu-eszkozok-a-kabelmentes-eletert\/\" \/>\n<meta property=\"og:locale\" content=\"hu_HU\" \/>\n<meta property=\"og:type\" content=\"article\" \/>\n<meta property=\"og:title\" content=\"A j\u00faliusi kih\u00edv\u00e1s ut\u00e1n itt a k\u00e1belmentes augusztus! - MediaMarkt Magazin\" \/>\n<meta property=\"og:description\" content=\"Wifi- \u00e9s Bluetooth-alap\u00fa eszk\u00f6z\u00f6k a k\u00e1belmentes \u00e9let\u00e9rt\" \/>\n<meta property=\"og:url\" content=\"https:\/\/hir.mediamarkt.hu\/magazin\/wifi-es-bluetooth-alapu-eszkozok-a-kabelmentes-eletert\/\" \/>\n<meta property=\"og:site_name\" content=\"MediaMarkt Magazin\" \/>\n<meta property=\"article:publisher\" content=\"https:\/\/www.facebook.com\/MediaMarktMagyarorszag\" \/>\n<meta property=\"article:published_time\" content=\"2019-08-06T22:13:30+00:00\" \/>\n<meta property=\"og:image\" content=\"https:\/\/hir.mediamarkt.hu\/magazin\/wp-content\/uploads\/2019\/08\/DSC_5827.jpg\" \/>\n\t<meta property=\"og:image:width\" content=\"1440\" \/>\n\t<meta property=\"og:image:height\" content=\"960\" \/>\n\t<meta property=\"og:image:type\" content=\"image\/jpeg\" \/>\n<meta name=\"author\" content=\"Nemenyi\" \/>\n<meta name=\"twitter:label1\" content=\"Szerz\u0151:\" \/>\n\t<meta name=\"twitter:data1\" content=\"Nemenyi\" \/>\n\t<meta name=\"twitter:label2\" content=\"Becs\u00fclt olvas\u00e1si id\u0151\" \/>\n\t<meta name=\"twitter:data2\" content=\"7 perc\" \/>\n<script type=\"application\/ld+json\" class=\"yoast-schema-graph\">{\"@context\":\"https:\/\/schema.org\",\"@graph\":[{\"@type\":\"WebPage\",\"@id\":\"https:\/\/hir.mediamarkt.hu\/magazin\/wifi-es-bluetooth-alapu-eszkozok-a-kabelmentes-eletert\/\",\"url\":\"https:\/\/hir.mediamarkt.hu\/magazin\/wifi-es-bluetooth-alapu-eszkozok-a-kabelmentes-eletert\/\",\"name\":\"A j\u00faliusi kih\u00edv\u00e1s ut\u00e1n itt a k\u00e1belmentes augusztus! - MediaMarkt Magazin\",\"isPartOf\":{\"@id\":\"https:\/\/hir.mediamarkt.hu\/magazin\/#website\"},\"primaryImageOfPage\":{\"@id\":\"https:\/\/hir.mediamarkt.hu\/magazin\/wifi-es-bluetooth-alapu-eszkozok-a-kabelmentes-eletert\/#primaryimage\"},\"image\":{\"@id\":\"https:\/\/hir.mediamarkt.hu\/magazin\/wifi-es-bluetooth-alapu-eszkozok-a-kabelmentes-eletert\/#primaryimage\"},\"thumbnailUrl\":\"https:\/\/hir.mediamarkt.hu\/magazin\/wp-content\/uploads\/2019\/08\/DSC_5827.jpg\",\"datePublished\":\"2019-08-06T22:13:30+00:00\",\"dateModified\":\"2019-08-06T22:13:30+00:00\",\"author\":{\"@id\":\"https:\/\/hir.mediamarkt.hu\/magazin\/#\/schema\/person\/f4a17b2dc97f2e2bf1b88a89d4ef7d05\"},\"description\":\"Wifi- \u00e9s Bluetooth-alap\u00fa eszk\u00f6z\u00f6k a k\u00e1belmentes \u00e9let\u00e9rt\",\"breadcrumb\":{\"@id\":\"https:\/\/hir.mediamarkt.hu\/magazin\/wifi-es-bluetooth-alapu-eszkozok-a-kabelmentes-eletert\/#breadcrumb\"},\"inLanguage\":\"hu\",\"potentialAction\":[{\"@type\":\"ReadAction\",\"target\":[\"https:\/\/hir.mediamarkt.hu\/magazin\/wifi-es-bluetooth-alapu-eszkozok-a-kabelmentes-eletert\/\"]}]},{\"@type\":\"ImageObject\",\"inLanguage\":\"hu\",\"@id\":\"https:\/\/hir.mediamarkt.hu\/magazin\/wifi-es-bluetooth-alapu-eszkozok-a-kabelmentes-eletert\/#primaryimage\",\"url\":\"https:\/\/hir.mediamarkt.hu\/magazin\/wp-content\/uploads\/2019\/08\/DSC_5827.jpg\",\"contentUrl\":\"https:\/\/hir.mediamarkt.hu\/magazin\/wp-content\/uploads\/2019\/08\/DSC_5827.jpg\",\"width\":1440,\"height\":960},{\"@type\":\"BreadcrumbList\",\"@id\":\"https:\/\/hir.mediamarkt.hu\/magazin\/wifi-es-bluetooth-alapu-eszkozok-a-kabelmentes-eletert\/#breadcrumb\",\"itemListElement\":[{\"@type\":\"ListItem\",\"position\":1,\"name\":\"Kezd\u0151lap\",\"item\":\"https:\/\/hir.mediamarkt.hu\/magazin\/\"},{\"@type\":\"ListItem\",\"position\":2,\"name\":\"A j\u00faliusi kih\u00edv\u00e1s ut\u00e1n itt a k\u00e1belmentes augusztus!\"}]},{\"@type\":\"WebSite\",\"@id\":\"https:\/\/hir.mediamarkt.hu\/magazin\/#website\",\"url\":\"https:\/\/hir.mediamarkt.hu\/magazin\/\",\"name\":\"MediaMarkt Magazin\",\"description\":\"Olvass bele magazinunkba!\",\"potentialAction\":[{\"@type\":\"SearchAction\",\"target\":{\"@type\":\"EntryPoint\",\"urlTemplate\":\"https:\/\/hir.mediamarkt.hu\/magazin\/?s={search_term_string}\"},\"query-input\":\"required name=search_term_string\"}],\"inLanguage\":\"hu\"},{\"@type\":\"Person\",\"@id\":\"https:\/\/hir.mediamarkt.hu\/magazin\/#\/schema\/person\/f4a17b2dc97f2e2bf1b88a89d4ef7d05\",\"name\":\"Nemenyi\",\"image\":{\"@type\":\"ImageObject\",\"inLanguage\":\"hu\",\"@id\":\"https:\/\/hir.mediamarkt.hu\/magazin\/#\/schema\/person\/image\/\",\"url\":\"https:\/\/secure.gravatar.com\/avatar\/9470b3223c723142e66adcad803b24fe?s=96&d=mm&r=g\",\"contentUrl\":\"https:\/\/secure.gravatar.com\/avatar\/9470b3223c723142e66adcad803b24fe?s=96&d=mm&r=g\",\"caption\":\"Nemenyi\"}}]}<\/script>\n<!-- \/ Yoast SEO plugin. -->","yoast_head_json":{"title":"A j\u00faliusi kih\u00edv\u00e1s ut\u00e1n itt a k\u00e1belmentes augusztus! - MediaMarkt Magazin","description":"Wifi- \u00e9s Bluetooth-alap\u00fa eszk\u00f6z\u00f6k a k\u00e1belmentes \u00e9let\u00e9rt","robots":{"index":"index","follow":"follow","max-snippet":"max-snippet:-1","max-image-preview":"max-image-preview:large","max-video-preview":"max-video-preview:-1"},"canonical":"https:\/\/hir.mediamarkt.hu\/magazin\/wifi-es-bluetooth-alapu-eszkozok-a-kabelmentes-eletert\/","og_locale":"hu_HU","og_type":"article","og_title":"A j\u00faliusi kih\u00edv\u00e1s ut\u00e1n itt a k\u00e1belmentes augusztus! - MediaMarkt Magazin","og_description":"Wifi- \u00e9s Bluetooth-alap\u00fa eszk\u00f6z\u00f6k a k\u00e1belmentes \u00e9let\u00e9rt","og_url":"https:\/\/hir.mediamarkt.hu\/magazin\/wifi-es-bluetooth-alapu-eszkozok-a-kabelmentes-eletert\/","og_site_name":"MediaMarkt Magazin","article_publisher":"https:\/\/www.facebook.com\/MediaMarktMagyarorszag","article_published_time":"2019-08-06T22:13:30+00:00","og_image":[{"width":1440,"height":960,"url":"https:\/\/hir.mediamarkt.hu\/magazin\/wp-content\/uploads\/2019\/08\/DSC_5827.jpg","type":"image\/jpeg"}],"author":"Nemenyi","twitter_misc":{"Szerz\u0151:":"Nemenyi","Becs\u00fclt olvas\u00e1si id\u0151":"7 perc"},"schema":{"@context":"https:\/\/schema.org","@graph":[{"@type":"WebPage","@id":"https:\/\/hir.mediamarkt.hu\/magazin\/wifi-es-bluetooth-alapu-eszkozok-a-kabelmentes-eletert\/","url":"https:\/\/hir.mediamarkt.hu\/magazin\/wifi-es-bluetooth-alapu-eszkozok-a-kabelmentes-eletert\/","name":"A j\u00faliusi kih\u00edv\u00e1s ut\u00e1n itt a k\u00e1belmentes augusztus! - MediaMarkt Magazin","isPartOf":{"@id":"https:\/\/hir.mediamarkt.hu\/magazin\/#website"},"primaryImageOfPage":{"@id":"https:\/\/hir.mediamarkt.hu\/magazin\/wifi-es-bluetooth-alapu-eszkozok-a-kabelmentes-eletert\/#primaryimage"},"image":{"@id":"https:\/\/hir.mediamarkt.hu\/magazin\/wifi-es-bluetooth-alapu-eszkozok-a-kabelmentes-eletert\/#primaryimage"},"thumbnailUrl":"https:\/\/hir.mediamarkt.hu\/magazin\/wp-content\/uploads\/2019\/08\/DSC_5827.jpg","datePublished":"2019-08-06T22:13:30+00:00","dateModified":"2019-08-06T22:13:30+00:00","author":{"@id":"https:\/\/hir.mediamarkt.hu\/magazin\/#\/schema\/person\/f4a17b2dc97f2e2bf1b88a89d4ef7d05"},"description":"Wifi- \u00e9s Bluetooth-alap\u00fa eszk\u00f6z\u00f6k a k\u00e1belmentes \u00e9let\u00e9rt","breadcrumb":{"@id":"https:\/\/hir.mediamarkt.hu\/magazin\/wifi-es-bluetooth-alapu-eszkozok-a-kabelmentes-eletert\/#breadcrumb"},"inLanguage":"hu","potentialAction":[{"@type":"ReadAction","target":["https:\/\/hir.mediamarkt.hu\/magazin\/wifi-es-bluetooth-alapu-eszkozok-a-kabelmentes-eletert\/"]}]},{"@type":"ImageObject","inLanguage":"hu","@id":"https:\/\/hir.mediamarkt.hu\/magazin\/wifi-es-bluetooth-alapu-eszkozok-a-kabelmentes-eletert\/#primaryimage","url":"https:\/\/hir.mediamarkt.hu\/magazin\/wp-content\/uploads\/2019\/08\/DSC_5827.jpg","contentUrl":"https:\/\/hir.mediamarkt.hu\/magazin\/wp-content\/uploads\/2019\/08\/DSC_5827.jpg","width":1440,"height":960},{"@type":"BreadcrumbList","@id":"https:\/\/hir.mediamarkt.hu\/magazin\/wifi-es-bluetooth-alapu-eszkozok-a-kabelmentes-eletert\/#breadcrumb","itemListElement":[{"@type":"ListItem","position":1,"name":"Kezd\u0151lap","item":"https:\/\/hir.mediamarkt.hu\/magazin\/"},{"@type":"ListItem","position":2,"name":"A j\u00faliusi kih\u00edv\u00e1s ut\u00e1n itt a k\u00e1belmentes augusztus!"}]},{"@type":"WebSite","@id":"https:\/\/hir.mediamarkt.hu\/magazin\/#website","url":"https:\/\/hir.mediamarkt.hu\/magazin\/","name":"MediaMarkt Magazin","description":"Olvass bele magazinunkba!","potentialAction":[{"@type":"SearchAction","target":{"@type":"EntryPoint","urlTemplate":"https:\/\/hir.mediamarkt.hu\/magazin\/?s={search_term_string}"},"query-input":"required name=search_term_string"}],"inLanguage":"hu"},{"@type":"Person","@id":"https:\/\/hir.mediamarkt.hu\/magazin\/#\/schema\/person\/f4a17b2dc97f2e2bf1b88a89d4ef7d05","name":"Nemenyi","image":{"@type":"ImageObject","inLanguage":"hu","@id":"https:\/\/hir.mediamarkt.hu\/magazin\/#\/schema\/person\/image\/","url":"https:\/\/secure.gravatar.com\/avatar\/9470b3223c723142e66adcad803b24fe?s=96&d=mm&r=g","contentUrl":"https:\/\/secure.gravatar.com\/avatar\/9470b3223c723142e66adcad803b24fe?s=96&d=mm&r=g","caption":"Nemenyi"}}]}},"_links":{"self":[{"href":"https:\/\/hir.mediamarkt.hu\/magazin\/wp-json\/wp\/v2\/posts\/9331"}],"collection":[{"href":"https:\/\/hir.mediamarkt.hu\/magazin\/wp-json\/wp\/v2\/posts"}],"about":[{"href":"https:\/\/hir.mediamarkt.hu\/magazin\/wp-json\/wp\/v2\/types\/post"}],"author":[{"embeddable":true,"href":"https:\/\/hir.mediamarkt.hu\/magazin\/wp-json\/wp\/v2\/users\/22"}],"replies":[{"embeddable":true,"href":"https:\/\/hir.mediamarkt.hu\/magazin\/wp-json\/wp\/v2\/comments?post=9331"}],"version-history":[{"count":3,"href":"https:\/\/hir.mediamarkt.hu\/magazin\/wp-json\/wp\/v2\/posts\/9331\/revisions"}],"predecessor-version":[{"id":9340,"href":"https:\/\/hir.mediamarkt.hu\/magazin\/wp-json\/wp\/v2\/posts\/9331\/revisions\/9340"}],"wp:featuredmedia":[{"embeddable":true,"href":"https:\/\/hir.mediamarkt.hu\/magazin\/wp-json\/wp\/v2\/media\/9333"}],"wp:attachment":[{"href":"https:\/\/hir.mediamarkt.hu\/magazin\/wp-json\/wp\/v2\/media?parent=9331"}],"wp:term":[{"taxonomy":"category","embeddable":true,"href":"https:\/\/hir.mediamarkt.hu\/magazin\/wp-json\/wp\/v2\/categories?post=9331"},{"taxonomy":"post_tag","embeddable":true,"href":"https:\/\/hir.mediamarkt.hu\/magazin\/wp-json\/wp\/v2\/tags?post=9331"}],"curies":[{"name":"wp","href":"https:\/\/api.w.org\/{rel}","templated":true}]}}