{"id":9375,"date":"2019-08-23T16:53:19","date_gmt":"2019-08-23T15:53:19","guid":{"rendered":"http:\/\/hir.mediamarkt.hu\/magazin\/?p=9375"},"modified":"2019-08-30T11:31:50","modified_gmt":"2019-08-30T10:31:50","slug":"iskola-kezdes-mediamarkt-szulo-diak-felszereles-tipp","status":"publish","type":"post","link":"https:\/\/hir.mediamarkt.hu\/magazin\/iskola-kezdes-mediamarkt-szulo-diak-felszereles-tipp\/","title":{"rendered":"Vel\u00fcnk becsengethetnek! Suli kezd\u00e9s sz\u00fcl\u0151knek, a MediaMarkt-tal!"},"content":{"rendered":"<b>M\u00e1r megint eltelt egy \u00e9v. \u00c9s m\u00e1r megint tan\u00edt\u00e1si id\u0151szak k\u00f6vetkezik. B\u00e1r manaps\u00e1g divat ut\u00e1lni az iskol\u00e1t, az\u00e9rt mi hisz\u00fcnk a tud\u00e1s \u00e9s fejl\u0151d\u00e9s erej\u00e9ben. \u00c9pp ez\u00e9rt igyeksz\u00fcnk a tan\u00e9vkezd\u00e9s el\u0151tt n\u00e9h\u00e1ny hasznos term\u00e9kkel \u00e9s tippel szolg\u00e1lni a k\u00f6z\u00e9piskol\u00e1s koroszt\u00e1ly \u00e9s d\u00f6nt\u00e9shoz\u00f3ik, a sz\u00fcl\u0151k sz\u00e1m\u00e1ra!<\/b><!--more-->\r\n\r\n&nbsp;\r\n<h2><b>A palat\u00e1bl\u00e1n\u00e1l m\u00e1ra t\u00f6bb mindent kell hurcolni\u2026<\/b><\/h2>\r\n&nbsp;\r\n\r\n<span style=\"font-weight: 400\"><img loading=\"lazy\" decoding=\"async\" class=\"size-thumbnail wp-image-9384 alignleft\" src=\"https:\/\/hir.mediamarkt.hu\/magazin\/wp-content\/uploads\/2019\/08\/MediaMarkt_iskola_06b-275x184.jpeg\" alt=\"\" width=\"275\" height=\"184\" srcset=\"https:\/\/hir.mediamarkt.hu\/magazin\/wp-content\/uploads\/2019\/08\/MediaMarkt_iskola_06b-275x184.jpeg 275w, https:\/\/hir.mediamarkt.hu\/magazin\/wp-content\/uploads\/2019\/08\/MediaMarkt_iskola_06b-300x200.jpeg 300w, https:\/\/hir.mediamarkt.hu\/magazin\/wp-content\/uploads\/2019\/08\/MediaMarkt_iskola_06b.jpeg 500w\" sizes=\"(max-width: 275px) 100vw, 275px\" \/>Sokunk sz\u00e1m\u00e1ra m\u00e9g \u00e9l\u0151 eml\u00e9kek azok az olvasm\u00e1nyok, amelyekben a di\u00e1kok egy sz\u00e1l palat\u00e1bl\u00e1val, esetleg n\u00e9h\u00e1ny, b\u0151rsz\u00edjjal \u00f6sszek\u00f6t\u00f6tt f\u00fczettel \u00e9s k\u00f6nyvvel, valamint n\u00e9h\u00e1ny \u00edr\u00f3szersz\u00e1mmal indultak iskol\u00e1ba. M\u00e1ra a helyzet enn\u00e9l \u00f6sszetettebb, igaz, bizonyos szempontb\u00f3l &#8211; \u00e9s a digit\u00e1lis eszk\u00f6z\u00f6knek h\u00e1la &#8211; kezd\u00fcnk visszat\u00e9rni a minim\u00e1lis taneszk\u00f6z\u00f6k vil\u00e1g\u00e1ba. Emellett sok helyen biztos\u00edtanak m\u00e1ra szekr\u00e9nyt a k\u00f6z\u00e9piskol\u00e1kban, \u00edgy nem kell napi 5-6 tant\u00e1rgynyi holmit, vagy a d\u00e9lut\u00e1ni edz\u00e9s felszerel\u00e9seit cipelni eg\u00e9sz nap, na meg persze mindezek felett az \u00e9lelmet, telefont, kulcsokat stb.<\/span>\r\n\r\n<span style=\"font-weight: 400\">Szembej\u00f6ttek m\u00e1r megd\u00f6bbent\u0151 vide\u00f3k, milyen apr\u00f3s\u00e1gokat hurcolnak a tinik az iskol\u00e1ba, mennyi smink cuccra (!!!) van sz\u00fcks\u00e9g a t\u00fal\u00e9l\u00e9shez. De az\u00e9rt \u00fagy hissz\u00fck, m\u00e9g mindig nem ez az \u00e1ltal\u00e1nos k\u00f6z\u00e9piskol\u00e1s attit\u0171d. Abban meg csak b\u00edzni tudunk, hogy az \u00e1ltal\u00e1nos iskol\u00e1s mosd\u00f3kba m\u00e9g nem gy\u0171r\u0171z\u00f6tt be a r\u00fazsoz\u00e1s. Egysz\u00f3val \u00fagy gondoljuk, m\u00e9g mindig a k\u00f6nyvek, jegyzetek \u00e9s atlaszok, valamint a sportol\u00e1shoz sz\u00fcks\u00e9ges felszerel\u00e9sek teszik ki a h\u00e1tizs\u00e1kok nagyj\u00e1t. E sorok \u00edr\u00f3ja 2001-ben \u00e9retts\u00e9gizett, de m\u00e1r akkor is lehet\u0151s\u00e9g volt \u201cj\u00e1tszani\u201d a t\u00e1ska m\u00e9ret\u00e9vel \u00e9s fajt\u00e1j\u00e1val, egy egyszer\u0171 tr\u00fckk, a kapcsos mappa seg\u00edts\u00e9g\u00e9vel. A cser\u00e9lgethet\u0151 lapoknak h\u00e1la ugyanis sosem kellett mindig teljes f\u00fczetet vinni, s\u0151t, ha az ember nem szorult seg\u00edts\u00e9gre az el\u0151z\u0151 \u00f3r\u00e1k anyag\u00e1b\u00f3l, csak friss pap\u00edrt f\u0171z\u00f6tt be a mapp\u00e1ba. \u00dcreset, vonalasat, n\u00e9gyzetr\u00e1csosat, ami \u00e9pp kellett, vagy amit prefer\u00e1lt. Persze egy sz\u00f3t\u00e1r f\u00fczet az\u00e9rt mindig lapult a t\u00e1sk\u00e1ban, ahogy a f\u00f6ldrajzra sz\u00fcks\u00e9ges atlaszt \u00e9s a k\u00fcl\u00f6nb\u00f6z\u0151 tant\u00e1rgyak feladatgy\u0171jtem\u00e9nyeit, k\u00f6nyveit sem siker\u00fclt kiv\u00e1ltani. De m\u00e1r akkor l\u00e9tezett szekr\u00e9ny, \u00fagyhogy nem felt\u00e9tlen\u00fcl kellett nagyobb h\u00e1tizs\u00e1kkal k\u00f6zlekedni eg\u00e9sz nap. <\/span><span style=\"font-weight: 400\">Nyilv\u00e1n a kisiskol\u00e1sokn\u00e1l m\u00e9g a f\u00fczet az \u00far, de nem \u00e1rt felk\u00e9sz\u00fclni a vill\u00e1msebess\u00e9ggel \u00e9rkez\u0151 j\u00f6v\u0151re is!<\/span>\r\n\r\n&nbsp;\r\n<h2><strong>Tipp a konfliktusmentes v\u00e1laszt\u00e1shoz!<\/strong><\/h2>\r\n<span style=\"font-weight: 400\"><img loading=\"lazy\" decoding=\"async\" class=\"size-thumbnail wp-image-9385 alignleft\" src=\"https:\/\/hir.mediamarkt.hu\/magazin\/wp-content\/uploads\/2019\/08\/MediaMarkt_iskola_06f-275x412.jpeg\" alt=\"\" width=\"275\" height=\"412\" srcset=\"https:\/\/hir.mediamarkt.hu\/magazin\/wp-content\/uploads\/2019\/08\/MediaMarkt_iskola_06f-275x412.jpeg 275w, https:\/\/hir.mediamarkt.hu\/magazin\/wp-content\/uploads\/2019\/08\/MediaMarkt_iskola_06f-200x300.jpeg 200w, https:\/\/hir.mediamarkt.hu\/magazin\/wp-content\/uploads\/2019\/08\/MediaMarkt_iskola_06f-768x1152.jpeg 768w, https:\/\/hir.mediamarkt.hu\/magazin\/wp-content\/uploads\/2019\/08\/MediaMarkt_iskola_06f-683x1024.jpeg 683w, https:\/\/hir.mediamarkt.hu\/magazin\/wp-content\/uploads\/2019\/08\/MediaMarkt_iskola_06f.jpeg 867w\" sizes=\"(max-width: 275px) 100vw, 275px\" \/>Hi\u00e1ba a praktikum az els\u0151, a kin\u00e9zet, az egyedis\u00e9g kifejez\u00e9se nyilv\u00e1n k\u00f6zponti szerepet j\u00e1tszik az \u00f6nmagukat keres\u0151 tinik, de egyes esetekben az \u00e1ltal\u00e1nos iskol\u00e1sok \u00e9let\u00e9ben is. \u00cdgy az iskolat\u00e1ska kiv\u00e1laszt\u00e1sakor \u00e9rdemes \u00e9rtelmes kompromisszumra t\u00f6rekedni a gyerekeinkkel. Mert nem c\u00e9l, hogy t\u00f6nkretegy\u00e9k a gerinc\u00fcket, de az sem, hogy ut\u00e1lj\u00e1k az esetleg r\u00e1juk er\u0151ltetett h\u00e1tizs\u00e1kot. A m\u00e9ret kapcs\u00e1n is \u00e9rdemes \u00e1tgondolni, milyen jelleg\u0171 iskol\u00e1ba \u00e9s \u00f3r\u00e1kra j\u00e1r a gyerek, tudja-e t\u00e1rolni napk\u00f6zben a holmija nagyj\u00e1t, vagy eg\u00e9sz nap vele lesz minden? Ha van szekr\u00e9nye, nem \u00e1rt, ha a nagyobb, strapab\u00edr\u00f3bb t\u00e1ska mellett van kisebb zs\u00e1kja, gym bag-je is, amivel k\u00e9nyelmesebben k\u00f6zlekedhet a sz\u00fcnetekben, felkapva a szekr\u00e9ny\u00e9b\u0151l az becsenget\u00e9s el\u0151tt a sz\u00fcks\u00e9ges holmikat. M\u00e1r ha el\u00e9g \u00f6sszeszedett mindehhez. A kisebbek eset\u00e9ben aj\u00e1nlott az egy napra mindent elnyel\u0151 t\u00e1ska, \u00fcgyelve azonban a s\u00faly\u00e1ra \u00e9s h\u00e1t, valamint v\u00e1ll kialak\u00edt\u00e1s\u00e1ra. Hi\u00e1ba friss m\u00e9g a gyerekek teste, a deform\u00e1ci\u00f3ra m\u00e1r meg\u00e9rtek.\u00a0<\/span>\r\n\r\n<span style=\"font-weight: 400\">Az iskolai t\u00e1sk\u00e1k kapcs\u00e1n k\u00fcl\u00f6n hasznosak a t\u00f6bb zsebes darabok, k\u00fcl\u00f6n fakk a jegyzeteknek, els\u0151 zseb a k\u00fcty\u00fcknek, p\u00e9nzt\u00e1rc\u00e1knak, rekesz az \u00e9lelmiszernek. A nagyobbak sz\u00e1m\u00e1ra vonz\u00f3, v\u00e1llon \u00e1tvethet\u0151 t\u00e1sk\u00e1k eset\u00e9ben limit\u00e1ltabbak a lehet\u0151s\u00e9gek, de ha a gyerek pl. nem visz mag\u00e1val minden nap ennival\u00f3t, viszont van n\u00e1la laptop, t\u00e1blag\u00e9p, e-book olvas\u00f3, lehet, ez a verzi\u00f3 a praktikusabb.Az\u00e9rt \u201cne haljunk bele a sz\u00e9ps\u00e9gbe\u201d, gy\u0151zz\u00fck meg az \u00f6nfej\u0171 ut\u00f3dot, hogy nem csak a sz\u00edn \u00e9s minta a fontos, de a hordoz\u00e1s is\u2026<\/span>\r\n\r\n&nbsp;\r\n<h2><b>K\u00fcty\u00fck a suliban? M\u00e9rt\u00e9kkel, de igen<\/b><\/h2>\r\n&nbsp;\r\n\r\n<span style=\"font-weight: 400\"><img loading=\"lazy\" decoding=\"async\" class=\"size-thumbnail wp-image-9386 alignleft\" src=\"https:\/\/hir.mediamarkt.hu\/magazin\/wp-content\/uploads\/2019\/08\/MediaMarkt_iskola_06b-1-275x184.jpeg\" alt=\"\" width=\"275\" height=\"184\" srcset=\"https:\/\/hir.mediamarkt.hu\/magazin\/wp-content\/uploads\/2019\/08\/MediaMarkt_iskola_06b-1-275x184.jpeg 275w, https:\/\/hir.mediamarkt.hu\/magazin\/wp-content\/uploads\/2019\/08\/MediaMarkt_iskola_06b-1-300x200.jpeg 300w, https:\/\/hir.mediamarkt.hu\/magazin\/wp-content\/uploads\/2019\/08\/MediaMarkt_iskola_06b-1.jpeg 500w\" sizes=\"(max-width: 275px) 100vw, 275px\" \/>Nyilv\u00e1n ezzel kapcsolatban vannak a k\u00fcl\u00f6nb\u00f6z\u0151 tanint\u00e9zm\u00e9nyeknek szab\u00e1lyai, melyeket be kell tartani. Ett\u0151l f\u00fcggetlen\u00fcl az okos eszk\u00f6z\u00f6k jelenl\u00e9te a gyerekeink \u00e9let\u00e9ben fontos t\u00e9ma. Nem csak az\u00e9rt, mert kiker\u00fclhetetlen, de hasznos is. A kisebbek kapcs\u00e1n az okos eszk\u00f6z\u00f6k \u00e9s az esetleges telefon a biztons\u00e1got szolg\u00e1lhatja, err\u0151l hosszabban itt \u00edrtunk m\u00e1r! felel\u0151ss\u00e9gteljesebb gimisek eset\u00e9ben egy e-book olvas\u00f3, egy tablet, egy laptop igenis seg\u00edtheti a tanul\u00e1st, a kutat\u00e1si kedvet, a fejl\u0151d\u00e9st. Persze kell hozz\u00e1 egy h\u00e1tt\u00e9r \u00e9s nevel\u00e9s \u00e9s egy \u00e9rdekl\u0151d\u00e9s is, hogy egy kamasz ne csak a k\u00f6z\u00f6ss\u00e9gi \u00e9s vide\u00f3megoszt\u00f3 oldalakon l\u00f3gjon. B\u00e1r egy gimis \u00e9let\u00e9ben m\u00e9g nem olyan gyakori a k\u00f6nyvt\u00e1raz\u00e1s, a kutat\u00e1s, mint egy egyetemist\u00e1n\u00e1l, el\u0151fordulhatnak olyan iskolai feladatok, vagy ak\u00e1r mag\u00e1n projektek, amihez kell a technikai h\u00e1tt\u00e9rb\u00e1zis.<\/span>\r\n\r\n<span style=\"font-weight: 400\">Ha az ut\u00f3dunk \u00e9rtelmes, azt is felfogja, nem a \u201cyoutuber\u201d \u00e9s \u201cinfluenszer\u201d j\u00f6v\u0151k\u00e9p az, amire \u00e9p\u00edtenie kell. A technol\u00f3gi\u00e1nak pedig a sz\u00f3rakoztat\u00e1son fel\u00fcl \u00e9rtelmes haszna is van. Egy otthoni h\u00e1zi feladathoz anyagot gy\u0171jteni, vagy ak\u00e1r vonatkoz\u00f3, multim\u00e9di\u00e1s hang- \u00e9s vide\u00f3anyagot legy\u00e1rtani hozz\u00e1 \u00e9pp\u00fagy lehets\u00e9ges \u00e9s izgalmas, mint felvenni a legutols\u00f3, \u00e9rtelmetlen internetes kih\u00edv\u00e1s vonatkoz\u00f3 k\u00e9pkock\u00e1it. \u00c9s ahogy arr\u00f3l m\u00e1r volt sz\u00f3, az olvas\u00e1s szabads\u00e1g\u00e1ban pedig az e-book olvas\u00f3k lehetnek a di\u00e1kok &#8211; \u00e9s persze b\u00e1rki &#8211; haszn\u00e1ra. A zsebekben elf\u00e9r\u0151 giga-k\u00f6nyvt\u00e1rak sokat alak\u00edthatnak a gyerekeinken. Persze otthonr\u00f3l kell hozni a nyitotts\u00e1got \u00e9s \u00e9rdekl\u0151d\u00e9st \u00e9s nem \u00e1rt egy karizmatikus tan\u00e1r sem, aki nem magol\u00e1sra k\u00e9nyszer\u00edti, sz\u00e1raz adatb\u00e1zisokkal gy\u00f6tri a di\u00e1kjait, hanem \u00e9l\u0151v\u00e9 teszi a szakter\u00fclet\u00e9t. Haszn\u00e1ljuk ki a kor el\u0151nyeit \u00e9s adjunk eszk\u00f6z\u00f6ket a gyerekek kez\u00e9be, hogy hozz\u00e1f\u00e9rjenek a tud\u00e1shoz, hogy alkothassanak, offline \u00e9s online is!<\/span>\r\n\r\n&nbsp;\r\n<h2><b>Apr\u00f3s\u00e1gok, amikr\u0151l n\u00e9ha megfeledkez\u00fcnk<\/b><\/h2>\r\n&nbsp;\r\n\r\n<span style=\"font-weight: 400\">Egy csom\u00f3 kisebb t\u00e1rgy van, amelyek meghat\u00e1rozz\u00e1k egy di\u00e1k \u00e9let\u00e9t, de nem ugrik be els\u0151nek olyan nyilv\u00e1nval\u00f3an, mint a t\u00e1ska vagy a laptop. V\u00e9gig n\u00e9zt\u00fcnk a MediaMarkt polcain \u00e9s egy \u201cvill\u00e1m\u201d list\u00e1t \u00edrtunk azokb\u00f3l a holmikb\u00f3l amikr\u0151l lehet, elfeledkeznek a sz\u00fcl\u0151k a nagy bev\u00e1s\u00e1rl\u00e1s sor\u00e1n, hogy azt\u00e1n t\u00f6bb k\u00f6rben rohang\u00e1ljon, k\u00fcl\u00f6nb\u00f6z\u0151 boltokba \u00e9rt\u00fck. Mivel mindezek egy helyen is el\u00e9rhet\u0151ek, rem\u00e9lj\u00fck, levessz\u00fck a terhet a v\u00e9ghajr\u00e1ban mindenki v\u00e1ll\u00e1r\u00f3l! Akci\u00f3s \u00e9s kiemelt kapcsol\u00f3d\u00f3 term\u00e9keinket <\/span><a href=\"https:\/\/www.mediamarkt.hu\/hu\/shop\/extra-kiegeszitok-neked.html#ex5\"><span style=\"font-weight: 400\">ide kattintv<\/span><\/a><span style=\"font-weight: 400\">a is el\u00e9red!<\/span>\r\n\r\n&nbsp;\r\n<ul>\r\n \t<li style=\"font-weight: 400\"><span style=\"font-weight: 400\">\u00edr\u00f3asztali l\u00e1mpa<\/span><\/li>\r\n \t<li style=\"font-weight: 400\"><span style=\"font-weight: 400\">eloszt\u00f3k a k\u00fcl\u00f6nb\u00f6z\u0151 g\u00e9pek, t\u00f6lt\u0151k \u00e9s f\u00e9nyforr\u00e1sok sz\u00e1m\u00e1ra<\/span><\/li>\r\n \t<li style=\"font-weight: 400\"><span style=\"font-weight: 400\">sz\u00e1m\u00edt\u00e1stechnikai kieg\u00e9sz\u00edt\u0151k: eg\u00e9r, eg\u00e9rpad, billenty\u0171zet, k\u00fcls\u0151 mem\u00f3ria egys\u00e9gek, adathordoz\u00f3k<\/span><\/li>\r\n \t<li style=\"font-weight: 400\"><span style=\"font-weight: 400\">power bank<\/span><\/li>\r\n \t<li style=\"font-weight: 400\"><span style=\"font-weight: 400\">telefon \u00e9s telefon kieg\u00e9sz\u00edt\u0151k a biztons\u00e1g, a tart\u00f3ss\u00e1g \u00e9s a k\u00f6lts\u00e9ghat\u00e9konys\u00e1g jegy\u00e9ben!<\/span><\/li>\r\n \t<li style=\"font-weight: 400\"><span style=\"font-weight: 400\">sz\u00e1mol\u00f3g\u00e9p<\/span><\/li>\r\n \t<li style=\"font-weight: 400\"><span style=\"font-weight: 400\">kulcstart\u00f3<\/span><\/li>\r\n \t<li style=\"font-weight: 400\"><span style=\"font-weight: 400\">kulacs, \u00e9telhord\u00f3<\/span><\/li>\r\n<\/ul>\r\n&nbsp;\r\n<h2><strong>Kapcsol\u00f3d\u00f3 MediaMarkt term\u00e9kek:<\/strong><\/h2>\r\n&nbsp;\r\n\r\n<a href=\"https:\/\/www.mediamarkt.hu\/catentry\/1268927\"><span style=\"font-weight: 400\">JANBOOTS 138676 Iskolat\u00e1ska szett 3db-os, tenger\u00e9sz<\/span><\/a><span style=\"font-weight: 400\">, 14 588 Ft<\/span>\r\n\r\n<a href=\"https:\/\/www.mediamarkt.hu\/catentry\/1268924\"><span style=\"font-weight: 400\">JANBOOTS 138673 Iskolat\u00e1ska szett 3db-os, nyuszi<\/span><\/a><span style=\"font-weight: 400\">, 14 588 Ft<\/span>\r\n\r\n<a href=\"https:\/\/www.mediamarkt.hu\/catentry\/1279475\"><span style=\"font-weight: 400\">HUAWEI Matebook sz\u00fcrke notebook t\u00e1ska<\/span><\/a><span style=\"font-weight: 400\">, 16 499 Ft<\/span>\r\n\r\n<a href=\"https:\/\/www.mediamarkt.hu\/catentry\/1296637\"><span style=\"font-weight: 400\">BESTLIFE Business La Minor laptop t\u00e1ska 15.6&#8243;, sz\u00fcrke (BL-BLB-3036R1)<\/span><\/a><span style=\"font-weight: 400\">, 12 499 Ft<\/span>\r\n\r\n<a href=\"https:\/\/www.mediamarkt.hu\/catentry\/1299098\"><span style=\"font-weight: 400\">RAPOO 8000M Vezet\u00e9k n\u00e9lk\u00fcli billenty\u0171zet + eg\u00e9r, fekete (190800)<\/span><\/a><span style=\"font-weight: 400\">, 7599 Ft<\/span>\r\n\r\n<a href=\"https:\/\/www.mediamarkt.hu\/catentry\/1223032\"><span style=\"font-weight: 400\">CANON Pixma MG2555S fekete multifunkci\u00f3s tintasugaras nyomtat\u00f3<\/span><\/a><span style=\"font-weight: 400\">, 9999 Ft<\/span>\r\n\r\n<a href=\"https:\/\/www.mediamarkt.hu\/catentry\/1272577\"><span style=\"font-weight: 400\">MERCURY Usams power bank 2x USB fekete 10.000 mAh<\/span><\/a><span style=\"font-weight: 400\">, 5599 Ft<\/span>\r\n\r\n<a href=\"https:\/\/www.mediamarkt.hu\/catentry\/1272620\"><span style=\"font-weight: 400\">XIAOMI Mi Band 3 okos\u00f3ra, 9999 Ft<\/span><\/a>\r\n\r\n<a href=\"https:\/\/www.mediamarkt.hu\/catentry\/1270184\"><span style=\"font-weight: 400\">POCKETBOOK Basic Lux 2 8 GB WiFi fekete e-book olvhttps:\/\/www.mediamarkt.hu\/catentry\/1270184as\u00f3 (PB-616)<\/span><\/a><span style=\"font-weight: 400\">, 33 987 Ft<\/span>\r\n\r\n&nbsp;\r\n\r\n\n\t\t<style type=\"text\/css\">\n\t\t\t#gallery-1 {\n\t\t\t\tmargin: auto;\n\t\t\t}\n\t\t\t#gallery-1 .gallery-item {\n\t\t\t\tfloat: left;\n\t\t\t\tmargin-top: 10px;\n\t\t\t\ttext-align: center;\n\t\t\t\twidth: 33%;\n\t\t\t}\n\t\t\t#gallery-1 img {\n\t\t\t\tborder: 2px solid #cfcfcf;\n\t\t\t}\n\t\t\t#gallery-1 .gallery-caption {\n\t\t\t\tmargin-left: 0;\n\t\t\t}\n\t\t\t\/* see gallery_shortcode() in wp-includes\/media.php *\/\n\t\t<\/style>\n\t\t<div id='gallery-1' class='gallery galleryid-9375 gallery-columns-3 gallery-size-thumbnail'><dl class='gallery-item'>\n\t\t\t<dt class='gallery-icon landscape'>\n\t\t\t\t<a href='https:\/\/hir.mediamarkt.hu\/magazin\/iskola-kezdes-mediamarkt-szulo-diak-felszereles-tipp\/mediamarkt_iskola_00\/'><img loading=\"lazy\" decoding=\"async\" width=\"275\" height=\"205\" src=\"https:\/\/hir.mediamarkt.hu\/magazin\/wp-content\/uploads\/2019\/08\/MediaMarkt_iskola_00-275x205.png\" class=\"attachment-thumbnail size-thumbnail\" alt=\"\" srcset=\"https:\/\/hir.mediamarkt.hu\/magazin\/wp-content\/uploads\/2019\/08\/MediaMarkt_iskola_00-275x205.png 275w, https:\/\/hir.mediamarkt.hu\/magazin\/wp-content\/uploads\/2019\/08\/MediaMarkt_iskola_00-300x224.png 300w, https:\/\/hir.mediamarkt.hu\/magazin\/wp-content\/uploads\/2019\/08\/MediaMarkt_iskola_00-768x574.png 768w, https:\/\/hir.mediamarkt.hu\/magazin\/wp-content\/uploads\/2019\/08\/MediaMarkt_iskola_00-500x375.png 500w, https:\/\/hir.mediamarkt.hu\/magazin\/wp-content\/uploads\/2019\/08\/MediaMarkt_iskola_00.png 786w\" sizes=\"(max-width: 275px) 100vw, 275px\" \/><\/a>\n\t\t\t<\/dt><\/dl><dl class='gallery-item'>\n\t\t\t<dt class='gallery-icon landscape'>\n\t\t\t\t<a href='https:\/\/hir.mediamarkt.hu\/magazin\/iskola-kezdes-mediamarkt-szulo-diak-felszereles-tipp\/mediamarkt_iskola_01\/'><img loading=\"lazy\" decoding=\"async\" width=\"275\" height=\"205\" src=\"https:\/\/hir.mediamarkt.hu\/magazin\/wp-content\/uploads\/2019\/08\/MediaMarkt_iskola_01-275x205.png\" class=\"attachment-thumbnail size-thumbnail\" alt=\"\" srcset=\"https:\/\/hir.mediamarkt.hu\/magazin\/wp-content\/uploads\/2019\/08\/MediaMarkt_iskola_01-275x205.png 275w, https:\/\/hir.mediamarkt.hu\/magazin\/wp-content\/uploads\/2019\/08\/MediaMarkt_iskola_01-300x224.png 300w, https:\/\/hir.mediamarkt.hu\/magazin\/wp-content\/uploads\/2019\/08\/MediaMarkt_iskola_01-768x574.png 768w, https:\/\/hir.mediamarkt.hu\/magazin\/wp-content\/uploads\/2019\/08\/MediaMarkt_iskola_01-500x375.png 500w, https:\/\/hir.mediamarkt.hu\/magazin\/wp-content\/uploads\/2019\/08\/MediaMarkt_iskola_01.png 786w\" sizes=\"(max-width: 275px) 100vw, 275px\" \/><\/a>\n\t\t\t<\/dt><\/dl><dl class='gallery-item'>\n\t\t\t<dt class='gallery-icon landscape'>\n\t\t\t\t<a href='https:\/\/hir.mediamarkt.hu\/magazin\/iskola-kezdes-mediamarkt-szulo-diak-felszereles-tipp\/mediamarkt_iskola_02\/'><img loading=\"lazy\" decoding=\"async\" width=\"275\" height=\"205\" src=\"https:\/\/hir.mediamarkt.hu\/magazin\/wp-content\/uploads\/2019\/08\/MediaMarkt_iskola_02-275x205.png\" class=\"attachment-thumbnail size-thumbnail\" alt=\"\" srcset=\"https:\/\/hir.mediamarkt.hu\/magazin\/wp-content\/uploads\/2019\/08\/MediaMarkt_iskola_02-275x205.png 275w, https:\/\/hir.mediamarkt.hu\/magazin\/wp-content\/uploads\/2019\/08\/MediaMarkt_iskola_02-300x224.png 300w, https:\/\/hir.mediamarkt.hu\/magazin\/wp-content\/uploads\/2019\/08\/MediaMarkt_iskola_02-768x574.png 768w, https:\/\/hir.mediamarkt.hu\/magazin\/wp-content\/uploads\/2019\/08\/MediaMarkt_iskola_02-500x375.png 500w, https:\/\/hir.mediamarkt.hu\/magazin\/wp-content\/uploads\/2019\/08\/MediaMarkt_iskola_02.png 786w\" sizes=\"(max-width: 275px) 100vw, 275px\" \/><\/a>\n\t\t\t<\/dt><\/dl><br style=\"clear: both\" \/><dl class='gallery-item'>\n\t\t\t<dt class='gallery-icon landscape'>\n\t\t\t\t<a href='https:\/\/hir.mediamarkt.hu\/magazin\/iskola-kezdes-mediamarkt-szulo-diak-felszereles-tipp\/mediamarkt_iskola_03\/'><img loading=\"lazy\" decoding=\"async\" width=\"275\" height=\"205\" src=\"https:\/\/hir.mediamarkt.hu\/magazin\/wp-content\/uploads\/2019\/08\/MediaMarkt_iskola_03-275x205.png\" class=\"attachment-thumbnail size-thumbnail\" alt=\"\" srcset=\"https:\/\/hir.mediamarkt.hu\/magazin\/wp-content\/uploads\/2019\/08\/MediaMarkt_iskola_03-275x205.png 275w, https:\/\/hir.mediamarkt.hu\/magazin\/wp-content\/uploads\/2019\/08\/MediaMarkt_iskola_03-300x224.png 300w, https:\/\/hir.mediamarkt.hu\/magazin\/wp-content\/uploads\/2019\/08\/MediaMarkt_iskola_03-768x574.png 768w, https:\/\/hir.mediamarkt.hu\/magazin\/wp-content\/uploads\/2019\/08\/MediaMarkt_iskola_03-500x375.png 500w, https:\/\/hir.mediamarkt.hu\/magazin\/wp-content\/uploads\/2019\/08\/MediaMarkt_iskola_03.png 786w\" sizes=\"(max-width: 275px) 100vw, 275px\" \/><\/a>\n\t\t\t<\/dt><\/dl><dl class='gallery-item'>\n\t\t\t<dt class='gallery-icon landscape'>\n\t\t\t\t<a href='https:\/\/hir.mediamarkt.hu\/magazin\/iskola-kezdes-mediamarkt-szulo-diak-felszereles-tipp\/mediamarkt_iskola_03a\/'><img loading=\"lazy\" decoding=\"async\" width=\"275\" height=\"205\" src=\"https:\/\/hir.mediamarkt.hu\/magazin\/wp-content\/uploads\/2019\/08\/MediaMarkt_iskola_03a-275x205.png\" class=\"attachment-thumbnail size-thumbnail\" alt=\"\" srcset=\"https:\/\/hir.mediamarkt.hu\/magazin\/wp-content\/uploads\/2019\/08\/MediaMarkt_iskola_03a-275x205.png 275w, https:\/\/hir.mediamarkt.hu\/magazin\/wp-content\/uploads\/2019\/08\/MediaMarkt_iskola_03a-300x224.png 300w, https:\/\/hir.mediamarkt.hu\/magazin\/wp-content\/uploads\/2019\/08\/MediaMarkt_iskola_03a-768x574.png 768w, https:\/\/hir.mediamarkt.hu\/magazin\/wp-content\/uploads\/2019\/08\/MediaMarkt_iskola_03a-500x375.png 500w, https:\/\/hir.mediamarkt.hu\/magazin\/wp-content\/uploads\/2019\/08\/MediaMarkt_iskola_03a.png 786w\" sizes=\"(max-width: 275px) 100vw, 275px\" \/><\/a>\n\t\t\t<\/dt><\/dl><dl class='gallery-item'>\n\t\t\t<dt class='gallery-icon landscape'>\n\t\t\t\t<a href='https:\/\/hir.mediamarkt.hu\/magazin\/iskola-kezdes-mediamarkt-szulo-diak-felszereles-tipp\/mediamarkt_iskola_04\/'><img loading=\"lazy\" decoding=\"async\" width=\"275\" height=\"205\" src=\"https:\/\/hir.mediamarkt.hu\/magazin\/wp-content\/uploads\/2019\/08\/MediaMarkt_iskola_04-275x205.png\" class=\"attachment-thumbnail size-thumbnail\" alt=\"\" srcset=\"https:\/\/hir.mediamarkt.hu\/magazin\/wp-content\/uploads\/2019\/08\/MediaMarkt_iskola_04-275x205.png 275w, https:\/\/hir.mediamarkt.hu\/magazin\/wp-content\/uploads\/2019\/08\/MediaMarkt_iskola_04-300x224.png 300w, https:\/\/hir.mediamarkt.hu\/magazin\/wp-content\/uploads\/2019\/08\/MediaMarkt_iskola_04-768x574.png 768w, https:\/\/hir.mediamarkt.hu\/magazin\/wp-content\/uploads\/2019\/08\/MediaMarkt_iskola_04-500x375.png 500w, https:\/\/hir.mediamarkt.hu\/magazin\/wp-content\/uploads\/2019\/08\/MediaMarkt_iskola_04.png 786w\" sizes=\"(max-width: 275px) 100vw, 275px\" \/><\/a>\n\t\t\t<\/dt><\/dl><br style=\"clear: both\" \/><dl class='gallery-item'>\n\t\t\t<dt class='gallery-icon landscape'>\n\t\t\t\t<a href='https:\/\/hir.mediamarkt.hu\/magazin\/iskola-kezdes-mediamarkt-szulo-diak-felszereles-tipp\/mediamarkt_iskola_05\/'><img loading=\"lazy\" decoding=\"async\" width=\"275\" height=\"205\" src=\"https:\/\/hir.mediamarkt.hu\/magazin\/wp-content\/uploads\/2019\/08\/MediaMarkt_iskola_05-275x205.png\" class=\"attachment-thumbnail size-thumbnail\" alt=\"\" srcset=\"https:\/\/hir.mediamarkt.hu\/magazin\/wp-content\/uploads\/2019\/08\/MediaMarkt_iskola_05-275x205.png 275w, https:\/\/hir.mediamarkt.hu\/magazin\/wp-content\/uploads\/2019\/08\/MediaMarkt_iskola_05-300x224.png 300w, https:\/\/hir.mediamarkt.hu\/magazin\/wp-content\/uploads\/2019\/08\/MediaMarkt_iskola_05-768x574.png 768w, https:\/\/hir.mediamarkt.hu\/magazin\/wp-content\/uploads\/2019\/08\/MediaMarkt_iskola_05-500x375.png 500w, https:\/\/hir.mediamarkt.hu\/magazin\/wp-content\/uploads\/2019\/08\/MediaMarkt_iskola_05.png 786w\" sizes=\"(max-width: 275px) 100vw, 275px\" \/><\/a>\n\t\t\t<\/dt><\/dl><dl class='gallery-item'>\n\t\t\t<dt class='gallery-icon landscape'>\n\t\t\t\t<a href='https:\/\/hir.mediamarkt.hu\/magazin\/iskola-kezdes-mediamarkt-szulo-diak-felszereles-tipp\/mediamarkt_iskola_05a\/'><img loading=\"lazy\" decoding=\"async\" width=\"275\" height=\"205\" src=\"https:\/\/hir.mediamarkt.hu\/magazin\/wp-content\/uploads\/2019\/08\/MediaMarkt_iskola_05a-275x205.png\" class=\"attachment-thumbnail size-thumbnail\" alt=\"\" srcset=\"https:\/\/hir.mediamarkt.hu\/magazin\/wp-content\/uploads\/2019\/08\/MediaMarkt_iskola_05a-275x205.png 275w, https:\/\/hir.mediamarkt.hu\/magazin\/wp-content\/uploads\/2019\/08\/MediaMarkt_iskola_05a-300x224.png 300w, https:\/\/hir.mediamarkt.hu\/magazin\/wp-content\/uploads\/2019\/08\/MediaMarkt_iskola_05a-768x574.png 768w, https:\/\/hir.mediamarkt.hu\/magazin\/wp-content\/uploads\/2019\/08\/MediaMarkt_iskola_05a-500x375.png 500w, https:\/\/hir.mediamarkt.hu\/magazin\/wp-content\/uploads\/2019\/08\/MediaMarkt_iskola_05a.png 786w\" sizes=\"(max-width: 275px) 100vw, 275px\" \/><\/a>\n\t\t\t<\/dt><\/dl>\n\t\t\t<br style='clear: both' \/>\n\t\t<\/div>\n\r\n<h2><\/h2>\r\n<h2><strong>Kapcsol\u00f3d\u00f3 cikkeink:<\/strong><\/h2>\r\n&nbsp;\r\n\r\n<a href=\"https:\/\/hir.mediamarkt.hu\/magazin\/olvasni-szexi-170-grammba-minden-tudast-felhalmozni-extrem-szexi\/\"><span style=\"font-weight: 400\">OLVASNI SZEXI. 170 GRAMMBA MINDEN TUD\u00c1ST FELHALMOZNI? EXTR\u00c9M SZEXI!<\/span><\/a>\r\n\r\n<a href=\"https:\/\/hir.mediamarkt.hu\/magazin\/az-iskolakezdes-margojara-gondolatok-az-olvasasrol-es-annak-egeto-hianyarol\/\"><span style=\"font-weight: 400\">AZ ISKOLAKEZD\u00c9S MARG\u00d3J\u00c1RA: GONDOLATOK AZ OLVAS\u00c1SR\u00d3L \u00c9S ANNAK \u00c9GET\u0150 HI\u00c1NY\u00c1R\u00d3L<\/span><\/a>\r\n\r\n<a href=\"https:\/\/hir.mediamarkt.hu\/magazin\/neveles-vs-technologia-mindketto-tippek-es-egy-okosora-kisiskolasok-szuleinek\/\"><span style=\"font-weight: 400\">NEVEL\u00c9S VS. TECHNOL\u00d3GIA? MINDKETT\u0150! TIPPEK \u00c9S EGY OKOS\u00d3RA AGG\u00d3D\u00d3 SZ\u00dcL\u0150KNEK<\/span><\/a>\r\n\r\n<a href=\"https:\/\/hir.mediamarkt.hu\/magazin\/nosztalgia-retro-tanszerek-es-iskola-felszerelesek-suli\/\"><span style=\"font-weight: 400\">NOSZTALGIA-PERCEK: AZOK A R\u00c9GI, J\u00d3 RETRO TANSZEREK \u00c9S ISKOLA FELSZEREL\u00c9SEK\u2026<\/span><\/a>\r\n\r\n<a href=\"https:\/\/hir.mediamarkt.hu\/magazin\/kisiskolas-gyerekes-szulok-figyelem-ez-nektek-szol\/\"><span style=\"font-weight: 400\">KISISKOL\u00c1S GYEREKES SZ\u00dcL\u0150K, FIGYELEM: EZ NEKTEK SZ\u00d3L!<\/span><\/a>","protected":false},"excerpt":{"rendered":"M\u00e1r megint eltelt egy \u00e9v. \u00c9s m\u00e1r megint tan\u00edt\u00e1si id\u0151szak k\u00f6vetkezik. B\u00e1r manaps\u00e1g divat ut\u00e1lni az iskol\u00e1t, az\u00e9rt mi hisz\u00fcnk a tud\u00e1s \u00e9s fejl\u0151d\u00e9s erej\u00e9ben. \u00c9pp ez\u00e9rt igyeksz\u00fcnk a tan\u00e9vkezd\u00e9s el\u0151tt n\u00e9h\u00e1ny hasznos term\u00e9kkel \u00e9s tippel szolg\u00e1lni a k\u00f6z\u00e9piskol\u00e1s koroszt\u00e1ly \u00e9s d\u00f6nt\u00e9shoz\u00f3ik, a sz\u00fcl\u0151k sz\u00e1m\u00e1ra!","protected":false},"author":13,"featured_media":9388,"comment_status":"open","ping_status":"open","sticky":false,"template":"","format":"standard","meta":{"wprm-recipe-roundup-name":"","wprm-recipe-roundup-description":"","footnotes":""},"categories":[5967],"tags":[3543,2726,445,2211,1416,2718,3541,514,2724,1143,302,3542,2155,502,2127,2173,2330,3096,2619,2214,3544,2581],"yoast_head":"<!-- This site is optimized with the Yoast SEO plugin v22.9 - https:\/\/yoast.com\/wordpress\/plugins\/seo\/ -->\n<title>Vel\u00fcnk becsengethetnek! Suli kezd\u00e9s sz\u00fcl\u0151knek, a MediaMarkt-tal! - MediaMarkt Magazin<\/title>\n<meta name=\"description\" content=\"Iskol\u00e1ba megy a gyerek. \u00cdgy csin\u00e1ld v\u00e9gig a nagy bev\u00e1s\u00e1rl\u00e1st ideg\u00f6sszeroppan\u00e1s n\u00e9lk\u00fcl! Tippek \u00e9s term\u00e9kek egy helyen sz\u00fcl\u0151knek \u00e9s di\u00e1koknak!\" \/>\n<meta name=\"robots\" content=\"index, follow, max-snippet:-1, max-image-preview:large, max-video-preview:-1\" \/>\n<link rel=\"canonical\" href=\"https:\/\/hir.mediamarkt.hu\/magazin\/iskola-kezdes-mediamarkt-szulo-diak-felszereles-tipp\/\" \/>\n<meta property=\"og:locale\" content=\"hu_HU\" \/>\n<meta property=\"og:type\" content=\"article\" \/>\n<meta property=\"og:title\" content=\"Vel\u00fcnk becsengethetnek! Suli kezd\u00e9s sz\u00fcl\u0151knek, a MediaMarkt-tal! - MediaMarkt Magazin\" \/>\n<meta property=\"og:description\" content=\"Iskol\u00e1ba megy a gyerek. \u00cdgy csin\u00e1ld v\u00e9gig a nagy bev\u00e1s\u00e1rl\u00e1st ideg\u00f6sszeroppan\u00e1s n\u00e9lk\u00fcl! Tippek \u00e9s term\u00e9kek egy helyen sz\u00fcl\u0151knek \u00e9s di\u00e1koknak!\" \/>\n<meta property=\"og:url\" content=\"https:\/\/hir.mediamarkt.hu\/magazin\/iskola-kezdes-mediamarkt-szulo-diak-felszereles-tipp\/\" \/>\n<meta property=\"og:site_name\" content=\"MediaMarkt Magazin\" \/>\n<meta property=\"article:publisher\" content=\"https:\/\/www.facebook.com\/MediaMarktMagyarorszag\" \/>\n<meta property=\"article:published_time\" content=\"2019-08-23T15:53:19+00:00\" \/>\n<meta property=\"article:modified_time\" content=\"2019-08-30T10:31:50+00:00\" \/>\n<meta property=\"og:image\" content=\"https:\/\/hir.mediamarkt.hu\/magazin\/wp-content\/uploads\/2019\/08\/MediaMarkt_iskola_06e.jpeg\" \/>\n\t<meta property=\"og:image:width\" content=\"500\" \/>\n\t<meta property=\"og:image:height\" content=\"333\" \/>\n\t<meta property=\"og:image:type\" content=\"image\/jpeg\" \/>\n<meta name=\"author\" content=\"Media Markt\" \/>\n<meta name=\"twitter:label1\" content=\"Szerz\u0151:\" \/>\n\t<meta name=\"twitter:data1\" content=\"Media Markt\" \/>\n\t<meta name=\"twitter:label2\" content=\"Becs\u00fclt olvas\u00e1si id\u0151\" \/>\n\t<meta name=\"twitter:data2\" content=\"8 perc\" \/>\n<script type=\"application\/ld+json\" class=\"yoast-schema-graph\">{\"@context\":\"https:\/\/schema.org\",\"@graph\":[{\"@type\":\"WebPage\",\"@id\":\"https:\/\/hir.mediamarkt.hu\/magazin\/iskola-kezdes-mediamarkt-szulo-diak-felszereles-tipp\/\",\"url\":\"https:\/\/hir.mediamarkt.hu\/magazin\/iskola-kezdes-mediamarkt-szulo-diak-felszereles-tipp\/\",\"name\":\"Vel\u00fcnk becsengethetnek! Suli kezd\u00e9s sz\u00fcl\u0151knek, a MediaMarkt-tal! - MediaMarkt Magazin\",\"isPartOf\":{\"@id\":\"https:\/\/hir.mediamarkt.hu\/magazin\/#website\"},\"primaryImageOfPage\":{\"@id\":\"https:\/\/hir.mediamarkt.hu\/magazin\/iskola-kezdes-mediamarkt-szulo-diak-felszereles-tipp\/#primaryimage\"},\"image\":{\"@id\":\"https:\/\/hir.mediamarkt.hu\/magazin\/iskola-kezdes-mediamarkt-szulo-diak-felszereles-tipp\/#primaryimage\"},\"thumbnailUrl\":\"https:\/\/hir.mediamarkt.hu\/magazin\/wp-content\/uploads\/2019\/08\/MediaMarkt_iskola_06e.jpeg\",\"datePublished\":\"2019-08-23T15:53:19+00:00\",\"dateModified\":\"2019-08-30T10:31:50+00:00\",\"author\":{\"@id\":\"https:\/\/hir.mediamarkt.hu\/magazin\/#\/schema\/person\/b93b02ec1ab4d2353f8d281e171c1b0b\"},\"description\":\"Iskol\u00e1ba megy a gyerek. \u00cdgy csin\u00e1ld v\u00e9gig a nagy bev\u00e1s\u00e1rl\u00e1st ideg\u00f6sszeroppan\u00e1s n\u00e9lk\u00fcl! Tippek \u00e9s term\u00e9kek egy helyen sz\u00fcl\u0151knek \u00e9s di\u00e1koknak!\",\"breadcrumb\":{\"@id\":\"https:\/\/hir.mediamarkt.hu\/magazin\/iskola-kezdes-mediamarkt-szulo-diak-felszereles-tipp\/#breadcrumb\"},\"inLanguage\":\"hu\",\"potentialAction\":[{\"@type\":\"ReadAction\",\"target\":[\"https:\/\/hir.mediamarkt.hu\/magazin\/iskola-kezdes-mediamarkt-szulo-diak-felszereles-tipp\/\"]}]},{\"@type\":\"ImageObject\",\"inLanguage\":\"hu\",\"@id\":\"https:\/\/hir.mediamarkt.hu\/magazin\/iskola-kezdes-mediamarkt-szulo-diak-felszereles-tipp\/#primaryimage\",\"url\":\"https:\/\/hir.mediamarkt.hu\/magazin\/wp-content\/uploads\/2019\/08\/MediaMarkt_iskola_06e.jpeg\",\"contentUrl\":\"https:\/\/hir.mediamarkt.hu\/magazin\/wp-content\/uploads\/2019\/08\/MediaMarkt_iskola_06e.jpeg\",\"width\":500,\"height\":333},{\"@type\":\"BreadcrumbList\",\"@id\":\"https:\/\/hir.mediamarkt.hu\/magazin\/iskola-kezdes-mediamarkt-szulo-diak-felszereles-tipp\/#breadcrumb\",\"itemListElement\":[{\"@type\":\"ListItem\",\"position\":1,\"name\":\"Kezd\u0151lap\",\"item\":\"https:\/\/hir.mediamarkt.hu\/magazin\/\"},{\"@type\":\"ListItem\",\"position\":2,\"name\":\"Vel\u00fcnk becsengethetnek! Suli kezd\u00e9s sz\u00fcl\u0151knek, a MediaMarkt-tal!\"}]},{\"@type\":\"WebSite\",\"@id\":\"https:\/\/hir.mediamarkt.hu\/magazin\/#website\",\"url\":\"https:\/\/hir.mediamarkt.hu\/magazin\/\",\"name\":\"MediaMarkt Magazin\",\"description\":\"Olvass bele magazinunkba!\",\"potentialAction\":[{\"@type\":\"SearchAction\",\"target\":{\"@type\":\"EntryPoint\",\"urlTemplate\":\"https:\/\/hir.mediamarkt.hu\/magazin\/?s={search_term_string}\"},\"query-input\":\"required name=search_term_string\"}],\"inLanguage\":\"hu\"},{\"@type\":\"Person\",\"@id\":\"https:\/\/hir.mediamarkt.hu\/magazin\/#\/schema\/person\/b93b02ec1ab4d2353f8d281e171c1b0b\",\"name\":\"Media Markt\",\"image\":{\"@type\":\"ImageObject\",\"inLanguage\":\"hu\",\"@id\":\"https:\/\/hir.mediamarkt.hu\/magazin\/#\/schema\/person\/image\/\",\"url\":\"https:\/\/secure.gravatar.com\/avatar\/602bccae8998beee472d01909f0978f1?s=96&d=mm&r=g\",\"contentUrl\":\"https:\/\/secure.gravatar.com\/avatar\/602bccae8998beee472d01909f0978f1?s=96&d=mm&r=g\",\"caption\":\"Media Markt\"}}]}<\/script>\n<!-- \/ Yoast SEO plugin. -->","yoast_head_json":{"title":"Vel\u00fcnk becsengethetnek! Suli kezd\u00e9s sz\u00fcl\u0151knek, a MediaMarkt-tal! - MediaMarkt Magazin","description":"Iskol\u00e1ba megy a gyerek. \u00cdgy csin\u00e1ld v\u00e9gig a nagy bev\u00e1s\u00e1rl\u00e1st ideg\u00f6sszeroppan\u00e1s n\u00e9lk\u00fcl! Tippek \u00e9s term\u00e9kek egy helyen sz\u00fcl\u0151knek \u00e9s di\u00e1koknak!","robots":{"index":"index","follow":"follow","max-snippet":"max-snippet:-1","max-image-preview":"max-image-preview:large","max-video-preview":"max-video-preview:-1"},"canonical":"https:\/\/hir.mediamarkt.hu\/magazin\/iskola-kezdes-mediamarkt-szulo-diak-felszereles-tipp\/","og_locale":"hu_HU","og_type":"article","og_title":"Vel\u00fcnk becsengethetnek! Suli kezd\u00e9s sz\u00fcl\u0151knek, a MediaMarkt-tal! - MediaMarkt Magazin","og_description":"Iskol\u00e1ba megy a gyerek. \u00cdgy csin\u00e1ld v\u00e9gig a nagy bev\u00e1s\u00e1rl\u00e1st ideg\u00f6sszeroppan\u00e1s n\u00e9lk\u00fcl! Tippek \u00e9s term\u00e9kek egy helyen sz\u00fcl\u0151knek \u00e9s di\u00e1koknak!","og_url":"https:\/\/hir.mediamarkt.hu\/magazin\/iskola-kezdes-mediamarkt-szulo-diak-felszereles-tipp\/","og_site_name":"MediaMarkt Magazin","article_publisher":"https:\/\/www.facebook.com\/MediaMarktMagyarorszag","article_published_time":"2019-08-23T15:53:19+00:00","article_modified_time":"2019-08-30T10:31:50+00:00","og_image":[{"width":500,"height":333,"url":"https:\/\/hir.mediamarkt.hu\/magazin\/wp-content\/uploads\/2019\/08\/MediaMarkt_iskola_06e.jpeg","type":"image\/jpeg"}],"author":"Media Markt","twitter_misc":{"Szerz\u0151:":"Media Markt","Becs\u00fclt olvas\u00e1si id\u0151":"8 perc"},"schema":{"@context":"https:\/\/schema.org","@graph":[{"@type":"WebPage","@id":"https:\/\/hir.mediamarkt.hu\/magazin\/iskola-kezdes-mediamarkt-szulo-diak-felszereles-tipp\/","url":"https:\/\/hir.mediamarkt.hu\/magazin\/iskola-kezdes-mediamarkt-szulo-diak-felszereles-tipp\/","name":"Vel\u00fcnk becsengethetnek! Suli kezd\u00e9s sz\u00fcl\u0151knek, a MediaMarkt-tal! - MediaMarkt Magazin","isPartOf":{"@id":"https:\/\/hir.mediamarkt.hu\/magazin\/#website"},"primaryImageOfPage":{"@id":"https:\/\/hir.mediamarkt.hu\/magazin\/iskola-kezdes-mediamarkt-szulo-diak-felszereles-tipp\/#primaryimage"},"image":{"@id":"https:\/\/hir.mediamarkt.hu\/magazin\/iskola-kezdes-mediamarkt-szulo-diak-felszereles-tipp\/#primaryimage"},"thumbnailUrl":"https:\/\/hir.mediamarkt.hu\/magazin\/wp-content\/uploads\/2019\/08\/MediaMarkt_iskola_06e.jpeg","datePublished":"2019-08-23T15:53:19+00:00","dateModified":"2019-08-30T10:31:50+00:00","author":{"@id":"https:\/\/hir.mediamarkt.hu\/magazin\/#\/schema\/person\/b93b02ec1ab4d2353f8d281e171c1b0b"},"description":"Iskol\u00e1ba megy a gyerek. \u00cdgy csin\u00e1ld v\u00e9gig a nagy bev\u00e1s\u00e1rl\u00e1st ideg\u00f6sszeroppan\u00e1s n\u00e9lk\u00fcl! Tippek \u00e9s term\u00e9kek egy helyen sz\u00fcl\u0151knek \u00e9s di\u00e1koknak!","breadcrumb":{"@id":"https:\/\/hir.mediamarkt.hu\/magazin\/iskola-kezdes-mediamarkt-szulo-diak-felszereles-tipp\/#breadcrumb"},"inLanguage":"hu","potentialAction":[{"@type":"ReadAction","target":["https:\/\/hir.mediamarkt.hu\/magazin\/iskola-kezdes-mediamarkt-szulo-diak-felszereles-tipp\/"]}]},{"@type":"ImageObject","inLanguage":"hu","@id":"https:\/\/hir.mediamarkt.hu\/magazin\/iskola-kezdes-mediamarkt-szulo-diak-felszereles-tipp\/#primaryimage","url":"https:\/\/hir.mediamarkt.hu\/magazin\/wp-content\/uploads\/2019\/08\/MediaMarkt_iskola_06e.jpeg","contentUrl":"https:\/\/hir.mediamarkt.hu\/magazin\/wp-content\/uploads\/2019\/08\/MediaMarkt_iskola_06e.jpeg","width":500,"height":333},{"@type":"BreadcrumbList","@id":"https:\/\/hir.mediamarkt.hu\/magazin\/iskola-kezdes-mediamarkt-szulo-diak-felszereles-tipp\/#breadcrumb","itemListElement":[{"@type":"ListItem","position":1,"name":"Kezd\u0151lap","item":"https:\/\/hir.mediamarkt.hu\/magazin\/"},{"@type":"ListItem","position":2,"name":"Vel\u00fcnk becsengethetnek! Suli kezd\u00e9s sz\u00fcl\u0151knek, a MediaMarkt-tal!"}]},{"@type":"WebSite","@id":"https:\/\/hir.mediamarkt.hu\/magazin\/#website","url":"https:\/\/hir.mediamarkt.hu\/magazin\/","name":"MediaMarkt Magazin","description":"Olvass bele magazinunkba!","potentialAction":[{"@type":"SearchAction","target":{"@type":"EntryPoint","urlTemplate":"https:\/\/hir.mediamarkt.hu\/magazin\/?s={search_term_string}"},"query-input":"required name=search_term_string"}],"inLanguage":"hu"},{"@type":"Person","@id":"https:\/\/hir.mediamarkt.hu\/magazin\/#\/schema\/person\/b93b02ec1ab4d2353f8d281e171c1b0b","name":"Media Markt","image":{"@type":"ImageObject","inLanguage":"hu","@id":"https:\/\/hir.mediamarkt.hu\/magazin\/#\/schema\/person\/image\/","url":"https:\/\/secure.gravatar.com\/avatar\/602bccae8998beee472d01909f0978f1?s=96&d=mm&r=g","contentUrl":"https:\/\/secure.gravatar.com\/avatar\/602bccae8998beee472d01909f0978f1?s=96&d=mm&r=g","caption":"Media Markt"}}]}},"_links":{"self":[{"href":"https:\/\/hir.mediamarkt.hu\/magazin\/wp-json\/wp\/v2\/posts\/9375"}],"collection":[{"href":"https:\/\/hir.mediamarkt.hu\/magazin\/wp-json\/wp\/v2\/posts"}],"about":[{"href":"https:\/\/hir.mediamarkt.hu\/magazin\/wp-json\/wp\/v2\/types\/post"}],"author":[{"embeddable":true,"href":"https:\/\/hir.mediamarkt.hu\/magazin\/wp-json\/wp\/v2\/users\/13"}],"replies":[{"embeddable":true,"href":"https:\/\/hir.mediamarkt.hu\/magazin\/wp-json\/wp\/v2\/comments?post=9375"}],"version-history":[{"count":4,"href":"https:\/\/hir.mediamarkt.hu\/magazin\/wp-json\/wp\/v2\/posts\/9375\/revisions"}],"predecessor-version":[{"id":9509,"href":"https:\/\/hir.mediamarkt.hu\/magazin\/wp-json\/wp\/v2\/posts\/9375\/revisions\/9509"}],"wp:featuredmedia":[{"embeddable":true,"href":"https:\/\/hir.mediamarkt.hu\/magazin\/wp-json\/wp\/v2\/media\/9388"}],"wp:attachment":[{"href":"https:\/\/hir.mediamarkt.hu\/magazin\/wp-json\/wp\/v2\/media?parent=9375"}],"wp:term":[{"taxonomy":"category","embeddable":true,"href":"https:\/\/hir.mediamarkt.hu\/magazin\/wp-json\/wp\/v2\/categories?post=9375"},{"taxonomy":"post_tag","embeddable":true,"href":"https:\/\/hir.mediamarkt.hu\/magazin\/wp-json\/wp\/v2\/tags?post=9375"}],"curies":[{"name":"wp","href":"https:\/\/api.w.org\/{rel}","templated":true}]}}