{"id":9482,"date":"2019-08-29T15:19:51","date_gmt":"2019-08-29T14:19:51","guid":{"rendered":"http:\/\/hir.mediamarkt.hu\/magazin\/?p=9482"},"modified":"2019-08-30T11:31:58","modified_gmt":"2019-08-30T10:31:58","slug":"felevkezdes-egyetemistakent-a-mediamarkttal","status":"publish","type":"post","link":"https:\/\/hir.mediamarkt.hu\/magazin\/felevkezdes-egyetemistakent-a-mediamarkttal\/","title":{"rendered":"Induljon a kredit szezon! F\u00e9l\u00e9vkezd\u00e9s egyetemistak\u00e9nt, a MediaMarkt-tal!"},"content":{"rendered":"<b>G\u00f3lya vagy \u00e9s m\u00e9g nem tudod pontosan, mire lesz igaz\u00e1b\u00f3l sz\u00fcks\u00e9ged egyetemistak\u00e9nt a szorgalmi \u00e9s persze a vizsga id\u0151szak sor\u00e1n? Rutinos r\u00f3ka vagy m\u00e1r, de m\u00e9g mindig hi\u00e1nyzik valami a komfort \u00e9rzetedhez? Gondos sz\u00fcl\u0151 vagy, aki szeretn\u00e9, ha a fiatal feln\u0151tt gyereke k\u00e9nyelmesen t\u00f6mhetn\u00e9 a fej\u00e9t tud\u00e1ssal? Akkor ez a cikk neked sz\u00f3l!<\/b><!--more-->\r\n\r\n&nbsp;\r\n<h2><b>Mit\u0151l m\u00e1s az egyetemista di\u00e1k l\u00e9t, mint a kor\u00e1bbi?<\/b><\/h2>\r\n&nbsp;\r\n\r\n<span style=\"font-weight: 400\"><img loading=\"lazy\" decoding=\"async\" class=\"alignleft wp-image-9484 size-thumbnail\" src=\"https:\/\/hir.mediamarkt.hu\/magazin\/wp-content\/uploads\/2019\/08\/MediaMarkt_egyetem4a-275x183.jpeg\" alt=\"\" width=\"275\" height=\"183\" srcset=\"https:\/\/hir.mediamarkt.hu\/magazin\/wp-content\/uploads\/2019\/08\/MediaMarkt_egyetem4a-275x183.jpeg 275w, https:\/\/hir.mediamarkt.hu\/magazin\/wp-content\/uploads\/2019\/08\/MediaMarkt_egyetem4a-300x200.jpeg 300w, https:\/\/hir.mediamarkt.hu\/magazin\/wp-content\/uploads\/2019\/08\/MediaMarkt_egyetem4a-768x512.jpeg 768w, https:\/\/hir.mediamarkt.hu\/magazin\/wp-content\/uploads\/2019\/08\/MediaMarkt_egyetem4a-1024x682.jpeg 1024w, https:\/\/hir.mediamarkt.hu\/magazin\/wp-content\/uploads\/2019\/08\/MediaMarkt_egyetem4a.jpeg 1440w\" sizes=\"(max-width: 275px) 100vw, 275px\" \/>Alapvet\u0151en egy sz\u00f3ban \u00f6sszefoglalhat\u00f3 a k\u00e9rd\u00e9s: a szabads\u00e1gban. Ez azonban nem csup\u00e1n a felh\u0151tlen buliz\u00e1st jelenti. A fels\u0151oktat\u00e1si int\u00e9zm\u00e9nybe val\u00f3 leszerz\u0151d\u00e9s pont, hogy a feln\u0151tt\u00e9 v\u00e1l\u00e1s kapcs\u00e1n megjelen\u0151, felel\u0151ss\u00e9gteljes szabads\u00e1g miatt neh\u00e9z. Ugyanis egyetemistak\u00e9nt a teljes\u00edtm\u00e9nyemet \u00e9s eredm\u00e9nyeimet most m\u00e1r els\u0151sorban a szabadakaratom hat\u00e1rozza meg. Sok esetben eld\u00f6nthetem, bej\u00e1rok-e egy el\u0151ad\u00e1sra. Ahogy azt is, mennyi id\u0151 alatt \u00e9s milyen sz\u00ednvonalon szerzek diplom\u00e1t. A k\u00fcls\u0151 k\u00e9nyszereseknek j\u00f3 h\u00edr, hogy az\u00e9rt vannak keretek, de mindenkinek mag\u00e1nak kell kikaparni a geszteny\u00e9t. A tan\u00edt\u00f3 n\u00e9ni m\u00e1r nem fog \u00f3v\u00f3n seg\u00edteni \u00e9s vezetgetni minket. A d\u00f6nt\u00e9s \u00e9s cselekv\u00e9s szabads\u00e1ga teh\u00e1t egyszerre felszabad\u00edt\u00f3 \u00e9s ak\u00e1r b\u00e9n\u00edt\u00f3 is. Lust\u00e1k \u00e9s k\u00f6nnyen sz\u00e9tes\u0151k sz\u00e1m\u00e1ra \u00e9rdemes sorvezet\u0151ket haszn\u00e1lni!<\/span>\r\n\r\n&nbsp;\r\n<h2><b>Mi seg\u00edthet a j\u00f3 teljes\u00edtm\u00e9nyben?<\/b><\/h2>\r\n&nbsp;\r\n\r\n<span style=\"font-weight: 400\">Els\u0151sorban a rendszeress\u00e9g \u00e9s kiegyens\u00falyozotts\u00e1g kialak\u00edt\u00e1sa. B\u00e1r egyetemistak\u00e9nt nem \u00e9ppen ez az \u00e9letm\u00f3d a jellemz\u0151, mi magunk t\u00f6rekedhet\u00fcnk r\u00e1, hogy be\u00e1lljon egy kellemes ritmus \u00e9s ne folyjon sz\u00e9t teljesen a nap, a h\u00e9t, a f\u00e9l\u00e9v. \u00d3ra beoszt\u00e1st\u00f3l f\u00fcggetlen\u00fcl \u00e9rdemes egy reggeli rutint kialak\u00edtani. Nem kell k\u00ednozni magunkat \u00e9s persze extr\u00e9m kimarad\u00e1sok eset\u00e9n kimen\u0151t is kaphatunk. De az &#8211; ak\u00e1r f\u00e9l \u00f3r\u00e1s &#8211; reggeli\u00a0<\/span>\r\n<ul>\r\n \t<li style=\"font-weight: 400\">\r\n<blockquote><span style=\"font-weight: 400\">tea vagy k\u00e1v\u00e9 szertart\u00e1s<\/span><\/blockquote>\r\n<\/li>\r\n \t<li style=\"font-weight: 400\">\r\n<blockquote><span style=\"font-weight: 400\">medit\u00e1ci\u00f3<\/span><\/blockquote>\r\n<\/li>\r\n \t<li style=\"font-weight: 400\">\r\n<blockquote><span style=\"font-weight: 400\">csendes-\u00fcl\u0151s vagy \u00e9pp az ugr\u00e1l\u00f3s-t\u00e1ncol\u00f3s zenehallgat\u00e1s<\/span><\/blockquote>\r\n<\/li>\r\n \t<li style=\"font-weight: 400\">\r\n<blockquote><span style=\"font-weight: 400\">sportol\u00e1s, j\u00f3g\u00e1z\u00e1s, fut\u00e1s, halad\u00f3knak szaun\u00e1z\u00e1s<\/span><\/blockquote>\r\n<\/li>\r\n \t<li style=\"font-weight: 400\">\r\n<blockquote><span style=\"font-weight: 400\">kiad\u00f3s, eg\u00e9szs\u00e9ges reggeliz\u00e9s<\/span><\/blockquote>\r\n<\/li>\r\n<\/ul>\r\n<span style=\"font-weight: 400\">egy \u00e9letre j\u00f3 hasznot hajthat sz\u00e1munkra.<\/span>\r\n\r\n&nbsp;\r\n\r\n<span style=\"font-weight: 400\"><img loading=\"lazy\" decoding=\"async\" class=\"size-medium wp-image-9488 alignleft\" src=\"https:\/\/hir.mediamarkt.hu\/magazin\/wp-content\/uploads\/2019\/08\/MediaMarkt_egyetem-300x200.jpeg\" alt=\"\" width=\"300\" height=\"200\" srcset=\"https:\/\/hir.mediamarkt.hu\/magazin\/wp-content\/uploads\/2019\/08\/MediaMarkt_egyetem-300x200.jpeg 300w, https:\/\/hir.mediamarkt.hu\/magazin\/wp-content\/uploads\/2019\/08\/MediaMarkt_egyetem-275x184.jpeg 275w, https:\/\/hir.mediamarkt.hu\/magazin\/wp-content\/uploads\/2019\/08\/MediaMarkt_egyetem-768x513.jpeg 768w, https:\/\/hir.mediamarkt.hu\/magazin\/wp-content\/uploads\/2019\/08\/MediaMarkt_egyetem-1024x684.jpeg 1024w, https:\/\/hir.mediamarkt.hu\/magazin\/wp-content\/uploads\/2019\/08\/MediaMarkt_egyetem.jpeg 1440w\" sizes=\"(max-width: 300px) 100vw, 300px\" \/>Ha egyetemistak\u00e9nt nem csak \u00fagy kies\u00fcnk az \u00e1gyb\u00f3l, ha nem rohanunk l\u00e9lekszakadva, f\u00e9lig m\u00e9g \u00e1lomittasan az el\u0151ad\u00e1sokra \u00e9s szemin\u00e1riumokra, kevesebbet kell majd a vizsgaid\u0151szakban hajtanunk. A tanul\u00e1s nagy r\u00e9sz\u00e9t \u00e9rdemes ugyanis mag\u00e1n az \u00f3r\u00e1kon elv\u00e9gezni. Ha m\u00e1r egyszer egy int\u00e9zm\u00e9nyben \u00fcl\u00fcnk, haszn\u00e1ljuk ki, hogy \u00e9ppen ok\u00edtanak minket! Ehhez azonban kell a friss agy \u00e9s test is.<\/span>\r\n\r\n&nbsp;\r\n<h2><\/h2>\r\n<h2><\/h2>\r\n<h2><b>Eszk\u00f6z\u00f6k, amik seg\u00edthetik az ide\u00e1lis egyetemi \u00e9letvitel kialak\u00edt\u00e1s\u00e1t<\/b><\/h2>\r\n<span style=\"font-weight: 400\"><img loading=\"lazy\" decoding=\"async\" class=\"size-thumbnail wp-image-9492 alignleft\" src=\"https:\/\/hir.mediamarkt.hu\/magazin\/wp-content\/uploads\/2019\/08\/MediaMarkt_egyetem2-275x183.jpeg\" alt=\"\" width=\"275\" height=\"183\" srcset=\"https:\/\/hir.mediamarkt.hu\/magazin\/wp-content\/uploads\/2019\/08\/MediaMarkt_egyetem2-275x183.jpeg 275w, https:\/\/hir.mediamarkt.hu\/magazin\/wp-content\/uploads\/2019\/08\/MediaMarkt_egyetem2-300x200.jpeg 300w, https:\/\/hir.mediamarkt.hu\/magazin\/wp-content\/uploads\/2019\/08\/MediaMarkt_egyetem2-768x512.jpeg 768w, https:\/\/hir.mediamarkt.hu\/magazin\/wp-content\/uploads\/2019\/08\/MediaMarkt_egyetem2-1024x683.jpeg 1024w, https:\/\/hir.mediamarkt.hu\/magazin\/wp-content\/uploads\/2019\/08\/MediaMarkt_egyetem2.jpeg 1440w\" sizes=\"(max-width: 275px) 100vw, 275px\" \/>A rendszeres \u00e9let kialak\u00edt\u00e1s\u00e1hoz els\u0151sorban akarater\u0151, fegyelem \u00e9s \u00f6nmagunk tisztelete \u00e9s szeretete kell. Mank\u00f3kat bevet\u00e9s\u00e9vel azonban sikerrel er\u0151s\u00edthetj\u00fck meg mindezt. P\u00e9nzt\u00e1rc\u00e1t\u00f3l f\u00fcgg\u0151en v\u00e1laszthatjuk a pap\u00edr alap\u00fa asztali napt\u00e1rat \u00e9s az okos eszk\u00f6z\u00f6k vonatkoz\u00f3 appjait is. Ahogy lehet klasszikus \u00e9breszt\u0151 \u00f3r\u00e1nk \u00e9s szem\u00e9lyre szabott \u00e9breszt\u0151 zen\u00e9nk a telefonunkon. A sok egyetemista sz\u00e1m\u00e1ra fontos (koll\u00e9giumi, alb\u00e9rleti vagy m\u00e9g a sz\u00fcl\u0151i h\u00e1zban abszolv\u00e1lt) egy\u00fctt\u00e9l\u00e9s konfliktusai minim\u00e1lisra cs\u00f6kkenthet\u0151k, ha oda-vissza tisztelj\u00fck egym\u00e1s szem\u00e9lyes ter\u00e9t. Ehhez nagy seg\u00edts\u00e9g lehet egy vezet\u00e9k n\u00e9lk\u00fcli, Bluetooth f\u00fclhallgat\u00f3, amely seg\u00edts\u00e9g\u00e9vel elalv\u00e1skor \u00e9s \u00e9bred\u00e9skor is lehet\u0151s\u00e9g\u00fcnk van m\u00e1sok nyugalm\u00e1nak megzavar\u00e1sa n\u00e9lk\u00fcl zen\u00e9t, vagy egy hasznos TED Talk-ot, podcastot hallgatni! A v\u00edz\u00e1ll\u00f3 verzi\u00f3kkal ak\u00e1r m\u00e9g a zuhany alatt is mehet a \u201csilent disco\u201d \u00e9s a csak sz\u00e1munkra hallhat\u00f3 fejt\u00e1g\u00edt\u00e1s.\u00a0<\/span>\r\n\r\n<span style=\"font-weight: 400\">Az interneten korl\u00e1tlanul el\u00e9rhet\u0151 tud\u00e1st\u00e1rak felhaszn\u00e1l\u00e1s\u00e1hoz elengedhetetlen lesz egy j\u00f3 laptop, t\u00e1blag\u00e9p. B\u00e1r a diz\u00e1jn \u00e9s a divat nagy \u00far, gondoljuk \u00e1t alaposan, pontosan mire is fogjuk haszn\u00e1lni a g\u00e9p\u00fcnket. Nyilv\u00e1n egy grafikusnak m\u00e1s kell, mint egy joghallgat\u00f3nak. Egy biztos, egyetemistak\u00e9nt a k\u00fcls\u0151 mem\u00f3ri\u00e1k \u00e9s adatt\u00e1rol\u00f3k nagy szolg\u00e1latot tehetnek az \u00e9vek sor\u00e1n. Igaz, egy felh\u0151 alap\u00fa biztons\u00e1gi ment\u00e9s sem \u00e1rt id\u0151nk\u00e9nt. De h\u00e1t nem lehet mindig, mindenhol WiFi mellett tanulni, jegyzetelni. A k\u00f6nyvt\u00e1rak nyugalm\u00e1nak fenntart\u00e1sa \u00e9rdek\u00e9ben egy\u00e9bk\u00e9nt aj\u00e1nlott a csendes egerek \u00e9s billenty\u0171zetek beszerz\u00e9se is, de ugyanez j\u00f3l j\u00f6het egy megosztott szob\u00e1ban is!<\/span>\r\n\r\n&nbsp;\r\n<h2><b>K\u00e9nyelem \u00e9s eg\u00e9szs\u00e9g: mert egyszer sajnos te is meg\u00f6regszel<\/b><\/h2>\r\n&nbsp;\r\n\r\n<span style=\"font-weight: 400\"><img loading=\"lazy\" decoding=\"async\" class=\"size-thumbnail wp-image-9483 alignleft\" src=\"https:\/\/hir.mediamarkt.hu\/magazin\/wp-content\/uploads\/2019\/08\/MediaMarkt_egyetem5-275x183.jpeg\" alt=\"\" width=\"275\" height=\"183\" srcset=\"https:\/\/hir.mediamarkt.hu\/magazin\/wp-content\/uploads\/2019\/08\/MediaMarkt_egyetem5-275x183.jpeg 275w, https:\/\/hir.mediamarkt.hu\/magazin\/wp-content\/uploads\/2019\/08\/MediaMarkt_egyetem5-300x200.jpeg 300w, https:\/\/hir.mediamarkt.hu\/magazin\/wp-content\/uploads\/2019\/08\/MediaMarkt_egyetem5-768x512.jpeg 768w, https:\/\/hir.mediamarkt.hu\/magazin\/wp-content\/uploads\/2019\/08\/MediaMarkt_egyetem5-1024x682.jpeg 1024w, https:\/\/hir.mediamarkt.hu\/magazin\/wp-content\/uploads\/2019\/08\/MediaMarkt_egyetem5.jpeg 1440w\" sizes=\"(max-width: 275px) 100vw, 275px\" \/>Huszon\u00e9vesen az ember m\u00e9g nem sejti, mi v\u00e1r r\u00e1, ak\u00e1r m\u00e1r 30-on t\u00fal. Korunk n\u00e9pbetegs\u00e9gei, t\u00f6bbek k\u00f6z\u00f6tt a gerinc \u00e9s l\u00e1t\u00e1s probl\u00e9m\u00e1k megel\u0151zhet\u0151ek \u00e9s kialakul\u00e1suk es\u00e9lye cs\u00f6kkenthet\u0151. A megfelel\u0151 asztali vil\u00e1g\u00edt\u00e1s, a t\u00f6k\u00e9letes olvas\u00f3l\u00e1mpa \u00e9s a szemet k\u00edm\u00e9l\u0151 k\u00e9perny\u0151 pont olyan fontos, mint a gerinc sz\u00e1m\u00e1ra n\u00e9k\u00fcl\u00f6zhetetlen sz\u00e9k \u00e9s matrac is. Egyetemistak\u00e9nt most m\u00e9g nem f\u00e1j semmi, az \u00e9let cs\u00e1sz\u00e1rai vagyunk. De tal\u00e1n m\u00e1r l\u00e1tjuk magunk k\u00f6r\u00fcl, hogyan szenvednek n\u00e9ha az id\u0151sebbek. A min\u0151s\u00e9gi berendez\u00e9si t\u00e1rgyak mellett az egyetemi \u00e9vek alatt \u00e9rdemes a rendszeres sportnak is es\u00e9lyt adni. Ak\u00e1r kimaradt ez a gimis \u00e9vek alatt, ak\u00e1r nem, kezdj\u00fck el edzeni a test\u00fcnket, hogy min\u00e9l hosszabban ellen\u00e1ll\u00f3v\u00e1 v\u00e1ljon az \u00f6reged\u00e9s hat\u00e1sa alatt. A rendszeres sportol\u00e1st nem csak a szervezet\u00fcnk, de a szoci\u00e1lis \u00e9let\u00fcnk is megh\u00e1l\u00e1lja majd, az egyetemi \u00e9p\u00fcletekben t\u00f6megben l\u00e9zeng\u0151 egy\u00e9nek \u00edgy k\u00f6nnyen tal\u00e1lhatnak hasonsz\u0151r\u0171, izgalmas bar\u00e1tokat \u00e9s s\u00f6r partnereket.<\/span>\r\n\r\n&nbsp;\r\n<h2><b>Ne felejts el \u00e9lni \u00e9s sz\u00f3rakozni!<\/b><\/h2>\r\n&nbsp;\r\n\r\n<span style=\"font-weight: 400\"><img loading=\"lazy\" decoding=\"async\" class=\"size-medium wp-image-9285 alignleft\" src=\"https:\/\/hir.mediamarkt.hu\/magazin\/wp-content\/uploads\/2019\/07\/MediaMarkt_vizallo_14-300x225.jpeg\" alt=\"\" width=\"300\" height=\"225\" srcset=\"https:\/\/hir.mediamarkt.hu\/magazin\/wp-content\/uploads\/2019\/07\/MediaMarkt_vizallo_14-300x225.jpeg 300w, https:\/\/hir.mediamarkt.hu\/magazin\/wp-content\/uploads\/2019\/07\/MediaMarkt_vizallo_14-275x206.jpeg 275w, https:\/\/hir.mediamarkt.hu\/magazin\/wp-content\/uploads\/2019\/07\/MediaMarkt_vizallo_14-768x576.jpeg 768w, https:\/\/hir.mediamarkt.hu\/magazin\/wp-content\/uploads\/2019\/07\/MediaMarkt_vizallo_14-1024x768.jpeg 1024w, https:\/\/hir.mediamarkt.hu\/magazin\/wp-content\/uploads\/2019\/07\/MediaMarkt_vizallo_14-500x375.jpeg 500w, https:\/\/hir.mediamarkt.hu\/magazin\/wp-content\/uploads\/2019\/07\/MediaMarkt_vizallo_14.jpeg 1440w\" sizes=\"(max-width: 300px) 100vw, 300px\" \/>Az okos ember megtal\u00e1lja az egyens\u00falyt a tanul\u00e1s, fejl\u0151d\u00e9s \u00e9s a korai h\u00faszas \u00e9veknek megfelel\u0151 buliz\u00e1s k\u00f6z\u00f6tt. Mikor m\u00e1skor sz\u00edvjuk magunkba a filmm\u0171v\u00e9szet \u00e9s a zene vil\u00e1g\u00e1nak remekeit, ha nem most, egyetemistak\u00e9nt? Mikor olvassunk v\u00e9gre olyasmit, amihez eddig m\u00e9g \u00e9retlenek voltunk? Mikor tomboljuk ki magunkb\u00f3l az esetleges fesz\u00fclts\u00e9get a koncertek, fesztiv\u00e1lok seg\u00edts\u00e9g\u00e9vel, ha nem most? Ahogy a sport, \u00fagy a kult\u00fara \u00e9s a buli is k\u00f6z\u00f6ss\u00e9g\u00e9p\u00edt\u0151 eleme lehet a mindennapjainknak. Szervezz\u00fcnk filmklubot, ind\u00edtsunk be zenei sorozatokat, ha k\u00f6nyvmolyok \u00e9s eszt\u00e9ta lelk\u00fclet\u0171ek vagyunk, keress\u00fck meg a sorst\u00e1rsainkat \u00e9s az erre nyitott professzorokat \u00e9s t\u00e1rgyaljuk ki a legjobb irodalmi alkot\u00e1sokat! Egy e-book olvas\u00f3, egy projektor vagy nagyobb \u00e1tm\u00e9r\u0151j\u0171 monitor\/tv, n\u00e9h\u00e1ny d\u00f6g\u00f6s hangfal vagy egy lemezj\u00e1tsz\u00f3 beszerz\u00e9s\u00e9vel hirtelen a k\u00f6z\u00f6ss\u00e9g\u00e9p\u00edt\u00e9s k\u00f6zponti alakj\u00e1v\u00e1 v\u00e1lhatunk! Ki tudja, kikkel hoz \u00f6ssze a sors, \u00e9s mindez hogyan hat\u00e1rozza majd meg mindez a j\u00f6v\u0151nket!<\/span>\r\n\r\n&nbsp;\r\n<h2><b>Kapcsol\u00f3d\u00f3 MediaMarkt term\u00e9kek:<\/b><\/h2>\r\n<a href=\"https:\/\/www.mediamarkt.hu\/catentry\/1283211\"><span style=\"font-weight: 400\">PHILIPS Outlet PICOPIX 3417W LED projektor<\/span><\/a><span style=\"font-weight: 400\">, 95 999 Ft<\/span>\r\n\r\n<a href=\"https:\/\/www.mediamarkt.hu\/catentry\/1250078\"><span style=\"font-weight: 400\">EPSON EB-X05 projektor<\/span><\/a><span style=\"font-weight: 400\">, 129 999 Ft<\/span>\r\n\r\n<a href=\"https:\/\/www.mediamarkt.hu\/catentry\/1291950\"><span style=\"font-weight: 400\">LG HF85LSR Full HD projektor<\/span><\/a><span style=\"font-weight: 400\">, 399 999 Ft<\/span>\r\n\r\n<a href=\"https:\/\/www.mediamarkt.hu\/catentry\/1260648\"><span style=\"font-weight: 400\">ENERGY SISTEM Tower 1 White \u00e1ll\u00f3 bluetooth hangfal torony<\/span><\/a><span style=\"font-weight: 400\">, 23 999 Ft<\/span>\r\n\r\n<a href=\"https:\/\/www.mediamarkt.hu\/catentry\/1129749\"><span style=\"font-weight: 400\">MAGNAT Monitor Supreme 102 hangfalp\u00e1r, mokka<\/span><\/a><span style=\"font-weight: 400\">, 36 399 Ft<\/span>\r\n\r\n<a href=\"https:\/\/www.mediamarkt.hu\/catentry\/1254742\"><span style=\"font-weight: 400\">PEAQ PPA40BT-B hordozhat\u00f3 bluetooth-os hangsz\u00f3r\u00f3, fekete<\/span><\/a><span style=\"font-weight: 400\">, 13 999 Ft<\/span>\r\n\r\n<a href=\"https:\/\/www.mediamarkt.hu\/catentry\/1165681\"><span style=\"font-weight: 400\">JBL Go hordozhat\u00f3 bluetooth hangsz\u00f3r\u00f3, fekete<\/span><\/a><span style=\"font-weight: 400\">, 7999 Ft<\/span>\r\n\r\n<a href=\"https:\/\/www.mediamarkt.hu\/catentry\/1259297\"><span style=\"font-weight: 400\">SONY SRS-XB41L bluetooth hangsz\u00f3r\u00f3<\/span><\/a><span style=\"font-weight: 400\">, 59 999 Ft<\/span>\r\n\r\n<a href=\"https:\/\/www.mediamarkt.hu\/catentry\/1263166\"><span style=\"font-weight: 400\">HP 15-ra048nh laptop 3QT62EA (15,6&#8243; matt\/Celeron\/4GB\/500GB HDD\/DOS)<\/span><\/a><span style=\"font-weight: 400\">, 74 899 Ft<\/span>\r\n\r\n<a href=\"https:\/\/www.mediamarkt.hu\/catentry\/1269939\"><span style=\"font-weight: 400\">ASUS X540MA-DM160 ez\u00fcst laptop (15,6&#8243; Full HD\/Celeron\/4GB\/256GB SSD\/Endless OS)<\/span><\/a><span style=\"font-weight: 400\">, 86 989 Ft<\/span>\r\n\r\n<a href=\"https:\/\/www.mediamarkt.hu\/catentry\/1236801\"><span style=\"font-weight: 400\">APPLE MacBook Air 13&#8243; (2017) Core i5 1,8G\/8GB\/128GB SSD (mqd32mg\/a)<\/span><\/a><span style=\"font-weight: 400\">, 279 989 Ft<\/span>\r\n\r\n<a href=\"https:\/\/www.mediamarkt.hu\/catentry\/1236231\"><span style=\"font-weight: 400\">LOGITECH M590 Multi-Device Silent Mouse, Graphite (910-005197)<\/span><\/a><span style=\"font-weight: 400\">, 15 999 Ft<\/span>\r\n\r\n<a href=\"https:\/\/www.mediamarkt.hu\/catentry\/1148306\"><span style=\"font-weight: 400\">MICROSOFT All-in-one Media vezet\u00e9k n\u00e9lk\u00fcli billenty\u0171zet (N9Z-00021)<\/span><\/a><span style=\"font-weight: 400\">, 13 999 Ft<\/span>\r\n\r\n<a href=\"https:\/\/www.mediamarkt.hu\/catentry\/1145871\"><span style=\"font-weight: 400\">RAPOO 8000 pink vezet\u00e9k n\u00e9lk\u00fcli billenty\u0171zet + eg\u00e9r (153622)<\/span><\/a><span style=\"font-weight: 400\">, 4630 Ft<\/span>\r\n\r\n<a href=\"https:\/\/www.mediamarkt.hu\/catentry\/1299098\"><span style=\"font-weight: 400\">RAPOO 8000M Vezet\u00e9k n\u00e9lk\u00fcli billenty\u0171zet + eg\u00e9r, fekete (190800)<\/span><\/a><span style=\"font-weight: 400\">, 8999 Ft<\/span>\r\n\r\n<a href=\"https:\/\/www.mediamarkt.hu\/catentry\/1223032\"><span style=\"font-weight: 400\">CANON Pixma MG2555S fekete multifunkci\u00f3s tintasugaras nyomtat\u00f3<\/span><\/a><span style=\"font-weight: 400\">, 9999 Ft<\/span>\r\n\r\n<a href=\"https:\/\/www.mediamarkt.hu\/catentry\/1272577\"><span style=\"font-weight: 400\">MERCURY Usams power bank 2x USB fekete 10.000 mAh<\/span><\/a><span style=\"font-weight: 400\">, 5599 Ft<\/span>\r\n\r\n<a href=\"https:\/\/www.mediamarkt.hu\/catentry\/1272620\"><span style=\"font-weight: 400\">XIAOMI Mi Band 3 okos\u00f3ra, 9999 Ft<\/span><\/a>\r\n\r\n<a href=\"https:\/\/www.mediamarkt.hu\/catentry\/1270184\"><span style=\"font-weight: 400\">POCKETBOOK Basic Lux 2 8 GB WiFi fekete e-book olvas\u00f3 (PB-616)<\/span><\/a><span style=\"font-weight: 400\">, 33 987 Ft<\/span>\r\n\r\n<a href=\"https:\/\/www.mediamarkt.hu\/catentry\/1279475\"><span style=\"font-weight: 400\">HUAWEI Matebook sz\u00fcrke notebook t\u00e1ska<\/span><\/a><span style=\"font-weight: 400\">, 16 499 Ft<\/span>\r\n\r\n<a href=\"https:\/\/www.mediamarkt.hu\/catentry\/1296637\"><span style=\"font-weight: 400\">BESTLIFE Business La Minor laptop t\u00e1ska 15.6&#8243;, sz\u00fcrke (BL-BLB-3036R1)<\/span><\/a><span style=\"font-weight: 400\">, 12 999 Ft<\/span>\r\n\r\n\n\t\t<style type=\"text\/css\">\n\t\t\t#gallery-1 {\n\t\t\t\tmargin: auto;\n\t\t\t}\n\t\t\t#gallery-1 .gallery-item {\n\t\t\t\tfloat: left;\n\t\t\t\tmargin-top: 10px;\n\t\t\t\ttext-align: center;\n\t\t\t\twidth: 33%;\n\t\t\t}\n\t\t\t#gallery-1 img {\n\t\t\t\tborder: 2px solid #cfcfcf;\n\t\t\t}\n\t\t\t#gallery-1 .gallery-caption {\n\t\t\t\tmargin-left: 0;\n\t\t\t}\n\t\t\t\/* see gallery_shortcode() in wp-includes\/media.php *\/\n\t\t<\/style>\n\t\t<div id='gallery-1' class='gallery galleryid-9482 gallery-columns-3 gallery-size-thumbnail'><dl class='gallery-item'>\n\t\t\t<dt class='gallery-icon landscape'>\n\t\t\t\t<a href='https:\/\/hir.mediamarkt.hu\/magazin\/felevkezdes-egyetemistakent-a-mediamarkttal\/mediamarkt_egyetem04a\/'><img loading=\"lazy\" decoding=\"async\" width=\"275\" height=\"205\" src=\"https:\/\/hir.mediamarkt.hu\/magazin\/wp-content\/uploads\/2019\/08\/MediaMarkt_egyetem04a-275x205.png\" class=\"attachment-thumbnail size-thumbnail\" alt=\"\" srcset=\"https:\/\/hir.mediamarkt.hu\/magazin\/wp-content\/uploads\/2019\/08\/MediaMarkt_egyetem04a-275x205.png 275w, https:\/\/hir.mediamarkt.hu\/magazin\/wp-content\/uploads\/2019\/08\/MediaMarkt_egyetem04a-300x224.png 300w, https:\/\/hir.mediamarkt.hu\/magazin\/wp-content\/uploads\/2019\/08\/MediaMarkt_egyetem04a-768x574.png 768w, https:\/\/hir.mediamarkt.hu\/magazin\/wp-content\/uploads\/2019\/08\/MediaMarkt_egyetem04a-500x375.png 500w, https:\/\/hir.mediamarkt.hu\/magazin\/wp-content\/uploads\/2019\/08\/MediaMarkt_egyetem04a.png 786w\" sizes=\"(max-width: 275px) 100vw, 275px\" \/><\/a>\n\t\t\t<\/dt><\/dl><dl class='gallery-item'>\n\t\t\t<dt class='gallery-icon landscape'>\n\t\t\t\t<a href='https:\/\/hir.mediamarkt.hu\/magazin\/felevkezdes-egyetemistakent-a-mediamarkttal\/mediamarkt_egyetem04\/'><img loading=\"lazy\" decoding=\"async\" width=\"275\" height=\"205\" src=\"https:\/\/hir.mediamarkt.hu\/magazin\/wp-content\/uploads\/2019\/08\/MediaMarkt_egyetem04-275x205.png\" class=\"attachment-thumbnail size-thumbnail\" alt=\"\" srcset=\"https:\/\/hir.mediamarkt.hu\/magazin\/wp-content\/uploads\/2019\/08\/MediaMarkt_egyetem04-275x205.png 275w, https:\/\/hir.mediamarkt.hu\/magazin\/wp-content\/uploads\/2019\/08\/MediaMarkt_egyetem04-300x224.png 300w, https:\/\/hir.mediamarkt.hu\/magazin\/wp-content\/uploads\/2019\/08\/MediaMarkt_egyetem04-768x574.png 768w, https:\/\/hir.mediamarkt.hu\/magazin\/wp-content\/uploads\/2019\/08\/MediaMarkt_egyetem04-500x375.png 500w, https:\/\/hir.mediamarkt.hu\/magazin\/wp-content\/uploads\/2019\/08\/MediaMarkt_egyetem04.png 786w\" sizes=\"(max-width: 275px) 100vw, 275px\" \/><\/a>\n\t\t\t<\/dt><\/dl><dl class='gallery-item'>\n\t\t\t<dt class='gallery-icon landscape'>\n\t\t\t\t<a href='https:\/\/hir.mediamarkt.hu\/magazin\/felevkezdes-egyetemistakent-a-mediamarkttal\/mediamarkt_egyetem03\/'><img loading=\"lazy\" decoding=\"async\" width=\"275\" height=\"205\" src=\"https:\/\/hir.mediamarkt.hu\/magazin\/wp-content\/uploads\/2019\/08\/MediaMarkt_egyetem03-275x205.png\" class=\"attachment-thumbnail size-thumbnail\" alt=\"\" srcset=\"https:\/\/hir.mediamarkt.hu\/magazin\/wp-content\/uploads\/2019\/08\/MediaMarkt_egyetem03-275x205.png 275w, https:\/\/hir.mediamarkt.hu\/magazin\/wp-content\/uploads\/2019\/08\/MediaMarkt_egyetem03-300x224.png 300w, https:\/\/hir.mediamarkt.hu\/magazin\/wp-content\/uploads\/2019\/08\/MediaMarkt_egyetem03-768x574.png 768w, https:\/\/hir.mediamarkt.hu\/magazin\/wp-content\/uploads\/2019\/08\/MediaMarkt_egyetem03-500x375.png 500w, https:\/\/hir.mediamarkt.hu\/magazin\/wp-content\/uploads\/2019\/08\/MediaMarkt_egyetem03.png 786w\" sizes=\"(max-width: 275px) 100vw, 275px\" \/><\/a>\n\t\t\t<\/dt><\/dl><br style=\"clear: both\" \/><dl class='gallery-item'>\n\t\t\t<dt class='gallery-icon landscape'>\n\t\t\t\t<a href='https:\/\/hir.mediamarkt.hu\/magazin\/felevkezdes-egyetemistakent-a-mediamarkttal\/mediamarkt_egyetem02b\/'><img loading=\"lazy\" decoding=\"async\" width=\"275\" height=\"205\" src=\"https:\/\/hir.mediamarkt.hu\/magazin\/wp-content\/uploads\/2019\/08\/MediaMarkt_egyetem02b-275x205.png\" class=\"attachment-thumbnail size-thumbnail\" alt=\"\" srcset=\"https:\/\/hir.mediamarkt.hu\/magazin\/wp-content\/uploads\/2019\/08\/MediaMarkt_egyetem02b-275x205.png 275w, https:\/\/hir.mediamarkt.hu\/magazin\/wp-content\/uploads\/2019\/08\/MediaMarkt_egyetem02b-300x224.png 300w, https:\/\/hir.mediamarkt.hu\/magazin\/wp-content\/uploads\/2019\/08\/MediaMarkt_egyetem02b-768x574.png 768w, https:\/\/hir.mediamarkt.hu\/magazin\/wp-content\/uploads\/2019\/08\/MediaMarkt_egyetem02b-500x375.png 500w, https:\/\/hir.mediamarkt.hu\/magazin\/wp-content\/uploads\/2019\/08\/MediaMarkt_egyetem02b.png 786w\" sizes=\"(max-width: 275px) 100vw, 275px\" \/><\/a>\n\t\t\t<\/dt><\/dl><dl class='gallery-item'>\n\t\t\t<dt class='gallery-icon landscape'>\n\t\t\t\t<a href='https:\/\/hir.mediamarkt.hu\/magazin\/felevkezdes-egyetemistakent-a-mediamarkttal\/mediamarkt_egyetem02a\/'><img loading=\"lazy\" decoding=\"async\" width=\"275\" height=\"205\" src=\"https:\/\/hir.mediamarkt.hu\/magazin\/wp-content\/uploads\/2019\/08\/MediaMarkt_egyetem02a-275x205.png\" class=\"attachment-thumbnail size-thumbnail\" alt=\"\" srcset=\"https:\/\/hir.mediamarkt.hu\/magazin\/wp-content\/uploads\/2019\/08\/MediaMarkt_egyetem02a-275x205.png 275w, https:\/\/hir.mediamarkt.hu\/magazin\/wp-content\/uploads\/2019\/08\/MediaMarkt_egyetem02a-300x224.png 300w, https:\/\/hir.mediamarkt.hu\/magazin\/wp-content\/uploads\/2019\/08\/MediaMarkt_egyetem02a-768x574.png 768w, https:\/\/hir.mediamarkt.hu\/magazin\/wp-content\/uploads\/2019\/08\/MediaMarkt_egyetem02a-500x375.png 500w, https:\/\/hir.mediamarkt.hu\/magazin\/wp-content\/uploads\/2019\/08\/MediaMarkt_egyetem02a.png 786w\" sizes=\"(max-width: 275px) 100vw, 275px\" \/><\/a>\n\t\t\t<\/dt><\/dl><dl class='gallery-item'>\n\t\t\t<dt class='gallery-icon landscape'>\n\t\t\t\t<a href='https:\/\/hir.mediamarkt.hu\/magazin\/felevkezdes-egyetemistakent-a-mediamarkttal\/mediamarkt_egyetem02\/'><img loading=\"lazy\" decoding=\"async\" width=\"275\" height=\"205\" src=\"https:\/\/hir.mediamarkt.hu\/magazin\/wp-content\/uploads\/2019\/08\/MediaMarkt_egyetem02-275x205.png\" class=\"attachment-thumbnail size-thumbnail\" alt=\"\" srcset=\"https:\/\/hir.mediamarkt.hu\/magazin\/wp-content\/uploads\/2019\/08\/MediaMarkt_egyetem02-275x205.png 275w, https:\/\/hir.mediamarkt.hu\/magazin\/wp-content\/uploads\/2019\/08\/MediaMarkt_egyetem02-300x224.png 300w, https:\/\/hir.mediamarkt.hu\/magazin\/wp-content\/uploads\/2019\/08\/MediaMarkt_egyetem02-768x574.png 768w, https:\/\/hir.mediamarkt.hu\/magazin\/wp-content\/uploads\/2019\/08\/MediaMarkt_egyetem02-500x375.png 500w, https:\/\/hir.mediamarkt.hu\/magazin\/wp-content\/uploads\/2019\/08\/MediaMarkt_egyetem02.png 786w\" sizes=\"(max-width: 275px) 100vw, 275px\" \/><\/a>\n\t\t\t<\/dt><\/dl><br style=\"clear: both\" \/><dl class='gallery-item'>\n\t\t\t<dt class='gallery-icon landscape'>\n\t\t\t\t<a href='https:\/\/hir.mediamarkt.hu\/magazin\/felevkezdes-egyetemistakent-a-mediamarkttal\/mediamarkt_egyetem01d\/'><img loading=\"lazy\" decoding=\"async\" width=\"275\" height=\"205\" src=\"https:\/\/hir.mediamarkt.hu\/magazin\/wp-content\/uploads\/2019\/08\/MediaMarkt_egyetem01d-275x205.png\" class=\"attachment-thumbnail size-thumbnail\" alt=\"\" srcset=\"https:\/\/hir.mediamarkt.hu\/magazin\/wp-content\/uploads\/2019\/08\/MediaMarkt_egyetem01d-275x205.png 275w, https:\/\/hir.mediamarkt.hu\/magazin\/wp-content\/uploads\/2019\/08\/MediaMarkt_egyetem01d-300x224.png 300w, https:\/\/hir.mediamarkt.hu\/magazin\/wp-content\/uploads\/2019\/08\/MediaMarkt_egyetem01d-768x574.png 768w, https:\/\/hir.mediamarkt.hu\/magazin\/wp-content\/uploads\/2019\/08\/MediaMarkt_egyetem01d-500x375.png 500w, https:\/\/hir.mediamarkt.hu\/magazin\/wp-content\/uploads\/2019\/08\/MediaMarkt_egyetem01d.png 786w\" sizes=\"(max-width: 275px) 100vw, 275px\" \/><\/a>\n\t\t\t<\/dt><\/dl><dl class='gallery-item'>\n\t\t\t<dt class='gallery-icon landscape'>\n\t\t\t\t<a href='https:\/\/hir.mediamarkt.hu\/magazin\/felevkezdes-egyetemistakent-a-mediamarkttal\/mediamarkt_egyetem01c\/'><img loading=\"lazy\" decoding=\"async\" width=\"275\" height=\"205\" src=\"https:\/\/hir.mediamarkt.hu\/magazin\/wp-content\/uploads\/2019\/08\/MediaMarkt_egyetem01c-275x205.png\" class=\"attachment-thumbnail size-thumbnail\" alt=\"\" srcset=\"https:\/\/hir.mediamarkt.hu\/magazin\/wp-content\/uploads\/2019\/08\/MediaMarkt_egyetem01c-275x205.png 275w, https:\/\/hir.mediamarkt.hu\/magazin\/wp-content\/uploads\/2019\/08\/MediaMarkt_egyetem01c-300x224.png 300w, https:\/\/hir.mediamarkt.hu\/magazin\/wp-content\/uploads\/2019\/08\/MediaMarkt_egyetem01c-768x574.png 768w, https:\/\/hir.mediamarkt.hu\/magazin\/wp-content\/uploads\/2019\/08\/MediaMarkt_egyetem01c-500x375.png 500w, https:\/\/hir.mediamarkt.hu\/magazin\/wp-content\/uploads\/2019\/08\/MediaMarkt_egyetem01c.png 786w\" sizes=\"(max-width: 275px) 100vw, 275px\" \/><\/a>\n\t\t\t<\/dt><\/dl><dl class='gallery-item'>\n\t\t\t<dt class='gallery-icon landscape'>\n\t\t\t\t<a href='https:\/\/hir.mediamarkt.hu\/magazin\/felevkezdes-egyetemistakent-a-mediamarkttal\/mediamarkt_egyetem01b\/'><img loading=\"lazy\" decoding=\"async\" width=\"275\" height=\"205\" src=\"https:\/\/hir.mediamarkt.hu\/magazin\/wp-content\/uploads\/2019\/08\/MediaMarkt_egyetem01b-275x205.png\" class=\"attachment-thumbnail size-thumbnail\" alt=\"\" srcset=\"https:\/\/hir.mediamarkt.hu\/magazin\/wp-content\/uploads\/2019\/08\/MediaMarkt_egyetem01b-275x205.png 275w, https:\/\/hir.mediamarkt.hu\/magazin\/wp-content\/uploads\/2019\/08\/MediaMarkt_egyetem01b-300x224.png 300w, https:\/\/hir.mediamarkt.hu\/magazin\/wp-content\/uploads\/2019\/08\/MediaMarkt_egyetem01b-768x574.png 768w, https:\/\/hir.mediamarkt.hu\/magazin\/wp-content\/uploads\/2019\/08\/MediaMarkt_egyetem01b-500x375.png 500w, https:\/\/hir.mediamarkt.hu\/magazin\/wp-content\/uploads\/2019\/08\/MediaMarkt_egyetem01b.png 786w\" sizes=\"(max-width: 275px) 100vw, 275px\" \/><\/a>\n\t\t\t<\/dt><\/dl><br style=\"clear: both\" \/><dl class='gallery-item'>\n\t\t\t<dt class='gallery-icon landscape'>\n\t\t\t\t<a href='https:\/\/hir.mediamarkt.hu\/magazin\/felevkezdes-egyetemistakent-a-mediamarkttal\/mediamarkt_egyetem01a\/'><img loading=\"lazy\" decoding=\"async\" width=\"275\" height=\"205\" src=\"https:\/\/hir.mediamarkt.hu\/magazin\/wp-content\/uploads\/2019\/08\/MediaMarkt_egyetem01a-275x205.png\" class=\"attachment-thumbnail size-thumbnail\" alt=\"\" srcset=\"https:\/\/hir.mediamarkt.hu\/magazin\/wp-content\/uploads\/2019\/08\/MediaMarkt_egyetem01a-275x205.png 275w, https:\/\/hir.mediamarkt.hu\/magazin\/wp-content\/uploads\/2019\/08\/MediaMarkt_egyetem01a-300x224.png 300w, https:\/\/hir.mediamarkt.hu\/magazin\/wp-content\/uploads\/2019\/08\/MediaMarkt_egyetem01a-768x574.png 768w, https:\/\/hir.mediamarkt.hu\/magazin\/wp-content\/uploads\/2019\/08\/MediaMarkt_egyetem01a-500x375.png 500w, https:\/\/hir.mediamarkt.hu\/magazin\/wp-content\/uploads\/2019\/08\/MediaMarkt_egyetem01a.png 786w\" sizes=\"(max-width: 275px) 100vw, 275px\" \/><\/a>\n\t\t\t<\/dt><\/dl><dl class='gallery-item'>\n\t\t\t<dt class='gallery-icon landscape'>\n\t\t\t\t<a href='https:\/\/hir.mediamarkt.hu\/magazin\/felevkezdes-egyetemistakent-a-mediamarkttal\/mediamarkt_egyetem01\/'><img loading=\"lazy\" decoding=\"async\" width=\"275\" height=\"205\" src=\"https:\/\/hir.mediamarkt.hu\/magazin\/wp-content\/uploads\/2019\/08\/MediaMarkt_egyetem01-275x205.png\" class=\"attachment-thumbnail size-thumbnail\" alt=\"\" srcset=\"https:\/\/hir.mediamarkt.hu\/magazin\/wp-content\/uploads\/2019\/08\/MediaMarkt_egyetem01-275x205.png 275w, https:\/\/hir.mediamarkt.hu\/magazin\/wp-content\/uploads\/2019\/08\/MediaMarkt_egyetem01-300x224.png 300w, https:\/\/hir.mediamarkt.hu\/magazin\/wp-content\/uploads\/2019\/08\/MediaMarkt_egyetem01-768x574.png 768w, https:\/\/hir.mediamarkt.hu\/magazin\/wp-content\/uploads\/2019\/08\/MediaMarkt_egyetem01-500x375.png 500w, https:\/\/hir.mediamarkt.hu\/magazin\/wp-content\/uploads\/2019\/08\/MediaMarkt_egyetem01.png 786w\" sizes=\"(max-width: 275px) 100vw, 275px\" \/><\/a>\n\t\t\t<\/dt><\/dl><dl class='gallery-item'>\n\t\t\t<dt class='gallery-icon landscape'>\n\t\t\t\t<a href='https:\/\/hir.mediamarkt.hu\/magazin\/felevkezdes-egyetemistakent-a-mediamarkttal\/mediamarkt_egyetem00b1\/'><img loading=\"lazy\" decoding=\"async\" width=\"275\" height=\"205\" src=\"https:\/\/hir.mediamarkt.hu\/magazin\/wp-content\/uploads\/2019\/08\/MediaMarkt_egyetem00b1-275x205.png\" class=\"attachment-thumbnail size-thumbnail\" alt=\"\" srcset=\"https:\/\/hir.mediamarkt.hu\/magazin\/wp-content\/uploads\/2019\/08\/MediaMarkt_egyetem00b1-275x205.png 275w, https:\/\/hir.mediamarkt.hu\/magazin\/wp-content\/uploads\/2019\/08\/MediaMarkt_egyetem00b1-300x224.png 300w, https:\/\/hir.mediamarkt.hu\/magazin\/wp-content\/uploads\/2019\/08\/MediaMarkt_egyetem00b1-768x574.png 768w, https:\/\/hir.mediamarkt.hu\/magazin\/wp-content\/uploads\/2019\/08\/MediaMarkt_egyetem00b1-500x375.png 500w, https:\/\/hir.mediamarkt.hu\/magazin\/wp-content\/uploads\/2019\/08\/MediaMarkt_egyetem00b1.png 786w\" sizes=\"(max-width: 275px) 100vw, 275px\" \/><\/a>\n\t\t\t<\/dt><\/dl><br style=\"clear: both\" \/><dl class='gallery-item'>\n\t\t\t<dt class='gallery-icon landscape'>\n\t\t\t\t<a href='https:\/\/hir.mediamarkt.hu\/magazin\/felevkezdes-egyetemistakent-a-mediamarkttal\/mediamarkt_egyetem00b\/'><img loading=\"lazy\" decoding=\"async\" width=\"275\" height=\"205\" src=\"https:\/\/hir.mediamarkt.hu\/magazin\/wp-content\/uploads\/2019\/08\/MediaMarkt_egyetem00b-275x205.png\" class=\"attachment-thumbnail size-thumbnail\" alt=\"\" srcset=\"https:\/\/hir.mediamarkt.hu\/magazin\/wp-content\/uploads\/2019\/08\/MediaMarkt_egyetem00b-275x205.png 275w, https:\/\/hir.mediamarkt.hu\/magazin\/wp-content\/uploads\/2019\/08\/MediaMarkt_egyetem00b-300x224.png 300w, https:\/\/hir.mediamarkt.hu\/magazin\/wp-content\/uploads\/2019\/08\/MediaMarkt_egyetem00b-768x574.png 768w, https:\/\/hir.mediamarkt.hu\/magazin\/wp-content\/uploads\/2019\/08\/MediaMarkt_egyetem00b-500x375.png 500w, https:\/\/hir.mediamarkt.hu\/magazin\/wp-content\/uploads\/2019\/08\/MediaMarkt_egyetem00b.png 786w\" sizes=\"(max-width: 275px) 100vw, 275px\" \/><\/a>\n\t\t\t<\/dt><\/dl><dl class='gallery-item'>\n\t\t\t<dt class='gallery-icon landscape'>\n\t\t\t\t<a href='https:\/\/hir.mediamarkt.hu\/magazin\/felevkezdes-egyetemistakent-a-mediamarkttal\/mediamarkt_egyetem00a\/'><img loading=\"lazy\" decoding=\"async\" width=\"275\" height=\"205\" src=\"https:\/\/hir.mediamarkt.hu\/magazin\/wp-content\/uploads\/2019\/08\/MediaMarkt_egyetem00a-275x205.png\" class=\"attachment-thumbnail size-thumbnail\" alt=\"\" srcset=\"https:\/\/hir.mediamarkt.hu\/magazin\/wp-content\/uploads\/2019\/08\/MediaMarkt_egyetem00a-275x205.png 275w, https:\/\/hir.mediamarkt.hu\/magazin\/wp-content\/uploads\/2019\/08\/MediaMarkt_egyetem00a-300x224.png 300w, https:\/\/hir.mediamarkt.hu\/magazin\/wp-content\/uploads\/2019\/08\/MediaMarkt_egyetem00a-768x574.png 768w, https:\/\/hir.mediamarkt.hu\/magazin\/wp-content\/uploads\/2019\/08\/MediaMarkt_egyetem00a-500x375.png 500w, https:\/\/hir.mediamarkt.hu\/magazin\/wp-content\/uploads\/2019\/08\/MediaMarkt_egyetem00a.png 786w\" sizes=\"(max-width: 275px) 100vw, 275px\" \/><\/a>\n\t\t\t<\/dt><\/dl><dl class='gallery-item'>\n\t\t\t<dt class='gallery-icon landscape'>\n\t\t\t\t<a href='https:\/\/hir.mediamarkt.hu\/magazin\/felevkezdes-egyetemistakent-a-mediamarkttal\/mediamarkt_egyetem00\/'><img loading=\"lazy\" decoding=\"async\" width=\"275\" height=\"205\" src=\"https:\/\/hir.mediamarkt.hu\/magazin\/wp-content\/uploads\/2019\/08\/MediaMarkt_egyetem00-275x205.png\" class=\"attachment-thumbnail size-thumbnail\" alt=\"\" srcset=\"https:\/\/hir.mediamarkt.hu\/magazin\/wp-content\/uploads\/2019\/08\/MediaMarkt_egyetem00-275x205.png 275w, https:\/\/hir.mediamarkt.hu\/magazin\/wp-content\/uploads\/2019\/08\/MediaMarkt_egyetem00-300x224.png 300w, https:\/\/hir.mediamarkt.hu\/magazin\/wp-content\/uploads\/2019\/08\/MediaMarkt_egyetem00-768x574.png 768w, https:\/\/hir.mediamarkt.hu\/magazin\/wp-content\/uploads\/2019\/08\/MediaMarkt_egyetem00-500x375.png 500w, https:\/\/hir.mediamarkt.hu\/magazin\/wp-content\/uploads\/2019\/08\/MediaMarkt_egyetem00.png 786w\" sizes=\"(max-width: 275px) 100vw, 275px\" \/><\/a>\n\t\t\t<\/dt><\/dl><br style=\"clear: both\" \/>\n\t\t<\/div>\n\r\n<h2><\/h2>\r\n<h2><b>Kapcsol\u00f3d\u00f3 cikkeink:<\/b><\/h2>\r\n&nbsp;\r\n\r\n<strong><a href=\"https:\/\/hir.mediamarkt.hu\/magazin\/legjobb-5-termek-ami-minden-egyetemista-lany-lakasaba-kell\/\">A LEGJOBB 5 TERM\u00c9K, AMI MINDEN EGYETEMISTA L\u00c1NY LAK\u00c1S\u00c1BA KELL<\/a><\/strong>\r\n\r\n<strong><a href=\"https:\/\/hir.mediamarkt.hu\/magazin\/tulelo-es-komfort-fokozo-eszkozok-egyetemistaknak-es-persze-mindezt-finanszirozo-szuloknek\/\">T\u00daL\u00c9L\u0150 \u00c9S KOMFORT FOKOZ\u00d3 ESZK\u00d6Z\u00d6K EGYETEMIST\u00c1KNAK! \u00c9S PERSZE A MINDEZT FINANSZ\u00cdROZ\u00d3 SZ\u00dcL\u0150KNEK\u2026<\/a><\/strong>\r\n\r\n<strong><a href=\"https:\/\/hir.mediamarkt.hu\/magazin\/mozi-az-agyban\/\">MOZI AZ \u00c1GYBAN!<\/a><\/strong>\r\n\r\n<strong><a href=\"https:\/\/hir.mediamarkt.hu\/magazin\/iskola-kezdes-mediamarkt-szulo-diak-felszereles-tipp\/\">VEL\u00dcNK BECSENGETHETNEK! SULI KEZD\u00c9S SZ\u00dcL\u0150KNEK, A MEDIAMARKT-TAL!<\/a><\/strong>\r\n\r\n<strong><a href=\"https:\/\/hir.mediamarkt.hu\/magazin\/jbl-partybox-200-teszt\/\">EGY HANGFAL MIND F\u00d6L\u00d6TT \u2013 BEK\u00d6LT\u00d6Z\u00d6TT HOZZ\u00c1NK A JBL PARTYBOX \u00c9S \u00c1TVETTE A HATALMAT<\/a><\/strong>\r\n\r\n<strong><a href=\"https:\/\/hir.mediamarkt.hu\/magazin\/igy-bulizz-a-parton-vagy-a-kadban-a-mediamarkt-vizallo-termekeivel\/\">\u00cdGY BULIZZ A PARTON VAGY A K\u00c1DBAN A MEDIAMARKT V\u00cdZ\u00c1LL\u00d3 TERM\u00c9KEIVEL!<\/a><\/strong>\r\n\r\n<strong><a href=\"https:\/\/hir.mediamarkt.hu\/magazin\/jbl-under-armour-true-wireless-teszt\/\">OLYAN J\u00d3 A JBL SPORTF\u00dcLESE, HOGY M\u00c9G SPORTOLNI IS ELKEZDTEM A KEDV\u00c9\u00c9RT \u2013 UNDER ARMOUR TRUE WIRELESS TESZT<\/a><\/strong>\r\n\r\n<strong><a href=\"https:\/\/hir.mediamarkt.hu\/magazin\/olvasni-szexi-170-grammba-minden-tudast-felhalmozni-extrem-szexi\/\">OLVASNI SZEXI. 170 GRAMMBA MINDEN TUD\u00c1ST FELHALMOZNI? EXTR\u00c9M SZEXI!<\/a><\/strong>","protected":false},"excerpt":{"rendered":"G\u00f3lya vagy \u00e9s m\u00e9g nem tudod pontosan, mire lesz igaz\u00e1b\u00f3l sz\u00fcks\u00e9ged egyetemistak\u00e9nt a szorgalmi \u00e9s persze a vizsga id\u0151szak sor\u00e1n? Rutinos r\u00f3ka vagy m\u00e1r, de m\u00e9g mindig hi\u00e1nyzik valami a komfort \u00e9rzetedhez? Gondos sz\u00fcl\u0151 vagy, aki szeretn\u00e9, ha a fiatal feln\u0151tt gyereke k\u00e9nyelmesen t\u00f6mhetn\u00e9 a fej\u00e9t tud\u00e1ssal? Akkor ez a cikk neked sz\u00f3l!","protected":false},"author":13,"featured_media":9485,"comment_status":"open","ping_status":"open","sticky":false,"template":"","format":"standard","meta":{"wprm-recipe-roundup-name":"","wprm-recipe-roundup-description":"","footnotes":""},"categories":[5963,5967],"tags":[596,108,2211,57,3602,3604,200,1104,2462,113,2527,3607,502,2127,2173,2520,2055,3606,746,3605,2214,3603,107,846,750,1528,94],"yoast_head":"<!-- This site is optimized with the Yoast SEO plugin v22.9 - https:\/\/yoast.com\/wordpress\/plugins\/seo\/ -->\n<title>Induljon a kredit szezon! F\u00e9l\u00e9vkezd\u00e9s egyetemistak\u00e9nt, a MediaMarkt-tal! - MediaMarkt Magazin<\/title>\n<meta name=\"description\" content=\"\u00d6sszeszedt\u00fcnk n\u00e9h\u00e1ny motiv\u00e1ci\u00f3s t\u00e9nyez\u0151t \u00e9s tippet, amivel egytemistak\u00e9nt boldogabb \u00e9s sikeresebb \u00e9veket abszolv\u00e1lhatsz vel\u00fcnk!\" \/>\n<meta name=\"robots\" content=\"index, follow, max-snippet:-1, max-image-preview:large, max-video-preview:-1\" \/>\n<link rel=\"canonical\" href=\"https:\/\/hir.mediamarkt.hu\/magazin\/felevkezdes-egyetemistakent-a-mediamarkttal\/\" \/>\n<meta property=\"og:locale\" content=\"hu_HU\" \/>\n<meta property=\"og:type\" content=\"article\" \/>\n<meta property=\"og:title\" content=\"Induljon a kredit szezon! F\u00e9l\u00e9vkezd\u00e9s egyetemistak\u00e9nt, a MediaMarkt-tal! - MediaMarkt Magazin\" \/>\n<meta property=\"og:description\" content=\"\u00d6sszeszedt\u00fcnk n\u00e9h\u00e1ny motiv\u00e1ci\u00f3s t\u00e9nyez\u0151t \u00e9s tippet, amivel egytemistak\u00e9nt boldogabb \u00e9s sikeresebb \u00e9veket abszolv\u00e1lhatsz vel\u00fcnk!\" \/>\n<meta property=\"og:url\" content=\"https:\/\/hir.mediamarkt.hu\/magazin\/felevkezdes-egyetemistakent-a-mediamarkttal\/\" \/>\n<meta property=\"og:site_name\" content=\"MediaMarkt Magazin\" \/>\n<meta property=\"article:publisher\" content=\"https:\/\/www.facebook.com\/MediaMarktMagyarorszag\" \/>\n<meta property=\"article:published_time\" content=\"2019-08-29T14:19:51+00:00\" \/>\n<meta property=\"article:modified_time\" content=\"2019-08-30T10:31:58+00:00\" \/>\n<meta property=\"og:image\" content=\"https:\/\/hir.mediamarkt.hu\/magazin\/wp-content\/uploads\/2019\/08\/MediaMarkt_egyetem4.jpeg\" \/>\n\t<meta property=\"og:image:width\" content=\"1440\" \/>\n\t<meta property=\"og:image:height\" content=\"975\" \/>\n\t<meta property=\"og:image:type\" content=\"image\/jpeg\" \/>\n<meta name=\"author\" content=\"Media Markt\" \/>\n<meta name=\"twitter:label1\" content=\"Szerz\u0151:\" \/>\n\t<meta name=\"twitter:data1\" content=\"Media Markt\" \/>\n\t<meta name=\"twitter:label2\" content=\"Becs\u00fclt olvas\u00e1si id\u0151\" \/>\n\t<meta name=\"twitter:data2\" content=\"8 perc\" \/>\n<script type=\"application\/ld+json\" class=\"yoast-schema-graph\">{\"@context\":\"https:\/\/schema.org\",\"@graph\":[{\"@type\":\"WebPage\",\"@id\":\"https:\/\/hir.mediamarkt.hu\/magazin\/felevkezdes-egyetemistakent-a-mediamarkttal\/\",\"url\":\"https:\/\/hir.mediamarkt.hu\/magazin\/felevkezdes-egyetemistakent-a-mediamarkttal\/\",\"name\":\"Induljon a kredit szezon! F\u00e9l\u00e9vkezd\u00e9s egyetemistak\u00e9nt, a MediaMarkt-tal! - MediaMarkt Magazin\",\"isPartOf\":{\"@id\":\"https:\/\/hir.mediamarkt.hu\/magazin\/#website\"},\"primaryImageOfPage\":{\"@id\":\"https:\/\/hir.mediamarkt.hu\/magazin\/felevkezdes-egyetemistakent-a-mediamarkttal\/#primaryimage\"},\"image\":{\"@id\":\"https:\/\/hir.mediamarkt.hu\/magazin\/felevkezdes-egyetemistakent-a-mediamarkttal\/#primaryimage\"},\"thumbnailUrl\":\"https:\/\/hir.mediamarkt.hu\/magazin\/wp-content\/uploads\/2019\/08\/MediaMarkt_egyetem4.jpeg\",\"datePublished\":\"2019-08-29T14:19:51+00:00\",\"dateModified\":\"2019-08-30T10:31:58+00:00\",\"author\":{\"@id\":\"https:\/\/hir.mediamarkt.hu\/magazin\/#\/schema\/person\/b93b02ec1ab4d2353f8d281e171c1b0b\"},\"description\":\"\u00d6sszeszedt\u00fcnk n\u00e9h\u00e1ny motiv\u00e1ci\u00f3s t\u00e9nyez\u0151t \u00e9s tippet, amivel egytemistak\u00e9nt boldogabb \u00e9s sikeresebb \u00e9veket abszolv\u00e1lhatsz vel\u00fcnk!\",\"breadcrumb\":{\"@id\":\"https:\/\/hir.mediamarkt.hu\/magazin\/felevkezdes-egyetemistakent-a-mediamarkttal\/#breadcrumb\"},\"inLanguage\":\"hu\",\"potentialAction\":[{\"@type\":\"ReadAction\",\"target\":[\"https:\/\/hir.mediamarkt.hu\/magazin\/felevkezdes-egyetemistakent-a-mediamarkttal\/\"]}]},{\"@type\":\"ImageObject\",\"inLanguage\":\"hu\",\"@id\":\"https:\/\/hir.mediamarkt.hu\/magazin\/felevkezdes-egyetemistakent-a-mediamarkttal\/#primaryimage\",\"url\":\"https:\/\/hir.mediamarkt.hu\/magazin\/wp-content\/uploads\/2019\/08\/MediaMarkt_egyetem4.jpeg\",\"contentUrl\":\"https:\/\/hir.mediamarkt.hu\/magazin\/wp-content\/uploads\/2019\/08\/MediaMarkt_egyetem4.jpeg\",\"width\":1440,\"height\":975},{\"@type\":\"BreadcrumbList\",\"@id\":\"https:\/\/hir.mediamarkt.hu\/magazin\/felevkezdes-egyetemistakent-a-mediamarkttal\/#breadcrumb\",\"itemListElement\":[{\"@type\":\"ListItem\",\"position\":1,\"name\":\"Kezd\u0151lap\",\"item\":\"https:\/\/hir.mediamarkt.hu\/magazin\/\"},{\"@type\":\"ListItem\",\"position\":2,\"name\":\"Induljon a kredit szezon! F\u00e9l\u00e9vkezd\u00e9s egyetemistak\u00e9nt, a MediaMarkt-tal!\"}]},{\"@type\":\"WebSite\",\"@id\":\"https:\/\/hir.mediamarkt.hu\/magazin\/#website\",\"url\":\"https:\/\/hir.mediamarkt.hu\/magazin\/\",\"name\":\"MediaMarkt Magazin\",\"description\":\"Olvass bele magazinunkba!\",\"potentialAction\":[{\"@type\":\"SearchAction\",\"target\":{\"@type\":\"EntryPoint\",\"urlTemplate\":\"https:\/\/hir.mediamarkt.hu\/magazin\/?s={search_term_string}\"},\"query-input\":\"required name=search_term_string\"}],\"inLanguage\":\"hu\"},{\"@type\":\"Person\",\"@id\":\"https:\/\/hir.mediamarkt.hu\/magazin\/#\/schema\/person\/b93b02ec1ab4d2353f8d281e171c1b0b\",\"name\":\"Media Markt\",\"image\":{\"@type\":\"ImageObject\",\"inLanguage\":\"hu\",\"@id\":\"https:\/\/hir.mediamarkt.hu\/magazin\/#\/schema\/person\/image\/\",\"url\":\"https:\/\/secure.gravatar.com\/avatar\/602bccae8998beee472d01909f0978f1?s=96&d=mm&r=g\",\"contentUrl\":\"https:\/\/secure.gravatar.com\/avatar\/602bccae8998beee472d01909f0978f1?s=96&d=mm&r=g\",\"caption\":\"Media Markt\"}}]}<\/script>\n<!-- \/ Yoast SEO plugin. -->","yoast_head_json":{"title":"Induljon a kredit szezon! F\u00e9l\u00e9vkezd\u00e9s egyetemistak\u00e9nt, a MediaMarkt-tal! - MediaMarkt Magazin","description":"\u00d6sszeszedt\u00fcnk n\u00e9h\u00e1ny motiv\u00e1ci\u00f3s t\u00e9nyez\u0151t \u00e9s tippet, amivel egytemistak\u00e9nt boldogabb \u00e9s sikeresebb \u00e9veket abszolv\u00e1lhatsz vel\u00fcnk!","robots":{"index":"index","follow":"follow","max-snippet":"max-snippet:-1","max-image-preview":"max-image-preview:large","max-video-preview":"max-video-preview:-1"},"canonical":"https:\/\/hir.mediamarkt.hu\/magazin\/felevkezdes-egyetemistakent-a-mediamarkttal\/","og_locale":"hu_HU","og_type":"article","og_title":"Induljon a kredit szezon! F\u00e9l\u00e9vkezd\u00e9s egyetemistak\u00e9nt, a MediaMarkt-tal! - MediaMarkt Magazin","og_description":"\u00d6sszeszedt\u00fcnk n\u00e9h\u00e1ny motiv\u00e1ci\u00f3s t\u00e9nyez\u0151t \u00e9s tippet, amivel egytemistak\u00e9nt boldogabb \u00e9s sikeresebb \u00e9veket abszolv\u00e1lhatsz vel\u00fcnk!","og_url":"https:\/\/hir.mediamarkt.hu\/magazin\/felevkezdes-egyetemistakent-a-mediamarkttal\/","og_site_name":"MediaMarkt Magazin","article_publisher":"https:\/\/www.facebook.com\/MediaMarktMagyarorszag","article_published_time":"2019-08-29T14:19:51+00:00","article_modified_time":"2019-08-30T10:31:58+00:00","og_image":[{"width":1440,"height":975,"url":"https:\/\/hir.mediamarkt.hu\/magazin\/wp-content\/uploads\/2019\/08\/MediaMarkt_egyetem4.jpeg","type":"image\/jpeg"}],"author":"Media Markt","twitter_misc":{"Szerz\u0151:":"Media Markt","Becs\u00fclt olvas\u00e1si id\u0151":"8 perc"},"schema":{"@context":"https:\/\/schema.org","@graph":[{"@type":"WebPage","@id":"https:\/\/hir.mediamarkt.hu\/magazin\/felevkezdes-egyetemistakent-a-mediamarkttal\/","url":"https:\/\/hir.mediamarkt.hu\/magazin\/felevkezdes-egyetemistakent-a-mediamarkttal\/","name":"Induljon a kredit szezon! F\u00e9l\u00e9vkezd\u00e9s egyetemistak\u00e9nt, a MediaMarkt-tal! - MediaMarkt Magazin","isPartOf":{"@id":"https:\/\/hir.mediamarkt.hu\/magazin\/#website"},"primaryImageOfPage":{"@id":"https:\/\/hir.mediamarkt.hu\/magazin\/felevkezdes-egyetemistakent-a-mediamarkttal\/#primaryimage"},"image":{"@id":"https:\/\/hir.mediamarkt.hu\/magazin\/felevkezdes-egyetemistakent-a-mediamarkttal\/#primaryimage"},"thumbnailUrl":"https:\/\/hir.mediamarkt.hu\/magazin\/wp-content\/uploads\/2019\/08\/MediaMarkt_egyetem4.jpeg","datePublished":"2019-08-29T14:19:51+00:00","dateModified":"2019-08-30T10:31:58+00:00","author":{"@id":"https:\/\/hir.mediamarkt.hu\/magazin\/#\/schema\/person\/b93b02ec1ab4d2353f8d281e171c1b0b"},"description":"\u00d6sszeszedt\u00fcnk n\u00e9h\u00e1ny motiv\u00e1ci\u00f3s t\u00e9nyez\u0151t \u00e9s tippet, amivel egytemistak\u00e9nt boldogabb \u00e9s sikeresebb \u00e9veket abszolv\u00e1lhatsz vel\u00fcnk!","breadcrumb":{"@id":"https:\/\/hir.mediamarkt.hu\/magazin\/felevkezdes-egyetemistakent-a-mediamarkttal\/#breadcrumb"},"inLanguage":"hu","potentialAction":[{"@type":"ReadAction","target":["https:\/\/hir.mediamarkt.hu\/magazin\/felevkezdes-egyetemistakent-a-mediamarkttal\/"]}]},{"@type":"ImageObject","inLanguage":"hu","@id":"https:\/\/hir.mediamarkt.hu\/magazin\/felevkezdes-egyetemistakent-a-mediamarkttal\/#primaryimage","url":"https:\/\/hir.mediamarkt.hu\/magazin\/wp-content\/uploads\/2019\/08\/MediaMarkt_egyetem4.jpeg","contentUrl":"https:\/\/hir.mediamarkt.hu\/magazin\/wp-content\/uploads\/2019\/08\/MediaMarkt_egyetem4.jpeg","width":1440,"height":975},{"@type":"BreadcrumbList","@id":"https:\/\/hir.mediamarkt.hu\/magazin\/felevkezdes-egyetemistakent-a-mediamarkttal\/#breadcrumb","itemListElement":[{"@type":"ListItem","position":1,"name":"Kezd\u0151lap","item":"https:\/\/hir.mediamarkt.hu\/magazin\/"},{"@type":"ListItem","position":2,"name":"Induljon a kredit szezon! F\u00e9l\u00e9vkezd\u00e9s egyetemistak\u00e9nt, a MediaMarkt-tal!"}]},{"@type":"WebSite","@id":"https:\/\/hir.mediamarkt.hu\/magazin\/#website","url":"https:\/\/hir.mediamarkt.hu\/magazin\/","name":"MediaMarkt Magazin","description":"Olvass bele magazinunkba!","potentialAction":[{"@type":"SearchAction","target":{"@type":"EntryPoint","urlTemplate":"https:\/\/hir.mediamarkt.hu\/magazin\/?s={search_term_string}"},"query-input":"required name=search_term_string"}],"inLanguage":"hu"},{"@type":"Person","@id":"https:\/\/hir.mediamarkt.hu\/magazin\/#\/schema\/person\/b93b02ec1ab4d2353f8d281e171c1b0b","name":"Media Markt","image":{"@type":"ImageObject","inLanguage":"hu","@id":"https:\/\/hir.mediamarkt.hu\/magazin\/#\/schema\/person\/image\/","url":"https:\/\/secure.gravatar.com\/avatar\/602bccae8998beee472d01909f0978f1?s=96&d=mm&r=g","contentUrl":"https:\/\/secure.gravatar.com\/avatar\/602bccae8998beee472d01909f0978f1?s=96&d=mm&r=g","caption":"Media Markt"}}]}},"_links":{"self":[{"href":"https:\/\/hir.mediamarkt.hu\/magazin\/wp-json\/wp\/v2\/posts\/9482"}],"collection":[{"href":"https:\/\/hir.mediamarkt.hu\/magazin\/wp-json\/wp\/v2\/posts"}],"about":[{"href":"https:\/\/hir.mediamarkt.hu\/magazin\/wp-json\/wp\/v2\/types\/post"}],"author":[{"embeddable":true,"href":"https:\/\/hir.mediamarkt.hu\/magazin\/wp-json\/wp\/v2\/users\/13"}],"replies":[{"embeddable":true,"href":"https:\/\/hir.mediamarkt.hu\/magazin\/wp-json\/wp\/v2\/comments?post=9482"}],"version-history":[{"count":4,"href":"https:\/\/hir.mediamarkt.hu\/magazin\/wp-json\/wp\/v2\/posts\/9482\/revisions"}],"predecessor-version":[{"id":9510,"href":"https:\/\/hir.mediamarkt.hu\/magazin\/wp-json\/wp\/v2\/posts\/9482\/revisions\/9510"}],"wp:featuredmedia":[{"embeddable":true,"href":"https:\/\/hir.mediamarkt.hu\/magazin\/wp-json\/wp\/v2\/media\/9485"}],"wp:attachment":[{"href":"https:\/\/hir.mediamarkt.hu\/magazin\/wp-json\/wp\/v2\/media?parent=9482"}],"wp:term":[{"taxonomy":"category","embeddable":true,"href":"https:\/\/hir.mediamarkt.hu\/magazin\/wp-json\/wp\/v2\/categories?post=9482"},{"taxonomy":"post_tag","embeddable":true,"href":"https:\/\/hir.mediamarkt.hu\/magazin\/wp-json\/wp\/v2\/tags?post=9482"}],"curies":[{"name":"wp","href":"https:\/\/api.w.org\/{rel}","templated":true}]}}