{"id":9624,"date":"2019-09-26T11:33:57","date_gmt":"2019-09-26T10:33:57","guid":{"rendered":"http:\/\/hir.mediamarkt.hu\/magazin\/?p=9624"},"modified":"2019-11-19T10:00:56","modified_gmt":"2019-11-19T09:00:56","slug":"sulyos-tudobetegseggel-is-riogatnak-a-szakertok-ezert-hasznalj-szaritogepet-otthon","status":"publish","type":"post","link":"https:\/\/hir.mediamarkt.hu\/magazin\/sulyos-tudobetegseggel-is-riogatnak-a-szakertok-ezert-hasznalj-szaritogepet-otthon\/","title":{"rendered":"S\u00falyos t\u00fcd\u0151betegs\u00e9ggel is riogatnak a szak\u00e9rt\u0151k: ez\u00e9rt haszn\u00e1lj sz\u00e1r\u00edt\u00f3g\u00e9pet otthon!"},"content":{"rendered":"<b>Igyeksz\u00fcnk elker\u00fclni a p\u00e1nik hangulatot \u00e9s ink\u00e1bb a pozit\u00edv, el\u0151remutat\u00f3 indokokat \u00e9s megold\u00e1sokat felsorolni, hogy mindenki eg\u00e9szs\u00e9gben, k\u00e9nyelmesen \u00e9lje a csal\u00e1di \u00e9letet. Helytakar\u00e9koss\u00e1g \u00e9s betegs\u00e9g megel\u0151z\u00e9s a Bosch sz\u00e1r\u00edt\u00f3g\u00e9peivel, a tudatos v\u00e1s\u00e1rl\u00f3knak! L\u00e9legezz fel a munka \u00e9s a bakt\u00e9riumok okozta stressz al\u00f3l \u00e9s csak \u00e9lvezd a tisztas\u00e1got!<\/b><!--more-->\r\n\r\n&nbsp;\r\n<h2><b>A napi egy alma van, hogy kev\u00e9s\u2026<\/b><\/h2>\r\n&nbsp;\r\n\r\n<span style=\"font-weight: 400;\"><img loading=\"lazy\" decoding=\"async\" class=\"size-thumbnail wp-image-9630 alignleft\" src=\"https:\/\/hir.mediamarkt.hu\/magazin\/wp-content\/uploads\/2019\/09\/MediaMarkt_Bosch_szaritogep03-275x182.jpeg\" alt=\"\" width=\"275\" height=\"182\" srcset=\"https:\/\/hir.mediamarkt.hu\/magazin\/wp-content\/uploads\/2019\/09\/MediaMarkt_Bosch_szaritogep03-275x182.jpeg 275w, https:\/\/hir.mediamarkt.hu\/magazin\/wp-content\/uploads\/2019\/09\/MediaMarkt_Bosch_szaritogep03-300x199.jpeg 300w, https:\/\/hir.mediamarkt.hu\/magazin\/wp-content\/uploads\/2019\/09\/MediaMarkt_Bosch_szaritogep03-768x509.jpeg 768w, https:\/\/hir.mediamarkt.hu\/magazin\/wp-content\/uploads\/2019\/09\/MediaMarkt_Bosch_szaritogep03-1024x678.jpeg 1024w, https:\/\/hir.mediamarkt.hu\/magazin\/wp-content\/uploads\/2019\/09\/MediaMarkt_Bosch_szaritogep03.jpeg 1440w\" sizes=\"(max-width: 275px) 100vw, 275px\" \/>A bizonyos mond\u00e1s, mely szerint \u201cnapi egy alma az orvost t\u00e1vol tartja\u201d term\u00e9szetesen rejt mag\u00e1ban igazs\u00e1got. Azonban a teljes\u00edt\u0151k\u00e9pess\u00e9g\u00fcnk \u00e9s immunrendszer\u00fcnk karbantart\u00e1sa enn\u00e9l \u00f6sszetettebb k\u00e9rd\u00e9s. Abban val\u00f3sz\u00edn\u0171leg mindenki egyet\u00e9rt, hogy nincs fontosabb a testi-lelki kiegyens\u00falyozotts\u00e1g\u00e1n\u00e1l. Abban a korban, amikor minden eddigin\u00e9l t\u00f6bb ember szorong a kl\u00edmav\u00e1ls\u00e1g miatt, amikor nagy v\u00e1rosokban \u00e9lve egyre kevesebb, val\u00f3ban eg\u00e9szs\u00e9ges dologhoz jutunk (nem minden az, amit fel\u00e1rral, \u00f6ko \u00e9s bio c\u00edmk\u00e9vel pr\u00f3b\u00e1lnak eladni sz\u00e1munkra!), kifejezetten fontos, hogy minim\u00e1lisra cs\u00f6kkents\u00fck a betegs\u00e9gek kock\u00e1zat\u00e1t. Mik\u00f6zben az immunrendszer m\u0171k\u00f6d\u00e9s\u00e9hez igenis kell n\u00e9mi kih\u00edv\u00e1s, teh\u00e1t nem c\u00e9l a steril k\u00f6rnyezet kialak\u00edt\u00e1sa, az\u00e9rt <strong>a leveg\u0151 \u00e9s v\u00edz min\u0151s\u00e9ge mindenki sz\u00e1m\u00e1ra top priorit\u00e1st k\u00e9ne, hogy \u00e9lvezzen<\/strong>. <\/span><span style=\"font-weight: 400;\">M\u00edg a csapb\u00f3l foly\u00f3 v\u00edz kapcs\u00e1n a \u201ck\u00e9sz term\u00e9ken\u201d tudunk csak v\u00e1ltoztatni (ld. v\u00edztiszt\u00edt\u00f3 berendez\u00e9seinket \u00e9s a kapcsol\u00f3d\u00f3 anyagokat!), addig az otthoni leveg\u0151, p\u00e1ratartalom kapcs\u00e1n er\u0151sen meghat\u00e1roz\u00f3ak a saj\u00e1t d\u00f6nt\u00e9seink! P\u00e9ld\u00e1ul egy sz\u00e1r\u00edt\u00f3g\u00e9p beszerz\u00e9s\u00e9vel.<\/span>\r\n\r\n&nbsp;\r\n<h2><b>Ami\u00f3ta j\u00f3 az ablak, fulladok\u2026<\/b><\/h2>\r\n&nbsp;\r\n\r\n<span style=\"font-weight: 400;\"><img loading=\"lazy\" decoding=\"async\" class=\"wp-image-9634 size-thumbnail alignleft\" src=\"https:\/\/hir.mediamarkt.hu\/magazin\/wp-content\/uploads\/2019\/09\/MediaMarkt_Bosch_szaritogep02-275x182.jpeg\" alt=\"\" width=\"275\" height=\"182\" srcset=\"https:\/\/hir.mediamarkt.hu\/magazin\/wp-content\/uploads\/2019\/09\/MediaMarkt_Bosch_szaritogep02-275x182.jpeg 275w, https:\/\/hir.mediamarkt.hu\/magazin\/wp-content\/uploads\/2019\/09\/MediaMarkt_Bosch_szaritogep02-300x199.jpeg 300w, https:\/\/hir.mediamarkt.hu\/magazin\/wp-content\/uploads\/2019\/09\/MediaMarkt_Bosch_szaritogep02-768x509.jpeg 768w, https:\/\/hir.mediamarkt.hu\/magazin\/wp-content\/uploads\/2019\/09\/MediaMarkt_Bosch_szaritogep02-1024x679.jpeg 1024w, https:\/\/hir.mediamarkt.hu\/magazin\/wp-content\/uploads\/2019\/09\/MediaMarkt_Bosch_szaritogep02.jpeg 1440w\" sizes=\"(max-width: 275px) 100vw, 275px\" \/>Bizony\u00e1ra t\u00f6bbekn\u00e9l \u00e1llt be v\u00e1ltoz\u00e1s ny\u00edl\u00e1sz\u00e1r\u00f3 csere kapcs\u00e1n. M\u00edg a r\u00e9gi, repedezett keret\u0171, potyog\u00f3 gittel \u00e9kes\u00edtett ablakok mellett hideg volt a lak\u00e1sban, teh\u00e1t jobban kellett f\u0171teni, <strong>a m\u0171anyag, fullra csuk\u00f3d\u00f3 ny\u00edl\u00e1sz\u00e1r\u00f3k mellett a pen\u00e9szed\u00e9sre \u00e9s p\u00e1ratartalomra kell \u00e1rgus szemekkel figyelni.<\/strong> Szerencs\u00e9re akadnak kiv\u00e1l\u00f3 megold\u00e1sok a t\u00e9m\u00e1ban, a sz\u00e1r\u00edt\u00f3g\u00e9pek p\u00e9ld\u00e1ul hatalmas seg\u00edts\u00e9get ny\u00fajthatnak a t\u00fcd\u0151 probl\u00e9m\u00e1kkal, de ak\u00e1r az ekc\u00e9m\u00e1val k\u00fczd\u0151k \u00e9let\u00e9ben is.\u00a0<\/span>\r\n\r\n<span style=\"font-weight: 400;\">P\u00e1r \u00e9ve fut\u00f3t\u0171zk\u00e9nt terjedt a h\u00edre egy brit f\u00e9rfi, Craig Mather eset\u00e9nek. Craig \u00e1tlagos \u00e9letet \u00e9lt, maga hetente egyszer mosta a ruh\u00e1it, \u00e9s ahogy az sokakn\u00e1l lenni szokott, a lak\u00e1sban, a radi\u00e1toron sz\u00e1r\u00edtotta a tiszta holmit. Amikor egy id\u0151 ut\u00e1n neh\u00e9z l\u00e9gz\u00e9sre panaszkodott, egy bar\u00e1tja javaslat\u00e1ra felkeresett egy t\u00fcd\u0151specialist\u00e1t. A vizsg\u00e1lat kimutatta, hogy Craig Aspergillus fumigatus, vagyis akut invaz\u00edv t\u00fcd\u0151 aspergillosis fert\u0151z\u00e9sben szenved: <strong>t\u00fcdej\u00e9ben elszaporodott gombasp\u00f3r\u00e1kat mutattak ki.<\/strong> A f\u00e9rfi orvosa javaslat\u00e1ra azonnal felhagyott a tereget\u00e9si m\u00f3dszerrel, vett egy sz\u00e1r\u00edt\u00f3g\u00e9pet, majd 12 h\u00f3nap ut\u00e1n &#8211; gy\u00f3gyszeres kezel\u00e9s mellett &#8211; a panaszai megsz\u0171ntek.\u00a0<\/span>\r\n\r\n&nbsp;\r\n<h2><b>Poratka, pen\u00e9szgomba: kivel\u00fck a lak\u00e1sb\u00f3l!<\/b><\/h2>\r\n&nbsp;\r\n\r\n<span style=\"font-weight: 400;\">2012-ben a Glasgow-i Egyetem Mackintosh \u00c9p\u00edt\u00e9szm\u00e9rn\u00f6ki Kar\u00e1n v\u00e9gezett kutat\u00e1s alapj\u00e1n kider\u00fclt, hogy <strong>egy nagy adag vizes ruha k\u00f6r\u00fclbel\u00fcl k\u00e9t liter vizet tartalmaz, ez sz\u00e1rad\u00e1skor a leveg\u0151be ker\u00fcl, ak\u00e1r 30 %-kal n\u00f6velve a sz\u00e1r\u00edt\u00e1sra haszn\u00e1lt szoba p\u00e1ratartalm<\/strong>a. R\u00e1ad\u00e1sul a leveg\u0151be ker\u00fclt v\u00edz nem tiszta, hiszen mos\u00f3szer- \u00e9s \u00f6bl\u00edt\u0151\u00adszer-maradv\u00e1nyokat tartalmaz.<\/span>\r\n\r\n<span style=\"font-weight: 400;\"><strong>A poratka \u00e9s pen\u00e9szgomba nem csak eszt\u00e9tikai probl\u00e9ma, az asztm\u00e1ra, allergi\u00e1ra hajlamos szervezet, vagy a legyeng\u00fclt immunrendszer ugyanis sokszor \u201cbelobban\u201d a hat\u00e1sukra.<\/strong> Biztos sokan megfigyelt\u00e9l m\u00e1r, hogy ny\u00e1ron, amikor rendszeresen nyitva van az ablak \u00e9s a ruha sz\u00e1r\u00edt\u00e1s hat\u00e1sa kev\u00e9sb\u00e9 \u00e9rz\u00e9kelhet\u0151, visszafogottabb az ekc\u00e9m\u00e1juk, kevesebbet k\u00f6h\u00f6gnek. M\u00edg t\u00e9len, amikor megy a f\u0171t\u00e9s \u00e9s a teregetni val\u00f3 bent \u201cf\u0151\u201d a lak\u00e1sban, feler\u0151s\u00f6dnek a kellemetlen &#8211; \u00e9s hossz\u00fat\u00e1von vesz\u00e9lyeket rejteget\u0151 &#8211; szimpt\u00f3m\u00e1k. A k\u00e9ts\u00e9gbees\u00e9s, \u00e9s a folytonos orvoshoz rohang\u00e1l\u00e1s helyett \u00e9rdemes teh\u00e1t \u00e1t\u00e1llni a sz\u00e1r\u00edt\u00f3g\u00e9pek haszn\u00e1lat\u00e1ra. Az egyszeri befektet\u00e9s egy\u00e9bk\u00e9nt megt\u00e9r\u00fcl, hiszen a gy\u00f3gyszerek, vitaminok \u00edgy r\u00e9szben kiv\u00e1lthat\u00f3v\u00e1 v\u00e1lnak.\u00a0<\/span>\r\n\r\n&nbsp;\r\n<h2><b>Az eg\u00e9szs\u00e9g mellett a praktikum is nagy el\u0151ny!<\/b><\/h2>\r\n&nbsp;\r\n\r\n<span style=\"font-weight: 400;\"><img loading=\"lazy\" decoding=\"async\" class=\"wp-image-9625 size-thumbnail alignleft\" src=\"https:\/\/hir.mediamarkt.hu\/magazin\/wp-content\/uploads\/2019\/09\/MCIM03200432_05_AutoClean_IronAssist_container_1600x1600_neu-275x275.jpg\" alt=\"\" width=\"275\" height=\"275\" srcset=\"https:\/\/hir.mediamarkt.hu\/magazin\/wp-content\/uploads\/2019\/09\/MCIM03200432_05_AutoClean_IronAssist_container_1600x1600_neu-275x275.jpg 275w, https:\/\/hir.mediamarkt.hu\/magazin\/wp-content\/uploads\/2019\/09\/MCIM03200432_05_AutoClean_IronAssist_container_1600x1600_neu-300x300.jpg 300w, https:\/\/hir.mediamarkt.hu\/magazin\/wp-content\/uploads\/2019\/09\/MCIM03200432_05_AutoClean_IronAssist_container_1600x1600_neu-768x768.jpg 768w, https:\/\/hir.mediamarkt.hu\/magazin\/wp-content\/uploads\/2019\/09\/MCIM03200432_05_AutoClean_IronAssist_container_1600x1600_neu-1024x1024.jpg 1024w, https:\/\/hir.mediamarkt.hu\/magazin\/wp-content\/uploads\/2019\/09\/MCIM03200432_05_AutoClean_IronAssist_container_1600x1600_neu-150x150.jpg 150w, https:\/\/hir.mediamarkt.hu\/magazin\/wp-content\/uploads\/2019\/09\/MCIM03200432_05_AutoClean_IronAssist_container_1600x1600_neu-500x500.jpg 500w, https:\/\/hir.mediamarkt.hu\/magazin\/wp-content\/uploads\/2019\/09\/MCIM03200432_05_AutoClean_IronAssist_container_1600x1600_neu.jpg 1440w\" sizes=\"(max-width: 275px) 100vw, 275px\" \/>Ha valaki kis lak\u00e1sban \u00e9l \u00e9s minden n\u00e9gyzetm\u00e9ter sz\u00e1m\u00edt, vagy csak szimpl\u00e1n nem szereti ker\u00fclgetni a kiteregetett ruh\u00e1kat, a sz\u00e1r\u00edt\u00f3g\u00e9p beszerz\u00e9se biztos, hogy j\u00f3 v\u00e1laszt\u00e1s lesz. F\u0151leg akkor, ha eleve olyan &#8222;2 in 1&#8221; mos\u00f3g\u00e9pet vesz\u00fcnk, ami nem csak tiszt\u00edt, de sz\u00e1r\u00edt is! <strong>A hely sp\u00f3rol\u00e1s mellett azonban a tereget\u00e9s \u00e9s leszed\u00e9s f\u00e1zisa is megsz\u0171nik<\/strong>, ami egy nagyobb csal\u00e1d, vagy egy m\u00e1ni\u00e1kusan sokat mos\u00f3 ember \u00e9let\u00e9ben sz\u00e1mottev\u0151 lehet. A rendszeresen sportol\u00f3k p\u00e9ld\u00e1ul biztos sz\u00edvesen lemondanak a folytonos t\u00f6r\u00fclk\u00f6z\u0151 \u00e9s edz\u0151 cucc tereget\u00e9sr\u0151l. De a sok l\u00e1togat\u00f3t vend\u00e9g\u00fcl l\u00e1t\u00f3 csal\u00e1dok, ahol az \u00e1gynem\u0171 szinte folyton a fregolin l\u00f3g is fell\u00e9legezhetnek a sz\u00e1r\u00edt\u00f3g\u00e9p ny\u00fajtotta k\u00e9nyelem kapcs\u00e1n!<\/span>\r\n\r\n&nbsp;\r\n\r\n&nbsp;\r\n\r\n&nbsp;\r\n\r\n&nbsp;\r\n<h2><b>H\u00e1rom megold\u00e1s a Bosch-t\u00f3l, hogy azt vedd meg, amire t\u00e9nyleg sz\u00fcks\u00e9ged van!<\/b><\/h2>\r\n&nbsp;\r\n\r\n<span style=\"font-weight: 400;\">Ha valaki a tettek mezej\u00e9re l\u00e9pve sz\u00e1r\u00edt\u00f3g\u00e9pet akar venni, \u00e9rdemes \u00e1tgondolni, mire, hogyan \u00e9s hol fogja haszn\u00e1lni a berendez\u00e9st. A Bosch c\u00e9g mindent megtesz annak \u00e9rdek\u00e9ben, hogy mindenki megtal\u00e1lja a sz\u00e1m\u00e1ra val\u00f3ban hasznos g\u00e9pet. Az al\u00e1bbi h\u00e1rom funkci\u00f3nak k\u00f6sz\u00f6nhet\u0151en teh\u00e1t v\u00e9gre fell\u00e9legezhet a lak\u00e1s \u00e9s mi is! \u00c9s \u00fagy fest, a vasal\u00e1s kapcs\u00e1n is id\u0151t sp\u00f3rolhatunk!<\/span>\r\n\r\n&nbsp;\r\n<ul>\r\n \t<li><b>AutoClean &#8211; <span style=\"font-weight: 400;\">A Bosch AutoClean sz\u00e1r\u00edt\u00f3g\u00e9pek <strong>az ajt\u00f3ban elhelyezett sz\u0171r\u0151 n\u00e9lk\u00fcl biztos\u00edtanak automatikus tiszt\u00edt\u00e1st \u00e9s hat\u00e9kony energiafelhaszn\u00e1l\u00e1st.<\/strong> A Bosch leg\u00fajabb, egyed\u00fcl\u00e1ll\u00f3 technol\u00f3gi\u00e1val rendelkez\u0151 AutoClean sz\u00e1r\u00edt\u00f3g\u00e9pei leegyszer\u0171s\u00edtik a sz\u00e1r\u00edt\u00e1si folyamatot, ugyanis folyamatosan hat\u00e9kony m\u0171k\u00f6d\u00e9st biztos\u00edtanak, mik\u00f6zben a sz\u00e1r\u00edt\u00f3g\u00e9p sz\u0171r\u0151it nem kell k\u00fcl\u00f6n tiszt\u00edtani. Az egyetlen teend\u0151 a sz\u00f6szt\u00e1rol\u00f3 ki\u00fcr\u00edt\u00e9se, amire a sz\u00e1r\u00edt\u00f3g\u00e9pek a megfelel\u0151 id\u0151ben figyelmeztetnek. \u00cdgy nincs t\u00f6bb\u00e9 sz\u00fcks\u00e9g sem az ajt\u00f3 alatti sz\u0171r\u0151re, sem egy\u00e9b r\u00e9szek manu\u00e1lis tiszt\u00edt\u00e1s\u00e1ra. A sz\u0171r\u0151 tiszt\u00edt\u00e1sa m\u00e1r a m\u00falt\u00e9.<\/span><\/b><\/li>\r\n<\/ul>\r\n&nbsp;\r\n<ul>\r\n \t<li><b>Smart dry &#8211; <span style=\"font-weight: 400;\">A t\u00f6k\u00e9letes mos\u00e1s \u00e9s sz\u00e1r\u00edt\u00e1s legokosabb m\u00f3dja. Ez a technol\u00f3gia teszi lehet\u0151v\u00e9 a mos\u00f3g\u00e9p \u00e9s sz\u00e1r\u00edt\u00f3g\u00e9p k\u00f6z\u00f6tti kommunik\u00e1ci\u00f3t, hiszen <strong>a Home Connect Smart Dry funkci\u00f3val rendelkez\u0151 Bosch h\u0151szivatty\u00fas sz\u00e1r\u00edt\u00f3g\u00e9pek a mos\u00f3g\u00e9p \u00e1ltal k\u00fcld\u00f6tt inform\u00e1ci\u00f3k alapj\u00e1n automatikusan v\u00e1lasztj\u00e1k ki a legmegfelel\u0151bb sz\u00e1r\u00edt\u00e1si programot.<\/strong> A sz\u00e1r\u00edt\u00e1si program kiv\u00e1laszt\u00e1sakor figyelembe veszi a t\u00f6ltetet, az anyag t\u00edpus\u00e1t \u00e9s m\u00e9g a fennmarad\u00f3 nedvess\u00e9gszintet is.<\/span><\/b><\/li>\r\n<\/ul>\r\n&nbsp;\r\n<ul>\r\n \t<li><b>Iron Asssist &#8211; <span style=\"font-weight: 400;\">Cs\u00f6kkentse a vasal\u00e1s\u00e1t egy gombnyom\u00e1sra! A Bosch AutoClean sz\u00e1r\u00edt\u00f3g\u00e9pek egyik tulajdons\u00e1ga <\/span><\/b><span style=\"font-weight: 400;\">az Iron Assist, amely <\/span><span style=\"font-weight: 400;\">extra g\u0151z\u00f6s kezel\u00e9s a megsz\u00e1r\u00edtott ruh\u00e1k puh\u00edt\u00e1sa, vagy a vasal\u00e1s elhagy\u00e1sa \u00e9rdek\u00e9ben.<\/span><b><span style=\"font-weight: 400;\"> A gy\u0171r\u0151d\u00e9s elt\u00e1vol\u00edt\u00e1sa, k\u00fcl\u00f6n\u00f6sen az ingekn\u00e9l, kih\u00edv\u00e1st jelenthet. Az Iron Asssist funkci\u00f3 megold\u00e1st jelenthet ezen probl\u00e9m\u00e1ra. Az Iron Assist funkci\u00f3 cs\u00f6kkenti vagy kik\u00fcsz\u00f6b\u00f6lheti a vasal\u00e1s sz\u00fcks\u00e9gess\u00e9g\u00e9t. Tegye be a sz\u00e1raz nadr\u00e1got, inget, bl\u00fazt vagya ak\u00e1r \u00f6lt\u00f6nyt a sz\u00e1r\u00edt\u00f3g\u00e9pbe \u00e9s v\u00e1lassza ki az Iron Assist opci\u00f3t. A program \u00f3vatosan felmeleg\u00edti a ruh\u00e1t, majd finom k\u00f6d\u00f6t permetez be a dobba. Ez term\u00e9szetes g\u0151zt hoz l\u00e9tre, amely \u00e1thatol a textilen \u00e9s l\u00e1that\u00f3an sim\u00e1ra simul a sz\u00f6vet. A g\u0151zmennyis\u00e9g optimaliz\u00e1lva van minden t\u00f6ltetre \u00e9s sz\u00f6vet t\u00edpusra.. Egyszer\u0171en cask a tart\u00e1lyt kell csapv\u00edzzel felt\u00f6lteni, amennyiben sz\u00fcks\u00e9ges. 3 Iron Assist program \u00e9rhet\u0151 el a g\u00e9peken, 30-45 percesek a programok.<\/span><\/b><\/li>\r\n<\/ul>\r\n&nbsp;\r\n\r\n<img loading=\"lazy\" decoding=\"async\" class=\"alignnone wp-image-9635 size-full\" src=\"https:\/\/hir.mediamarkt.hu\/magazin\/wp-content\/uploads\/2019\/09\/MediaMarkt_Bosch_szaritogep04.jpg\" alt=\"\" width=\"800\" height=\"800\" srcset=\"https:\/\/hir.mediamarkt.hu\/magazin\/wp-content\/uploads\/2019\/09\/MediaMarkt_Bosch_szaritogep04.jpg 800w, https:\/\/hir.mediamarkt.hu\/magazin\/wp-content\/uploads\/2019\/09\/MediaMarkt_Bosch_szaritogep04-275x275.jpg 275w, https:\/\/hir.mediamarkt.hu\/magazin\/wp-content\/uploads\/2019\/09\/MediaMarkt_Bosch_szaritogep04-300x300.jpg 300w, https:\/\/hir.mediamarkt.hu\/magazin\/wp-content\/uploads\/2019\/09\/MediaMarkt_Bosch_szaritogep04-768x768.jpg 768w, https:\/\/hir.mediamarkt.hu\/magazin\/wp-content\/uploads\/2019\/09\/MediaMarkt_Bosch_szaritogep04-150x150.jpg 150w, https:\/\/hir.mediamarkt.hu\/magazin\/wp-content\/uploads\/2019\/09\/MediaMarkt_Bosch_szaritogep04-500x500.jpg 500w\" sizes=\"(max-width: 800px) 100vw, 800px\" \/>\r\n\r\n&nbsp;\r\n<h2><b>\u00c9s ha m\u00e9g mindig hezit\u00e1ln\u00e1nk\u2026<\/b><\/h2>\r\n&nbsp;\r\n\r\n<span style=\"font-weight: 400;\">A megfelel\u0151 sz\u00e1r\u00edt\u00f3program kiv\u00e1laszt\u00e1sa nem csak komoly fejt\u00f6r\u00e9st okozhat, de kev\u00e9sb\u00e9 j\u00f3 v\u00e9geredm\u00e9nyt is hozhat. A Home Connect az Easy Start funkci\u00f3 seg\u00edts\u00e9g\u00e9vel az ide\u00e1lis programot aj\u00e1nlva leveszi a gondot a v\u00e1ll\u00e1r\u00f3l a mos\u00e1s sor\u00e1n &#8211; k\u00f6zvetlen\u00fcl a mobilk\u00e9sz\u00fcl\u00e9k\u00e9n kereszt\u00fcl. Mind\u00f6ssze annyit kell tennie, hogy <strong>megadja a text\u00edli\u00e1k jellemz\u0151it \u00e9s be\u00e1ll\u00edtja a sz\u00e1r\u00edt\u00e1si c\u00e9lt a Home Connect alkalmaz\u00e1sban.<\/strong> Ekk\u00e9ppen k\u00f6nnyed\u00e9n be\u00e1ll\u00edthatja a megfelel\u0151 programot \u00e9s t\u00f6k\u00e9letes v\u00e9geredm\u00e9nyt \u00e9rhet el. Ja \u00e9s az megvan, hogy <\/span><span style=\"font-weight: 400;\">ezekre a term\u00e9kekre is \u00e9l a 10% p\u00e9nzvisszat\u00e9r\u00edt\u00e9s? Sz\u00e1r\u00edt\u00f3g\u00e9p haszn\u00e1lata mellett t\u00e9nyleg csak a bakt\u00e9riumok vesz\u00edthetnek!<\/span>\r\n\r\n&nbsp;\r\n<h2><b>Kapcsol\u00f3d\u00f3 MediaMarkt term\u00e9kek:\u00a0<\/b><\/h2>\r\n&nbsp;\r\n\r\n<a href=\"https:\/\/www.mediamarkt.hu\/catentry\/1270490\"><span style=\"font-weight: 400;\">BOSCH WTR85V00BY h\u0151szivatty\u00fas sz\u00e1r\u00edt\u00f3g\u00e9p<\/span><\/a>\r\n\r\n<a href=\"https:\/\/www.mediamarkt.hu\/catentry\/1293243\"><span style=\"font-weight: 400;\">BOSCH WTR85V90BY h\u0151szivatty\u00fas sz\u00e1r\u00edt\u00f3g\u00e9p<\/span><\/a>\r\n\r\n<a href=\"https:\/\/www.mediamarkt.hu\/catentry\/1244925\"><span style=\"font-weight: 400;\">BOSCH WTW85540EU h\u0151szivatty\u00fas sz\u00e1r\u00edt\u00f3g\u00e9p<\/span><\/a>\r\n\r\n<a href=\"https:\/\/www.mediamarkt.hu\/catentry\/1283179\"><span style=\"font-weight: 400;\">BOSCH WTR83V00BY h\u0151szivatty\u00fas sz\u00e1r\u00edt\u00f3g\u00e9p<\/span><\/a>\r\n\r\n<a href=\"https:\/\/www.mediamarkt.hu\/catentry\/1233311\"><span style=\"font-weight: 400;\">BOSCH WTW855H0BY Home Connect h\u0151szivatty\u00fas sz\u00e1r\u00edt\u00f3g\u00e9p<\/span><\/a>\r\n\r\n&nbsp;\r\n<h2><b>Kapcsol\u00f3d\u00f3 cikkeink:\u00a0<\/b><\/h2>\r\n&nbsp;\r\n\r\n<a href=\"https:\/\/hir.mediamarkt.hu\/magazin\/bosch-home-connect-otthon-kenyelem-2019\/\"><span style=\"font-weight: 400;\">M\u00c9G T\u00d6BB \u201cROBOTS\u00c1G\u201d A BOSCH HOME CONNECT J\u00d3VOLT\u00c1B\u00d3L!<\/span><\/a>\r\n\r\n<a href=\"https:\/\/hir.mediamarkt.hu\/magazin\/remalmok-fulladasos-kohoges-ekcema-nehany-a-hazi-penesz-karos-hatasai-kozul\/\"><span style=\"font-weight: 400;\">R\u00c9M\u00c1LMOK, FULLAD\u00c1SOS K\u00d6H\u00d6G\u00c9S, EKC\u00c9MA: N\u00c9H\u00c1NY, A H\u00c1ZI PEN\u00c9SZ K\u00c1ROS HAT\u00c1SAI K\u00d6Z\u00dcL<\/span><\/a>\r\n\r\n<a href=\"https:\/\/hir.mediamarkt.hu\/magazin\/mennyi-az-annyi-bosch-mosogep-ar-kedvezmeny-tamogatat\/\"><span style=\"font-weight: 400;\">MENNYI AZ ANNYI? \u00cdGY SZ\u00c1MOLHAT\u00d3 KI AZ \u00daJ MOS\u00d3G\u00c9P \u00c9VES K\u00d6LTS\u00c9GE \u00c9S AZ \u00c1R MEGT\u00c9R\u00dcL\u00c9S\u00c9NEK IDEJE. EL\u0150RE AZ A+++-\u00c9RT!<\/span><\/a>","protected":false},"excerpt":{"rendered":"Igyeksz\u00fcnk elker\u00fclni a p\u00e1nik hangulatot \u00e9s ink\u00e1bb a pozit\u00edv, el\u0151remutat\u00f3 indokokat \u00e9s megold\u00e1sokat felsorolni, hogy mindenki eg\u00e9szs\u00e9gben, k\u00e9nyelmesen \u00e9lje a csal\u00e1di \u00e9letet. Helytakar\u00e9koss\u00e1g \u00e9s betegs\u00e9g megel\u0151z\u00e9s a Bosch sz\u00e1r\u00edt\u00f3g\u00e9peivel, a tudatos v\u00e1s\u00e1rl\u00f3knak! L\u00e9legezz fel a munka \u00e9s a bakt\u00e9riumok okozta stressz al\u00f3l \u00e9s csak \u00e9lvezd a tisztas\u00e1got!","protected":false},"author":13,"featured_media":9633,"comment_status":"open","ping_status":"open","sticky":false,"template":"","format":"standard","meta":{"wprm-recipe-roundup-name":"","wprm-recipe-roundup-description":"","footnotes":""},"categories":[5968,5981],"tags":[3652,3654,1176,2150,2152,2363,2134,2472,3656,3037,2127,2173,3181,2588,225,3655,2763,2590,3653],"yoast_head":"<!-- This site is optimized with the Yoast SEO plugin v22.9 - https:\/\/yoast.com\/wordpress\/plugins\/seo\/ -->\n<title>S\u00falyos t\u00fcd\u0151betegs\u00e9ggel is riogatnak a szak\u00e9rt\u0151k: ez\u00e9rt haszn\u00e1lj sz\u00e1r\u00edt\u00f3g\u00e9pet otthon! - MediaMarkt Magazin<\/title>\n<meta name=\"description\" content=\"Sz\u00e1r\u00edt\u00f3g\u00e9pekkel a t\u00f6bb hely\u00e9rt, a t\u00f6bb szabadid\u0151\u00e9rt \u00e9s a stabilabb immunrendszer\u00e9rt! Egy befektet\u00e9s, amit\u0151l nem csak a ruh\u00e1k, de mi is v\u00e1ltozunk!\" \/>\n<meta name=\"robots\" content=\"index, follow, max-snippet:-1, max-image-preview:large, max-video-preview:-1\" \/>\n<link rel=\"canonical\" href=\"https:\/\/hir.mediamarkt.hu\/magazin\/sulyos-tudobetegseggel-is-riogatnak-a-szakertok-ezert-hasznalj-szaritogepet-otthon\/\" \/>\n<meta property=\"og:locale\" content=\"hu_HU\" \/>\n<meta property=\"og:type\" content=\"article\" \/>\n<meta property=\"og:title\" content=\"S\u00falyos t\u00fcd\u0151betegs\u00e9ggel is riogatnak a szak\u00e9rt\u0151k: ez\u00e9rt haszn\u00e1lj sz\u00e1r\u00edt\u00f3g\u00e9pet otthon! - MediaMarkt Magazin\" \/>\n<meta property=\"og:description\" content=\"Sz\u00e1r\u00edt\u00f3g\u00e9pekkel a t\u00f6bb hely\u00e9rt, a t\u00f6bb szabadid\u0151\u00e9rt \u00e9s a stabilabb immunrendszer\u00e9rt! Egy befektet\u00e9s, amit\u0151l nem csak a ruh\u00e1k, de mi is v\u00e1ltozunk!\" \/>\n<meta property=\"og:url\" content=\"https:\/\/hir.mediamarkt.hu\/magazin\/sulyos-tudobetegseggel-is-riogatnak-a-szakertok-ezert-hasznalj-szaritogepet-otthon\/\" \/>\n<meta property=\"og:site_name\" content=\"MediaMarkt Magazin\" \/>\n<meta property=\"article:publisher\" content=\"https:\/\/www.facebook.com\/MediaMarktMagyarorszag\" \/>\n<meta property=\"article:published_time\" content=\"2019-09-26T10:33:57+00:00\" \/>\n<meta property=\"article:modified_time\" content=\"2019-11-19T09:00:56+00:00\" \/>\n<meta property=\"og:image\" content=\"https:\/\/hir.mediamarkt.hu\/magazin\/wp-content\/uploads\/2019\/09\/MediaMarkt_Bosch_szaritogep01.jpeg\" \/>\n\t<meta property=\"og:image:width\" content=\"1440\" \/>\n\t<meta property=\"og:image:height\" content=\"951\" \/>\n\t<meta property=\"og:image:type\" content=\"image\/jpeg\" \/>\n<meta name=\"author\" content=\"Media Markt\" \/>\n<meta name=\"twitter:label1\" content=\"Szerz\u0151:\" \/>\n\t<meta name=\"twitter:data1\" content=\"Media Markt\" \/>\n\t<meta name=\"twitter:label2\" content=\"Becs\u00fclt olvas\u00e1si id\u0151\" \/>\n\t<meta name=\"twitter:data2\" content=\"9 perc\" \/>\n<script type=\"application\/ld+json\" class=\"yoast-schema-graph\">{\"@context\":\"https:\/\/schema.org\",\"@graph\":[{\"@type\":\"WebPage\",\"@id\":\"https:\/\/hir.mediamarkt.hu\/magazin\/sulyos-tudobetegseggel-is-riogatnak-a-szakertok-ezert-hasznalj-szaritogepet-otthon\/\",\"url\":\"https:\/\/hir.mediamarkt.hu\/magazin\/sulyos-tudobetegseggel-is-riogatnak-a-szakertok-ezert-hasznalj-szaritogepet-otthon\/\",\"name\":\"S\u00falyos t\u00fcd\u0151betegs\u00e9ggel is riogatnak a szak\u00e9rt\u0151k: ez\u00e9rt haszn\u00e1lj sz\u00e1r\u00edt\u00f3g\u00e9pet otthon! - MediaMarkt Magazin\",\"isPartOf\":{\"@id\":\"https:\/\/hir.mediamarkt.hu\/magazin\/#website\"},\"primaryImageOfPage\":{\"@id\":\"https:\/\/hir.mediamarkt.hu\/magazin\/sulyos-tudobetegseggel-is-riogatnak-a-szakertok-ezert-hasznalj-szaritogepet-otthon\/#primaryimage\"},\"image\":{\"@id\":\"https:\/\/hir.mediamarkt.hu\/magazin\/sulyos-tudobetegseggel-is-riogatnak-a-szakertok-ezert-hasznalj-szaritogepet-otthon\/#primaryimage\"},\"thumbnailUrl\":\"https:\/\/hir.mediamarkt.hu\/magazin\/wp-content\/uploads\/2019\/09\/MediaMarkt_Bosch_szaritogep01.jpeg\",\"datePublished\":\"2019-09-26T10:33:57+00:00\",\"dateModified\":\"2019-11-19T09:00:56+00:00\",\"author\":{\"@id\":\"https:\/\/hir.mediamarkt.hu\/magazin\/#\/schema\/person\/b93b02ec1ab4d2353f8d281e171c1b0b\"},\"description\":\"Sz\u00e1r\u00edt\u00f3g\u00e9pekkel a t\u00f6bb hely\u00e9rt, a t\u00f6bb szabadid\u0151\u00e9rt \u00e9s a stabilabb immunrendszer\u00e9rt! Egy befektet\u00e9s, amit\u0151l nem csak a ruh\u00e1k, de mi is v\u00e1ltozunk!\",\"breadcrumb\":{\"@id\":\"https:\/\/hir.mediamarkt.hu\/magazin\/sulyos-tudobetegseggel-is-riogatnak-a-szakertok-ezert-hasznalj-szaritogepet-otthon\/#breadcrumb\"},\"inLanguage\":\"hu\",\"potentialAction\":[{\"@type\":\"ReadAction\",\"target\":[\"https:\/\/hir.mediamarkt.hu\/magazin\/sulyos-tudobetegseggel-is-riogatnak-a-szakertok-ezert-hasznalj-szaritogepet-otthon\/\"]}]},{\"@type\":\"ImageObject\",\"inLanguage\":\"hu\",\"@id\":\"https:\/\/hir.mediamarkt.hu\/magazin\/sulyos-tudobetegseggel-is-riogatnak-a-szakertok-ezert-hasznalj-szaritogepet-otthon\/#primaryimage\",\"url\":\"https:\/\/hir.mediamarkt.hu\/magazin\/wp-content\/uploads\/2019\/09\/MediaMarkt_Bosch_szaritogep01.jpeg\",\"contentUrl\":\"https:\/\/hir.mediamarkt.hu\/magazin\/wp-content\/uploads\/2019\/09\/MediaMarkt_Bosch_szaritogep01.jpeg\",\"width\":1440,\"height\":951},{\"@type\":\"BreadcrumbList\",\"@id\":\"https:\/\/hir.mediamarkt.hu\/magazin\/sulyos-tudobetegseggel-is-riogatnak-a-szakertok-ezert-hasznalj-szaritogepet-otthon\/#breadcrumb\",\"itemListElement\":[{\"@type\":\"ListItem\",\"position\":1,\"name\":\"Kezd\u0151lap\",\"item\":\"https:\/\/hir.mediamarkt.hu\/magazin\/\"},{\"@type\":\"ListItem\",\"position\":2,\"name\":\"S\u00falyos t\u00fcd\u0151betegs\u00e9ggel is riogatnak a szak\u00e9rt\u0151k: ez\u00e9rt haszn\u00e1lj sz\u00e1r\u00edt\u00f3g\u00e9pet otthon!\"}]},{\"@type\":\"WebSite\",\"@id\":\"https:\/\/hir.mediamarkt.hu\/magazin\/#website\",\"url\":\"https:\/\/hir.mediamarkt.hu\/magazin\/\",\"name\":\"MediaMarkt Magazin\",\"description\":\"Olvass bele magazinunkba!\",\"potentialAction\":[{\"@type\":\"SearchAction\",\"target\":{\"@type\":\"EntryPoint\",\"urlTemplate\":\"https:\/\/hir.mediamarkt.hu\/magazin\/?s={search_term_string}\"},\"query-input\":\"required name=search_term_string\"}],\"inLanguage\":\"hu\"},{\"@type\":\"Person\",\"@id\":\"https:\/\/hir.mediamarkt.hu\/magazin\/#\/schema\/person\/b93b02ec1ab4d2353f8d281e171c1b0b\",\"name\":\"Media Markt\",\"image\":{\"@type\":\"ImageObject\",\"inLanguage\":\"hu\",\"@id\":\"https:\/\/hir.mediamarkt.hu\/magazin\/#\/schema\/person\/image\/\",\"url\":\"https:\/\/secure.gravatar.com\/avatar\/602bccae8998beee472d01909f0978f1?s=96&d=mm&r=g\",\"contentUrl\":\"https:\/\/secure.gravatar.com\/avatar\/602bccae8998beee472d01909f0978f1?s=96&d=mm&r=g\",\"caption\":\"Media Markt\"}}]}<\/script>\n<!-- \/ Yoast SEO plugin. -->","yoast_head_json":{"title":"S\u00falyos t\u00fcd\u0151betegs\u00e9ggel is riogatnak a szak\u00e9rt\u0151k: ez\u00e9rt haszn\u00e1lj sz\u00e1r\u00edt\u00f3g\u00e9pet otthon! - MediaMarkt Magazin","description":"Sz\u00e1r\u00edt\u00f3g\u00e9pekkel a t\u00f6bb hely\u00e9rt, a t\u00f6bb szabadid\u0151\u00e9rt \u00e9s a stabilabb immunrendszer\u00e9rt! Egy befektet\u00e9s, amit\u0151l nem csak a ruh\u00e1k, de mi is v\u00e1ltozunk!","robots":{"index":"index","follow":"follow","max-snippet":"max-snippet:-1","max-image-preview":"max-image-preview:large","max-video-preview":"max-video-preview:-1"},"canonical":"https:\/\/hir.mediamarkt.hu\/magazin\/sulyos-tudobetegseggel-is-riogatnak-a-szakertok-ezert-hasznalj-szaritogepet-otthon\/","og_locale":"hu_HU","og_type":"article","og_title":"S\u00falyos t\u00fcd\u0151betegs\u00e9ggel is riogatnak a szak\u00e9rt\u0151k: ez\u00e9rt haszn\u00e1lj sz\u00e1r\u00edt\u00f3g\u00e9pet otthon! - MediaMarkt Magazin","og_description":"Sz\u00e1r\u00edt\u00f3g\u00e9pekkel a t\u00f6bb hely\u00e9rt, a t\u00f6bb szabadid\u0151\u00e9rt \u00e9s a stabilabb immunrendszer\u00e9rt! Egy befektet\u00e9s, amit\u0151l nem csak a ruh\u00e1k, de mi is v\u00e1ltozunk!","og_url":"https:\/\/hir.mediamarkt.hu\/magazin\/sulyos-tudobetegseggel-is-riogatnak-a-szakertok-ezert-hasznalj-szaritogepet-otthon\/","og_site_name":"MediaMarkt Magazin","article_publisher":"https:\/\/www.facebook.com\/MediaMarktMagyarorszag","article_published_time":"2019-09-26T10:33:57+00:00","article_modified_time":"2019-11-19T09:00:56+00:00","og_image":[{"width":1440,"height":951,"url":"https:\/\/hir.mediamarkt.hu\/magazin\/wp-content\/uploads\/2019\/09\/MediaMarkt_Bosch_szaritogep01.jpeg","type":"image\/jpeg"}],"author":"Media Markt","twitter_misc":{"Szerz\u0151:":"Media Markt","Becs\u00fclt olvas\u00e1si id\u0151":"9 perc"},"schema":{"@context":"https:\/\/schema.org","@graph":[{"@type":"WebPage","@id":"https:\/\/hir.mediamarkt.hu\/magazin\/sulyos-tudobetegseggel-is-riogatnak-a-szakertok-ezert-hasznalj-szaritogepet-otthon\/","url":"https:\/\/hir.mediamarkt.hu\/magazin\/sulyos-tudobetegseggel-is-riogatnak-a-szakertok-ezert-hasznalj-szaritogepet-otthon\/","name":"S\u00falyos t\u00fcd\u0151betegs\u00e9ggel is riogatnak a szak\u00e9rt\u0151k: ez\u00e9rt haszn\u00e1lj sz\u00e1r\u00edt\u00f3g\u00e9pet otthon! - MediaMarkt Magazin","isPartOf":{"@id":"https:\/\/hir.mediamarkt.hu\/magazin\/#website"},"primaryImageOfPage":{"@id":"https:\/\/hir.mediamarkt.hu\/magazin\/sulyos-tudobetegseggel-is-riogatnak-a-szakertok-ezert-hasznalj-szaritogepet-otthon\/#primaryimage"},"image":{"@id":"https:\/\/hir.mediamarkt.hu\/magazin\/sulyos-tudobetegseggel-is-riogatnak-a-szakertok-ezert-hasznalj-szaritogepet-otthon\/#primaryimage"},"thumbnailUrl":"https:\/\/hir.mediamarkt.hu\/magazin\/wp-content\/uploads\/2019\/09\/MediaMarkt_Bosch_szaritogep01.jpeg","datePublished":"2019-09-26T10:33:57+00:00","dateModified":"2019-11-19T09:00:56+00:00","author":{"@id":"https:\/\/hir.mediamarkt.hu\/magazin\/#\/schema\/person\/b93b02ec1ab4d2353f8d281e171c1b0b"},"description":"Sz\u00e1r\u00edt\u00f3g\u00e9pekkel a t\u00f6bb hely\u00e9rt, a t\u00f6bb szabadid\u0151\u00e9rt \u00e9s a stabilabb immunrendszer\u00e9rt! Egy befektet\u00e9s, amit\u0151l nem csak a ruh\u00e1k, de mi is v\u00e1ltozunk!","breadcrumb":{"@id":"https:\/\/hir.mediamarkt.hu\/magazin\/sulyos-tudobetegseggel-is-riogatnak-a-szakertok-ezert-hasznalj-szaritogepet-otthon\/#breadcrumb"},"inLanguage":"hu","potentialAction":[{"@type":"ReadAction","target":["https:\/\/hir.mediamarkt.hu\/magazin\/sulyos-tudobetegseggel-is-riogatnak-a-szakertok-ezert-hasznalj-szaritogepet-otthon\/"]}]},{"@type":"ImageObject","inLanguage":"hu","@id":"https:\/\/hir.mediamarkt.hu\/magazin\/sulyos-tudobetegseggel-is-riogatnak-a-szakertok-ezert-hasznalj-szaritogepet-otthon\/#primaryimage","url":"https:\/\/hir.mediamarkt.hu\/magazin\/wp-content\/uploads\/2019\/09\/MediaMarkt_Bosch_szaritogep01.jpeg","contentUrl":"https:\/\/hir.mediamarkt.hu\/magazin\/wp-content\/uploads\/2019\/09\/MediaMarkt_Bosch_szaritogep01.jpeg","width":1440,"height":951},{"@type":"BreadcrumbList","@id":"https:\/\/hir.mediamarkt.hu\/magazin\/sulyos-tudobetegseggel-is-riogatnak-a-szakertok-ezert-hasznalj-szaritogepet-otthon\/#breadcrumb","itemListElement":[{"@type":"ListItem","position":1,"name":"Kezd\u0151lap","item":"https:\/\/hir.mediamarkt.hu\/magazin\/"},{"@type":"ListItem","position":2,"name":"S\u00falyos t\u00fcd\u0151betegs\u00e9ggel is riogatnak a szak\u00e9rt\u0151k: ez\u00e9rt haszn\u00e1lj sz\u00e1r\u00edt\u00f3g\u00e9pet otthon!"}]},{"@type":"WebSite","@id":"https:\/\/hir.mediamarkt.hu\/magazin\/#website","url":"https:\/\/hir.mediamarkt.hu\/magazin\/","name":"MediaMarkt Magazin","description":"Olvass bele magazinunkba!","potentialAction":[{"@type":"SearchAction","target":{"@type":"EntryPoint","urlTemplate":"https:\/\/hir.mediamarkt.hu\/magazin\/?s={search_term_string}"},"query-input":"required name=search_term_string"}],"inLanguage":"hu"},{"@type":"Person","@id":"https:\/\/hir.mediamarkt.hu\/magazin\/#\/schema\/person\/b93b02ec1ab4d2353f8d281e171c1b0b","name":"Media Markt","image":{"@type":"ImageObject","inLanguage":"hu","@id":"https:\/\/hir.mediamarkt.hu\/magazin\/#\/schema\/person\/image\/","url":"https:\/\/secure.gravatar.com\/avatar\/602bccae8998beee472d01909f0978f1?s=96&d=mm&r=g","contentUrl":"https:\/\/secure.gravatar.com\/avatar\/602bccae8998beee472d01909f0978f1?s=96&d=mm&r=g","caption":"Media Markt"}}]}},"_links":{"self":[{"href":"https:\/\/hir.mediamarkt.hu\/magazin\/wp-json\/wp\/v2\/posts\/9624"}],"collection":[{"href":"https:\/\/hir.mediamarkt.hu\/magazin\/wp-json\/wp\/v2\/posts"}],"about":[{"href":"https:\/\/hir.mediamarkt.hu\/magazin\/wp-json\/wp\/v2\/types\/post"}],"author":[{"embeddable":true,"href":"https:\/\/hir.mediamarkt.hu\/magazin\/wp-json\/wp\/v2\/users\/13"}],"replies":[{"embeddable":true,"href":"https:\/\/hir.mediamarkt.hu\/magazin\/wp-json\/wp\/v2\/comments?post=9624"}],"version-history":[{"count":6,"href":"https:\/\/hir.mediamarkt.hu\/magazin\/wp-json\/wp\/v2\/posts\/9624\/revisions"}],"predecessor-version":[{"id":9759,"href":"https:\/\/hir.mediamarkt.hu\/magazin\/wp-json\/wp\/v2\/posts\/9624\/revisions\/9759"}],"wp:featuredmedia":[{"embeddable":true,"href":"https:\/\/hir.mediamarkt.hu\/magazin\/wp-json\/wp\/v2\/media\/9633"}],"wp:attachment":[{"href":"https:\/\/hir.mediamarkt.hu\/magazin\/wp-json\/wp\/v2\/media?parent=9624"}],"wp:term":[{"taxonomy":"category","embeddable":true,"href":"https:\/\/hir.mediamarkt.hu\/magazin\/wp-json\/wp\/v2\/categories?post=9624"},{"taxonomy":"post_tag","embeddable":true,"href":"https:\/\/hir.mediamarkt.hu\/magazin\/wp-json\/wp\/v2\/tags?post=9624"}],"curies":[{"name":"wp","href":"https:\/\/api.w.org\/{rel}","templated":true}]}}