{"id":9794,"date":"2019-12-05T15:57:45","date_gmt":"2019-12-05T14:57:45","guid":{"rendered":"http:\/\/hir.mediamarkt.hu\/magazin\/?p=9794"},"modified":"2019-12-05T15:57:45","modified_gmt":"2019-12-05T14:57:45","slug":"sennheiser-momentum-tw-vezetek-nelkuli-fulhallgato-teszt-ar","status":"publish","type":"post","link":"https:\/\/hir.mediamarkt.hu\/magazin\/sennheiser-momentum-tw-vezetek-nelkuli-fulhallgato-teszt-ar\/","title":{"rendered":"Sennheiser Momentum TW: a t\u00f6k\u00e9letes \u00fatit\u00e1rs"},"content":{"rendered":"Az idei \u00e9v k\u00e9ts\u00e9gtelen\u00fcl a vezet\u00e9k n\u00e9lk\u00fcli f\u00fclhallgat\u00f3k t\u00e9rh\u00f3d\u00edt\u00e1s\u00e1r\u00f3l sz\u00f3lt, \u00edgy aki most keres kar\u00e1csonyi aj\u00e1nd\u00e9kot, j\u00f3l teszi, ha k\u00f6r\u00fcln\u00e9z ezen a t\u00e9ren is, mivel ma m\u00e1r a kezdeti darabok ut\u00e1n meg\u00e9rkeztek a min\u0151s\u00e9gibb, s\u0151t, kifejezetten pr\u00e9mium kateg\u00f3ri\u00e1s modellek is. Az al\u00e1bbiakban is egy ilyet, eg\u00e9szen konkr\u00e9tan a <a href=\"https:\/\/www.mediamarkt.hu\/catentry\/1279527\" target=\"_blank\" rel=\"noopener noreferrer\"><strong>Sennheiser Momentum TW<\/strong><\/a> f\u00fcles\u00e9t j\u00e1rom k\u00f6r\u00fcl.\r\n\r\nAz audio-eszk\u00f6z\u00f6k, els\u0151sorban a f\u00fclhallgat\u00f3k ter\u00e9n a n\u00e9met gy\u00e1rt\u00f3 megker\u00fclhetetlen \u00f3ri\u00e1snak sz\u00e1m\u00edt, \u00edgy viszonylag magas elv\u00e1r\u00e1sokkal bontottam ki a dobozk\u00e1t \u00e9s el\u0151re lel\u00f6v\u00f6m a po\u00e9nt: nem kellett csal\u00f3dnom. M\u00e1r a k\u00e9t f\u00fclest t\u00e1rol\u00f3, \u00fati t\u00f6lt\u0151k\u00e9nt is funkcion\u00e1l\u00f3 tokkal megvettek, az ugyanis az \u00e1ltalam eddig kipr\u00f3b\u00e1lt hasonl\u00f3 eszk\u00f6z\u00f6kkel ellent\u00e9tben nem unalmas m\u0171anyag, hanem eleg\u00e1ns sz\u00f6vetbor\u00edt\u00e1st kapott. Persze ez nem biztos, hogy a vil\u00e1g legpraktikusabb dolga, mivel val\u00f3sz\u00edn\u0171leg k\u00f6nnyebben koszol\u00f3dik, mint a m\u0171anyag tokok, de k\u00e9ts\u00e9gtelen, hogy nagyon j\u00f3l n\u00e9z ki, ha valakinek nem csak a funkci\u00f3, de a forma is sz\u00e1m\u00edt, im\u00e1dni fogja. A doboz belsej\u00e9ben apr\u00f3 m\u00e1gnesek gondoskodnak r\u00f3la, hogy a k\u00e9t f\u00fclhallgat\u00f3val ne kelljen sokat b\u00edbel\u0151dni, azok szinte magukt\u00f3l a hely\u00fckre kattannak \u00e9s stabilan ott is maradnak a k\u00f6vetkez\u0151 haszn\u00e1latig.\r\n\r\n<div id=\"attachment_9797\" style=\"width: 310px\" class=\"wp-caption alignleft\"><img loading=\"lazy\" decoding=\"async\" aria-describedby=\"caption-attachment-9797\" class=\"size-medium wp-image-9797\" src=\"https:\/\/hir.mediamarkt.hu\/magazin\/wp-content\/uploads\/2019\/11\/sennheiser1-300x152.png\" alt=\"\" width=\"300\" height=\"152\" srcset=\"https:\/\/hir.mediamarkt.hu\/magazin\/wp-content\/uploads\/2019\/11\/sennheiser1-300x152.png 300w, https:\/\/hir.mediamarkt.hu\/magazin\/wp-content\/uploads\/2019\/11\/sennheiser1-275x140.png 275w, https:\/\/hir.mediamarkt.hu\/magazin\/wp-content\/uploads\/2019\/11\/sennheiser1-768x390.png 768w, https:\/\/hir.mediamarkt.hu\/magazin\/wp-content\/uploads\/2019\/11\/sennheiser1-1024x520.png 1024w, https:\/\/hir.mediamarkt.hu\/magazin\/wp-content\/uploads\/2019\/11\/sennheiser1.png 1515w\" sizes=\"(max-width: 300px) 100vw, 300px\" \/><p id=\"caption-attachment-9797\" class=\"wp-caption-text\">A Sennheiser Momentum TW f\u00fclhallgat\u00f3t letisztult, eleg\u00e1ns megjelen\u00e9s jellemzi<\/p><\/div>\r\n\r\nA k\u00e9t f\u00fcles Bluetooth 5.0 kapcsolaton kereszt\u00fcl t\u00f6rt\u00e9n\u0151 p\u00e1ros\u00edt\u00e1sa pofonegyszer\u0171 \u00e9s vill\u00e1mgyors, ha pedig ki\u00e9p\u00fclt a kapcsolat, akkor stabilan meg is marad, egyszer sem szakadt meg, illetve k\u00e9s\u0151bbi haszn\u00e1latkor is mire a f\u00fclembe raktam a k\u00e9t kis eszk\u00f6zt, m\u00e1r meg is tal\u00e1lta a telefonomat vagy a laptopomat. A vez\u00e9rl\u00e9ssel sincs sok dolga az embernek: el\u00e9g a k\u00e9t Sennheiser-log\u00f3val ell\u00e1tott f\u00e9mfel\u00fcletet p\u00e1r m\u00e1sodpercre meg\u00e9rinteni \u00e9s m\u00e1r be is kapcsoltuk a f\u00fcleseket. Kikapcsolni nem kell, ez automatikusan megt\u00f6rt\u00e9nik, ha visszahelyezz\u00fck \u0151ket az USB-C csatlakoz\u00e1ssal ell\u00e1tott t\u00f6lt\u0151tokba.\r\n<h2>A Momentum True Wireless f\u00fclhallgat\u00f3 kiv\u00e1l\u00f3an sz\u00f3l<\/h2>\r\nA k\u00fclcs\u00edn ut\u00e1n k\u00f6vetkezz\u00e9k a belbecs, amivel szint\u00e9n nem fukarkodott a Sennheiser. A Momentum TW f\u00fcleseken pici, sz\u00ednes LED-ek t\u00e1j\u00e9koztatj\u00e1k a felhaszn\u00e1l\u00f3t a t\u00f6lt\u00f6tts\u00e9gi \u00e1llapotr\u00f3l, itt l\u00e1that\u00f3, ha \u00e9pp keresik a Bluetooth-csatlakoz\u00e1st, vagy ha siker\u00fclt r\u00e1kapcsol\u00f3dni az \u00e1ltalunk kiv\u00e1lasztott eszk\u00f6zre. Egyszer\u0171 de \u00f6tletes megold\u00e1ssal mutatja az akkumul\u00e1torok t\u00f6lt\u00f6tts\u00e9g\u00e9t: a z\u00f6ld jelz\u00e9s 50 sz\u00e1zal\u00e9k feletti, a s\u00e1rga ez alatti t\u00f6lt\u00f6tts\u00e9gi szintet jelez, a piros sz\u00edn pedig arra utal, hogy hamarosan lemer\u00fcl az akksi. Egy t\u00f6lt\u00e9ssel egy\u00e9bk\u00e9nt k\u00f6r\u00fclbel\u00fcl n\u00e9gy \u00f3r\u00e1t b\u00edr, ami nagyj\u00e1b\u00f3l \u00e1tlagosnak tekinthet\u0151 ebben a kateg\u00f3ri\u00e1ban (igaz, jelent\u0151s kileng\u00e9sekkel, akad olyan konkurens, amely csak h\u00e1ro \u00f3r\u00e1t b\u00edr, m\u00edg a pr\u00e9mium kateg\u00f3ria tetej\u00e9n az \u00f6t \u00f3r\u00e1s m\u0171k\u00f6d\u00e9s is el\u0151fordul).\r\n\r\nHa lemer\u00fcl, el\u00e9g csak visszarakni a tokba &#8211; persze, ha a tokot el\u0151z\u0151leg felt\u00f6lt\u00f6tt\u00fck &#8211; az pedig egyb\u0151l neki\u00e1ll ell\u00e1tni a f\u00fclhallgat\u00f3kat energi\u00e1val, eg\u00e9szen pontosan k\u00e9t teljes t\u00f6lt\u00e9sre k\u00e9pes, egy &#8222;teli tank&#8221; nagyj\u00e1b\u00f3l m\u00e1sf\u00e9l \u00f3r\u00e1t vesz ig\u00e9nybe. A gyakorlat azonban azt mutatja, hogy sokkal ink\u00e1bb r\u00e1t\u00f6lteni fogunk a f\u00fclesekre, l\u00e9v\u00e9n, a haszn\u00e1lat ut\u00e1n elrakjuk a zseb\u00fcnkbe, majd a k\u00f6vetkez\u0151 alkalommal \u00fajra el\u0151kapjuk. A hardver mell\u00e9 egy\u00e9bk\u00e9nt szoftver is j\u00e1r: a Sennheiser Smart Control applik\u00e1ci\u00f3 seg\u00edts\u00e9g\u00e9vel mindig pontosan l\u00e1thatjuk, hogy h\u00e1ny sz\u00e1zal\u00e9kn\u00e1l j\u00e1runk, emellett a hangsz\u00ednt is \u00e1ll\u00edthatjuk (equalizer), illetve ak\u00e1r teljes \u00e9rt\u00e9k\u0171 zenelej\u00e1tsz\u00f3k\u00e9nt is haszn\u00e1lhatjuk az appot.\r\n\r\nA hangmin\u0151s\u00e9g egy\u00e9bk\u00e9nt eg\u00e9szen kiv\u00e1l\u00f3, ak\u00e1r zenehallgat\u00e1sr\u00f3l, ak\u00e1r telefonbesz\u00e9lget\u00e9sr\u0151l van sz\u00f3, ut\u00f3bbin\u00e1l az \u00fagynevezett &#8222;two-mic beamforming&#8221; technol\u00f3gia is hozz\u00e1j\u00e1rul, hogy a hangunk mindig tiszta \u00e9s \u00e9rthet\u0151 legyen. A basszus nem a legbik\u00e1bb benne, de ez csak annak fog felt\u0171nni, aki kifejezetten az intenz\u00edv basszusokb\u00f3l \u00e1ll\u00f3 zen\u00e9ket kedveli, ez azonban csak sz\u0151rsz\u00e1lhasogat\u00e1s, mert egy\u00e9bk\u00e9nt a Momentum TW-n a legt\u00f6bb st\u00edlus\u00fa zene kiv\u00e1l\u00f3an sz\u00f3lt. A videolej\u00e1tsz\u00e1s is pr\u00edm\u00e1n megy, a szinkron t\u00f6k\u00e9letes, nincs k\u00e9s\u00e9s.\r\n\r\n<div id=\"attachment_9798\" style=\"width: 310px\" class=\"wp-caption alignright\"><img loading=\"lazy\" decoding=\"async\" aria-describedby=\"caption-attachment-9798\" class=\"size-medium wp-image-9798\" src=\"https:\/\/hir.mediamarkt.hu\/magazin\/wp-content\/uploads\/2019\/11\/sennheiser2-300x148.png\" alt=\"\" width=\"300\" height=\"148\" srcset=\"https:\/\/hir.mediamarkt.hu\/magazin\/wp-content\/uploads\/2019\/11\/sennheiser2-300x148.png 300w, https:\/\/hir.mediamarkt.hu\/magazin\/wp-content\/uploads\/2019\/11\/sennheiser2-275x136.png 275w, https:\/\/hir.mediamarkt.hu\/magazin\/wp-content\/uploads\/2019\/11\/sennheiser2-768x380.png 768w, https:\/\/hir.mediamarkt.hu\/magazin\/wp-content\/uploads\/2019\/11\/sennheiser2-1024x506.png 1024w, https:\/\/hir.mediamarkt.hu\/magazin\/wp-content\/uploads\/2019\/11\/sennheiser2.png 1535w\" sizes=\"(max-width: 300px) 100vw, 300px\" \/><p id=\"caption-attachment-9798\" class=\"wp-caption-text\">A Sennheiser log\u00f3s tok t\u00f6lt\u0151k\u00e9nt is funkcion\u00e1l, az apr\u00f3 m\u00e1gnesek megk\u00f6nny\u00edtik a ki-, \u00e9s behelyez\u00e9st<\/p><\/div>\r\n\r\nB\u00e1r nem zajsz\u0171r\u0151s eszk\u00f6zr\u0151l van sz\u00f3, annak fizikai kialak\u00edt\u00e1sa miatt kev\u00e9s zaj sz\u0171r\u0151dik \u00e1t a k\u00fclvil\u00e1gb\u00f3l &#8211; ezt hangizol\u00e1ci\u00f3nak h\u00edvj\u00e1k &#8211; ezen seg\u00edt az \u00fagynevezett Transparent Hearing funkci\u00f3, amelyet a jobb f\u00fclhallgat\u00f3t k\u00e9tszer meg\u00e9rintve &#8211; vagy a m\u00e1r eml\u00edtett applik\u00e1ci\u00f3 megfelel\u0151 parancs\u00e1t haszn\u00e1lva &#8211; aktiv\u00e1lhatunk, ilyenkor t\u00f6bbet \u00e9rz\u00e9kel\u00fcnk majd a vil\u00e1g zajaib\u00f3l, ami k\u00f6zleked\u00e9s k\u00f6zben rendk\u00edv\u00fcl hasznos. A bal f\u00fcles fel\u00fclete egy\u00e9bk\u00e9nt a zenelej\u00e1tsz\u00e1st, illetve az el\u0151re-h\u00e1tra ugr\u00e1st teszi lehet\u0151v\u00e9, de a hanger\u0151 fokoz\u00e1s\u00e1t is megtehetj\u00fck hossz\u00fa \u00e9rint\u00e9ssel. A halk\u00edt\u00e1shoz ugyanezt kell tenn\u00fcnk a jobb oldali f\u00fclhallgat\u00f3val. A kedvenc funkci\u00f3m azonban tal\u00e1n az \u00fagynevezett Smart Pause volt, amely feleslegess\u00e9 teszi a gombok nyomokd\u00e1s\u00e1t, a zenelej\u00e1tsz\u00e1s ugyanis azonnal le\u00e1ll, ha az egyik f\u00fclhallgat\u00f3t elt\u00e1vol\u00edtjuk a f\u00fcl\u00fcnkb\u0151l, m\u00edg ha visszahelyezz\u00fck mindkett\u0151t, ugyanonnan folytat\u00f3dik a lej\u00e1tsz\u00e1s, ahol abbahagytuk.\r\n<h2>Azoknak is aj\u00e1nlott, akik nem szeretik az &#8222;agybadug\u00f3s&#8221; f\u00fclhallgat\u00f3t<\/h2>\r\nMagam sem kedvelem ezt a m\u0171fajt, mert sokszor k\u00e9nyelmetlen vagy kifejezetten kellemetlen a hall\u00f3j\u00e1ratba hatol\u00f3 m\u0171anyag \u00e9s\/vagy gumi \u00e9rz\u00e9se, a Sennheiser Momentum TW azonban a szab\u00e1lyt er\u0151s\u00edt\u0151 kiv\u00e9tel. Els\u0151 pillanatt\u00f3l \u00e9lm\u00e9ny volt a haszn\u00e1lata, k\u00f6nnyen \u00e9s k\u00e9nyelmesen tudtam a hely\u00e9re tenni, a f\u00fclben pedig jellemz\u0151en stabilan megmarad, ak\u00e1r lend\u00fcletesebb mozg\u00e1s eset\u00e9n is. J\u00f3, egy szigetk\u00f6rt val\u00f3sz\u00edn\u0171leg nem ezzel a legjobb lefutni, de azt sim\u00e1n kib\u00edrja, ha a buszmeg\u00e1ll\u00f3ig sprinteln\u00fcnk kell egyet-egyet.\r\n\r\n\u00d6sszess\u00e9g\u00e9ben a <strong>Sennheiser Momentum TW <\/strong>kiv\u00e1l\u00f3 v\u00e1laszt\u00e1s azoknak, akik:\r\n<ul>\r\n \t<li>olyan vezet\u00e9k n\u00e9lk\u00fcli (true wireless) f\u00fclhallgat\u00f3t keresnek, amely nem csak a hangmin\u0151s\u00e9g\u00e9ben de a <strong>megjelen\u00e9s\u00e9ben is extr\u00e1t tud ny\u00fajtani<\/strong><\/li>\r\n \t<li><strong>hossz\u00fa ideig haszn\u00e1lhat\u00f3<\/strong> eszk\u00f6zre v\u00e1gynak, amit csak ritk\u00e1n kell t\u00f6lteni<\/li>\r\n \t<li><strong>nem akarnak f\u00e1radozni<\/strong> a gombnyomogat\u00e1ssal, Bluetooth-keresg\u00e9l\u00e9ssel<\/li>\r\n \t<li>szeretik, ha egy <strong>ig\u00e9nyesen kidolgozott applik\u00e1ci\u00f3<\/strong> is j\u00e1r a hardverj\u00fck mell\u00e9<\/li>\r\n<\/ul>\r\nSz\u00e1mukra a Sennheiser Momentum TW-t aj\u00e1nljuk, 96 990 forintos \u00e1ron.\r\n\r\n<em>El\u0151ny\u00f6k:<\/em>\r\n<ul>\r\n \t<li>Pr\u00e9mium anyaghaszn\u00e1lat<\/li>\r\n \t<li>Eleg\u00e1ns megjelen\u00e9s<\/li>\r\n \t<li>Egyszer\u0171, sallangmentes felhaszn\u00e1l\u00f3i \u00e9lm\u00e9ny<\/li>\r\n \t<li>K\u00e9nyelmes, praktikus m\u0171k\u00f6d\u00e9s<\/li>\r\n<\/ul>\r\n<em>H\u00e1tr\u00e1nyok:<\/em>\r\n<ul>\r\n \t<li>A sz\u00f6vetbor\u00edt\u00e1s\u00fa tokot nehezebb tiszt\u00e1n tartani<\/li>\r\n \t<li>Kateg\u00f3ri\u00e1j\u00e1ban viszonylag dr\u00e1ga<\/li>\r\n<\/ul>\r\n<figure data-bordeaux-image-check=\"\"><\/figure>","protected":false},"excerpt":{"rendered":"Az idei \u00e9v k\u00e9ts\u00e9gtelen\u00fcl a vezet\u00e9k n\u00e9lk\u00fcli f\u00fclhallgat\u00f3k t\u00e9rh\u00f3d\u00edt\u00e1s\u00e1r\u00f3l sz\u00f3lt, \u00edgy aki most keres kar\u00e1csonyi aj\u00e1nd\u00e9kot, j\u00f3l teszi, ha k\u00f6r\u00fcln\u00e9z ezen a t\u00e9ren is, mivel ma m\u00e1r a kezdeti darabok ut\u00e1n meg\u00e9rkeztek a min\u0151s\u00e9gibb, s\u0151t, kifejezetten pr\u00e9mium kateg\u00f3ri\u00e1s modellek is. Az al\u00e1bbiakban is egy ilyet, eg\u00e9szen konkr\u00e9tan a Sennheiser Momentum TW f\u00fcles\u00e9t j\u00e1rom k\u00f6r\u00fcl. Az audio-eszk\u00f6z\u00f6k, els\u0151sorban a f\u00fclhallgat\u00f3k ter\u00e9n a n\u00e9met gy\u00e1rt\u00f3 megker\u00fclhetetlen \u00f3ri\u00e1snak sz\u00e1m\u00edt, \u00edgy viszonylag magas elv\u00e1r\u00e1sokkal bontottam ki a dobozk\u00e1t \u00e9s el\u0151re lel\u00f6v\u00f6m a po\u00e9nt: nem kellett csal\u00f3dnom. M\u00e1r a k\u00e9t f\u00fclest t\u00e1rol\u00f3, \u00fati t\u00f6lt\u0151k\u00e9nt is funkcion\u00e1l\u00f3 tokkal megvettek, az ugyanis az \u00e1ltalam eddig kipr\u00f3b\u00e1lt hasonl\u00f3 eszk\u00f6z\u00f6kkel ellent\u00e9tben nem unalmas m\u0171anyag, hanem eleg\u00e1ns sz\u00f6vetbor\u00edt\u00e1st kapott. Persze ez nem biztos, hogy a vil\u00e1g legpraktikusabb dolga, mivel val\u00f3sz\u00edn\u0171leg &#8230;","protected":false},"author":13,"featured_media":0,"comment_status":"open","ping_status":"open","sticky":false,"template":"","format":"image","meta":{"wprm-recipe-roundup-name":"","wprm-recipe-roundup-description":"","footnotes":""},"categories":[5948,5946],"tags":[],"yoast_head":"<!-- This site is optimized with the Yoast SEO plugin v22.9 - https:\/\/yoast.com\/wordpress\/plugins\/seo\/ -->\n<title>Sennheiser Momentum TW: a t\u00f6k\u00e9letes \u00fatit\u00e1rs - MediaMarkt Magazin<\/title>\n<meta name=\"robots\" content=\"index, follow, max-snippet:-1, max-image-preview:large, max-video-preview:-1\" \/>\n<link rel=\"canonical\" href=\"https:\/\/hir.mediamarkt.hu\/magazin\/sennheiser-momentum-tw-vezetek-nelkuli-fulhallgato-teszt-ar\/\" \/>\n<meta property=\"og:locale\" content=\"hu_HU\" \/>\n<meta property=\"og:type\" content=\"article\" \/>\n<meta property=\"og:title\" content=\"Sennheiser Momentum TW: a t\u00f6k\u00e9letes \u00fatit\u00e1rs - MediaMarkt Magazin\" \/>\n<meta property=\"og:description\" content=\"Az idei \u00e9v k\u00e9ts\u00e9gtelen\u00fcl a vezet\u00e9k n\u00e9lk\u00fcli f\u00fclhallgat\u00f3k t\u00e9rh\u00f3d\u00edt\u00e1s\u00e1r\u00f3l sz\u00f3lt, \u00edgy aki most keres kar\u00e1csonyi aj\u00e1nd\u00e9kot, j\u00f3l teszi, ha k\u00f6r\u00fcln\u00e9z ezen a t\u00e9ren is, mivel ma m\u00e1r a kezdeti darabok ut\u00e1n meg\u00e9rkeztek a min\u0151s\u00e9gibb, s\u0151t, kifejezetten pr\u00e9mium kateg\u00f3ri\u00e1s modellek is. Az al\u00e1bbiakban is egy ilyet, eg\u00e9szen konkr\u00e9tan a Sennheiser Momentum TW f\u00fcles\u00e9t j\u00e1rom k\u00f6r\u00fcl. Az audio-eszk\u00f6z\u00f6k, els\u0151sorban a f\u00fclhallgat\u00f3k ter\u00e9n a n\u00e9met gy\u00e1rt\u00f3 megker\u00fclhetetlen \u00f3ri\u00e1snak sz\u00e1m\u00edt, \u00edgy viszonylag magas elv\u00e1r\u00e1sokkal bontottam ki a dobozk\u00e1t \u00e9s el\u0151re lel\u00f6v\u00f6m a po\u00e9nt: nem kellett csal\u00f3dnom. M\u00e1r a k\u00e9t f\u00fclest t\u00e1rol\u00f3, \u00fati t\u00f6lt\u0151k\u00e9nt is funkcion\u00e1l\u00f3 tokkal megvettek, az ugyanis az \u00e1ltalam eddig kipr\u00f3b\u00e1lt hasonl\u00f3 eszk\u00f6z\u00f6kkel ellent\u00e9tben nem unalmas m\u0171anyag, hanem eleg\u00e1ns sz\u00f6vetbor\u00edt\u00e1st kapott. Persze ez nem biztos, hogy a vil\u00e1g legpraktikusabb dolga, mivel val\u00f3sz\u00edn\u0171leg ...\" \/>\n<meta property=\"og:url\" content=\"https:\/\/hir.mediamarkt.hu\/magazin\/sennheiser-momentum-tw-vezetek-nelkuli-fulhallgato-teszt-ar\/\" \/>\n<meta property=\"og:site_name\" content=\"MediaMarkt Magazin\" \/>\n<meta property=\"article:publisher\" content=\"https:\/\/www.facebook.com\/MediaMarktMagyarorszag\" \/>\n<meta property=\"article:published_time\" content=\"2019-12-05T14:57:45+00:00\" \/>\n<meta property=\"og:image\" content=\"https:\/\/hir.mediamarkt.hu\/magazin\/wp-content\/uploads\/2019\/11\/sennheiser1-300x152.png\" \/>\n<meta name=\"author\" content=\"Media Markt\" \/>\n<meta name=\"twitter:label1\" content=\"Szerz\u0151:\" \/>\n\t<meta name=\"twitter:data1\" content=\"Media Markt\" \/>\n\t<meta name=\"twitter:label2\" content=\"Becs\u00fclt olvas\u00e1si id\u0151\" \/>\n\t<meta name=\"twitter:data2\" content=\"7 perc\" \/>\n<script type=\"application\/ld+json\" class=\"yoast-schema-graph\">{\"@context\":\"https:\/\/schema.org\",\"@graph\":[{\"@type\":\"WebPage\",\"@id\":\"https:\/\/hir.mediamarkt.hu\/magazin\/sennheiser-momentum-tw-vezetek-nelkuli-fulhallgato-teszt-ar\/\",\"url\":\"https:\/\/hir.mediamarkt.hu\/magazin\/sennheiser-momentum-tw-vezetek-nelkuli-fulhallgato-teszt-ar\/\",\"name\":\"Sennheiser Momentum TW: a t\u00f6k\u00e9letes \u00fatit\u00e1rs - MediaMarkt Magazin\",\"isPartOf\":{\"@id\":\"https:\/\/hir.mediamarkt.hu\/magazin\/#website\"},\"primaryImageOfPage\":{\"@id\":\"https:\/\/hir.mediamarkt.hu\/magazin\/sennheiser-momentum-tw-vezetek-nelkuli-fulhallgato-teszt-ar\/#primaryimage\"},\"image\":{\"@id\":\"https:\/\/hir.mediamarkt.hu\/magazin\/sennheiser-momentum-tw-vezetek-nelkuli-fulhallgato-teszt-ar\/#primaryimage\"},\"thumbnailUrl\":\"https:\/\/hir.mediamarkt.hu\/magazin\/wp-content\/uploads\/2019\/11\/sennheiser1-300x152.png\",\"datePublished\":\"2019-12-05T14:57:45+00:00\",\"dateModified\":\"2019-12-05T14:57:45+00:00\",\"author\":{\"@id\":\"https:\/\/hir.mediamarkt.hu\/magazin\/#\/schema\/person\/b93b02ec1ab4d2353f8d281e171c1b0b\"},\"breadcrumb\":{\"@id\":\"https:\/\/hir.mediamarkt.hu\/magazin\/sennheiser-momentum-tw-vezetek-nelkuli-fulhallgato-teszt-ar\/#breadcrumb\"},\"inLanguage\":\"hu\",\"potentialAction\":[{\"@type\":\"ReadAction\",\"target\":[\"https:\/\/hir.mediamarkt.hu\/magazin\/sennheiser-momentum-tw-vezetek-nelkuli-fulhallgato-teszt-ar\/\"]}]},{\"@type\":\"ImageObject\",\"inLanguage\":\"hu\",\"@id\":\"https:\/\/hir.mediamarkt.hu\/magazin\/sennheiser-momentum-tw-vezetek-nelkuli-fulhallgato-teszt-ar\/#primaryimage\",\"url\":\"https:\/\/hir.mediamarkt.hu\/magazin\/wp-content\/uploads\/2019\/11\/sennheiser1.png\",\"contentUrl\":\"https:\/\/hir.mediamarkt.hu\/magazin\/wp-content\/uploads\/2019\/11\/sennheiser1.png\",\"width\":1515,\"height\":769,\"caption\":\"A Sennheiser Momentum TW f\u00fclhallgat\u00f3t letisztult, eleg\u00e1ns megjelen\u00e9s jellemzi\"},{\"@type\":\"BreadcrumbList\",\"@id\":\"https:\/\/hir.mediamarkt.hu\/magazin\/sennheiser-momentum-tw-vezetek-nelkuli-fulhallgato-teszt-ar\/#breadcrumb\",\"itemListElement\":[{\"@type\":\"ListItem\",\"position\":1,\"name\":\"Kezd\u0151lap\",\"item\":\"https:\/\/hir.mediamarkt.hu\/magazin\/\"},{\"@type\":\"ListItem\",\"position\":2,\"name\":\"Sennheiser Momentum TW: a t\u00f6k\u00e9letes \u00fatit\u00e1rs\"}]},{\"@type\":\"WebSite\",\"@id\":\"https:\/\/hir.mediamarkt.hu\/magazin\/#website\",\"url\":\"https:\/\/hir.mediamarkt.hu\/magazin\/\",\"name\":\"MediaMarkt Magazin\",\"description\":\"Olvass bele magazinunkba!\",\"potentialAction\":[{\"@type\":\"SearchAction\",\"target\":{\"@type\":\"EntryPoint\",\"urlTemplate\":\"https:\/\/hir.mediamarkt.hu\/magazin\/?s={search_term_string}\"},\"query-input\":\"required name=search_term_string\"}],\"inLanguage\":\"hu\"},{\"@type\":\"Person\",\"@id\":\"https:\/\/hir.mediamarkt.hu\/magazin\/#\/schema\/person\/b93b02ec1ab4d2353f8d281e171c1b0b\",\"name\":\"Media Markt\",\"image\":{\"@type\":\"ImageObject\",\"inLanguage\":\"hu\",\"@id\":\"https:\/\/hir.mediamarkt.hu\/magazin\/#\/schema\/person\/image\/\",\"url\":\"https:\/\/secure.gravatar.com\/avatar\/602bccae8998beee472d01909f0978f1?s=96&d=mm&r=g\",\"contentUrl\":\"https:\/\/secure.gravatar.com\/avatar\/602bccae8998beee472d01909f0978f1?s=96&d=mm&r=g\",\"caption\":\"Media Markt\"}}]}<\/script>\n<!-- \/ Yoast SEO plugin. -->","yoast_head_json":{"title":"Sennheiser Momentum TW: a t\u00f6k\u00e9letes \u00fatit\u00e1rs - MediaMarkt Magazin","robots":{"index":"index","follow":"follow","max-snippet":"max-snippet:-1","max-image-preview":"max-image-preview:large","max-video-preview":"max-video-preview:-1"},"canonical":"https:\/\/hir.mediamarkt.hu\/magazin\/sennheiser-momentum-tw-vezetek-nelkuli-fulhallgato-teszt-ar\/","og_locale":"hu_HU","og_type":"article","og_title":"Sennheiser Momentum TW: a t\u00f6k\u00e9letes \u00fatit\u00e1rs - MediaMarkt Magazin","og_description":"Az idei \u00e9v k\u00e9ts\u00e9gtelen\u00fcl a vezet\u00e9k n\u00e9lk\u00fcli f\u00fclhallgat\u00f3k t\u00e9rh\u00f3d\u00edt\u00e1s\u00e1r\u00f3l sz\u00f3lt, \u00edgy aki most keres kar\u00e1csonyi aj\u00e1nd\u00e9kot, j\u00f3l teszi, ha k\u00f6r\u00fcln\u00e9z ezen a t\u00e9ren is, mivel ma m\u00e1r a kezdeti darabok ut\u00e1n meg\u00e9rkeztek a min\u0151s\u00e9gibb, s\u0151t, kifejezetten pr\u00e9mium kateg\u00f3ri\u00e1s modellek is. Az al\u00e1bbiakban is egy ilyet, eg\u00e9szen konkr\u00e9tan a Sennheiser Momentum TW f\u00fcles\u00e9t j\u00e1rom k\u00f6r\u00fcl. Az audio-eszk\u00f6z\u00f6k, els\u0151sorban a f\u00fclhallgat\u00f3k ter\u00e9n a n\u00e9met gy\u00e1rt\u00f3 megker\u00fclhetetlen \u00f3ri\u00e1snak sz\u00e1m\u00edt, \u00edgy viszonylag magas elv\u00e1r\u00e1sokkal bontottam ki a dobozk\u00e1t \u00e9s el\u0151re lel\u00f6v\u00f6m a po\u00e9nt: nem kellett csal\u00f3dnom. M\u00e1r a k\u00e9t f\u00fclest t\u00e1rol\u00f3, \u00fati t\u00f6lt\u0151k\u00e9nt is funkcion\u00e1l\u00f3 tokkal megvettek, az ugyanis az \u00e1ltalam eddig kipr\u00f3b\u00e1lt hasonl\u00f3 eszk\u00f6z\u00f6kkel ellent\u00e9tben nem unalmas m\u0171anyag, hanem eleg\u00e1ns sz\u00f6vetbor\u00edt\u00e1st kapott. Persze ez nem biztos, hogy a vil\u00e1g legpraktikusabb dolga, mivel val\u00f3sz\u00edn\u0171leg ...","og_url":"https:\/\/hir.mediamarkt.hu\/magazin\/sennheiser-momentum-tw-vezetek-nelkuli-fulhallgato-teszt-ar\/","og_site_name":"MediaMarkt Magazin","article_publisher":"https:\/\/www.facebook.com\/MediaMarktMagyarorszag","article_published_time":"2019-12-05T14:57:45+00:00","og_image":[{"url":"https:\/\/hir.mediamarkt.hu\/magazin\/wp-content\/uploads\/2019\/11\/sennheiser1-300x152.png"}],"author":"Media Markt","twitter_misc":{"Szerz\u0151:":"Media Markt","Becs\u00fclt olvas\u00e1si id\u0151":"7 perc"},"schema":{"@context":"https:\/\/schema.org","@graph":[{"@type":"WebPage","@id":"https:\/\/hir.mediamarkt.hu\/magazin\/sennheiser-momentum-tw-vezetek-nelkuli-fulhallgato-teszt-ar\/","url":"https:\/\/hir.mediamarkt.hu\/magazin\/sennheiser-momentum-tw-vezetek-nelkuli-fulhallgato-teszt-ar\/","name":"Sennheiser Momentum TW: a t\u00f6k\u00e9letes \u00fatit\u00e1rs - MediaMarkt Magazin","isPartOf":{"@id":"https:\/\/hir.mediamarkt.hu\/magazin\/#website"},"primaryImageOfPage":{"@id":"https:\/\/hir.mediamarkt.hu\/magazin\/sennheiser-momentum-tw-vezetek-nelkuli-fulhallgato-teszt-ar\/#primaryimage"},"image":{"@id":"https:\/\/hir.mediamarkt.hu\/magazin\/sennheiser-momentum-tw-vezetek-nelkuli-fulhallgato-teszt-ar\/#primaryimage"},"thumbnailUrl":"https:\/\/hir.mediamarkt.hu\/magazin\/wp-content\/uploads\/2019\/11\/sennheiser1-300x152.png","datePublished":"2019-12-05T14:57:45+00:00","dateModified":"2019-12-05T14:57:45+00:00","author":{"@id":"https:\/\/hir.mediamarkt.hu\/magazin\/#\/schema\/person\/b93b02ec1ab4d2353f8d281e171c1b0b"},"breadcrumb":{"@id":"https:\/\/hir.mediamarkt.hu\/magazin\/sennheiser-momentum-tw-vezetek-nelkuli-fulhallgato-teszt-ar\/#breadcrumb"},"inLanguage":"hu","potentialAction":[{"@type":"ReadAction","target":["https:\/\/hir.mediamarkt.hu\/magazin\/sennheiser-momentum-tw-vezetek-nelkuli-fulhallgato-teszt-ar\/"]}]},{"@type":"ImageObject","inLanguage":"hu","@id":"https:\/\/hir.mediamarkt.hu\/magazin\/sennheiser-momentum-tw-vezetek-nelkuli-fulhallgato-teszt-ar\/#primaryimage","url":"https:\/\/hir.mediamarkt.hu\/magazin\/wp-content\/uploads\/2019\/11\/sennheiser1.png","contentUrl":"https:\/\/hir.mediamarkt.hu\/magazin\/wp-content\/uploads\/2019\/11\/sennheiser1.png","width":1515,"height":769,"caption":"A Sennheiser Momentum TW f\u00fclhallgat\u00f3t letisztult, eleg\u00e1ns megjelen\u00e9s jellemzi"},{"@type":"BreadcrumbList","@id":"https:\/\/hir.mediamarkt.hu\/magazin\/sennheiser-momentum-tw-vezetek-nelkuli-fulhallgato-teszt-ar\/#breadcrumb","itemListElement":[{"@type":"ListItem","position":1,"name":"Kezd\u0151lap","item":"https:\/\/hir.mediamarkt.hu\/magazin\/"},{"@type":"ListItem","position":2,"name":"Sennheiser Momentum TW: a t\u00f6k\u00e9letes \u00fatit\u00e1rs"}]},{"@type":"WebSite","@id":"https:\/\/hir.mediamarkt.hu\/magazin\/#website","url":"https:\/\/hir.mediamarkt.hu\/magazin\/","name":"MediaMarkt Magazin","description":"Olvass bele magazinunkba!","potentialAction":[{"@type":"SearchAction","target":{"@type":"EntryPoint","urlTemplate":"https:\/\/hir.mediamarkt.hu\/magazin\/?s={search_term_string}"},"query-input":"required name=search_term_string"}],"inLanguage":"hu"},{"@type":"Person","@id":"https:\/\/hir.mediamarkt.hu\/magazin\/#\/schema\/person\/b93b02ec1ab4d2353f8d281e171c1b0b","name":"Media Markt","image":{"@type":"ImageObject","inLanguage":"hu","@id":"https:\/\/hir.mediamarkt.hu\/magazin\/#\/schema\/person\/image\/","url":"https:\/\/secure.gravatar.com\/avatar\/602bccae8998beee472d01909f0978f1?s=96&d=mm&r=g","contentUrl":"https:\/\/secure.gravatar.com\/avatar\/602bccae8998beee472d01909f0978f1?s=96&d=mm&r=g","caption":"Media Markt"}}]}},"_links":{"self":[{"href":"https:\/\/hir.mediamarkt.hu\/magazin\/wp-json\/wp\/v2\/posts\/9794"}],"collection":[{"href":"https:\/\/hir.mediamarkt.hu\/magazin\/wp-json\/wp\/v2\/posts"}],"about":[{"href":"https:\/\/hir.mediamarkt.hu\/magazin\/wp-json\/wp\/v2\/types\/post"}],"author":[{"embeddable":true,"href":"https:\/\/hir.mediamarkt.hu\/magazin\/wp-json\/wp\/v2\/users\/13"}],"replies":[{"embeddable":true,"href":"https:\/\/hir.mediamarkt.hu\/magazin\/wp-json\/wp\/v2\/comments?post=9794"}],"version-history":[{"count":3,"href":"https:\/\/hir.mediamarkt.hu\/magazin\/wp-json\/wp\/v2\/posts\/9794\/revisions"}],"predecessor-version":[{"id":9799,"href":"https:\/\/hir.mediamarkt.hu\/magazin\/wp-json\/wp\/v2\/posts\/9794\/revisions\/9799"}],"wp:attachment":[{"href":"https:\/\/hir.mediamarkt.hu\/magazin\/wp-json\/wp\/v2\/media?parent=9794"}],"wp:term":[{"taxonomy":"category","embeddable":true,"href":"https:\/\/hir.mediamarkt.hu\/magazin\/wp-json\/wp\/v2\/categories?post=9794"},{"taxonomy":"post_tag","embeddable":true,"href":"https:\/\/hir.mediamarkt.hu\/magazin\/wp-json\/wp\/v2\/tags?post=9794"}],"curies":[{"name":"wp","href":"https:\/\/api.w.org\/{rel}","templated":true}]}}