{"id":9872,"date":"2019-12-17T12:59:59","date_gmt":"2019-12-17T11:59:59","guid":{"rendered":"http:\/\/hir.mediamarkt.hu\/magazin\/?p=9872"},"modified":"2019-12-20T14:45:44","modified_gmt":"2019-12-20T13:45:44","slug":"huawei-watch-gt-2-teszt","status":"publish","type":"post","link":"https:\/\/hir.mediamarkt.hu\/magazin\/huawei-watch-gt-2-teszt\/","title":{"rendered":"Ilyen men\u0151nek m\u00e9g sosem \u00e9reztem magam izzad\u00e1s k\u00f6zben \u2013 Huawei Watch GT 2 teszt"},"content":{"rendered":"Van egy k\u00f6zkelet\u0171 t\u00e9ved\u00e9s, amely a mai napig makacsul tartja mag\u00e1t az emberek fej\u00e9ben: hogy egy kar\u00f3ra els\u0151dleges feladata az, hogy mutassa az id\u0151t. Nem. Egy kar\u00f3ra els\u0151dleges dolga, hogy sz\u00e9p legyen. \u00cdgy volt ez az okostelefonok el\u0151tti korban is, amikor m\u00e9g t\u00e9nyleg fontos volt, hogy mutassa az id\u0151t, de enn\u00e9l sokkal fontosabb volt az eszt\u00e9tika, a m\u0171gond \u00e9s a fashion statement, amit hordozott. Lesz\u00e1m\u00edtva tal\u00e1n a sportol\u00f3knak \u00e9s a felfedez\u0151knek sz\u00e1nt modelleket, b\u00e1r v\u00e9g\u00fcl ezek is be\u00e9p\u00fcltek az \u00f3rak\u00e1nonba, mint men\u0151 \u00e9s gy\u00f6ny\u00f6r\u0171 darabok.\r\n\r\nA l\u00e9nyeg az, ak\u00e1rmennyi funkci\u00f3t is zs\u00fafolnak bele, ak\u00e1rmilyen anyagokb\u00f3l is rakj\u00e1k \u00f6ssze \u00e9s ak\u00e1rmekkora technol\u00f3giai innov\u00e1ci\u00f3k\u00e9nt is rekl\u00e1mozz\u00e1k, egy \u00f3ra egyszer\u0171en nem teheti meg, hogy cs\u00fanya legyen, vagy, ha m\u00e9gis, akkor a fentiekt\u0151l f\u00fcggetlen\u00fcl buk\u00e1sra van \u00edt\u00e9lve. Hatalmas megk\u00f6nnyebb\u00fcl\u00e9s teh\u00e1t, hogy n\u00e9mi kezdeti t\u00e9velyg\u00e9s \u00e9s k\u00eds\u00e9rletez\u00e9s ut\u00e1n az okos\u00f3r\u00e1k piac\u00e1n is egy\u00e9rtelm\u0171 lett ez. \u00cdgy, 2019 v\u00e9g\u00e9n kimondhatjuk: az igazi okos\u00f3ra kifinomult, letisztult, egyszerre diszkr\u00e9t \u00e9s tekint\u00e9lyt parancsol\u00f3 \u2013 p\u00e9ld\u00e1ul az\u00e9rt, mert hasonl\u00edt a hagyom\u00e1nyos, anal\u00f3g \u00f3r\u00e1kra. A Huawei tervez\u0151i szerencs\u00e9re el\u00e9g kor\u00e1n r\u00e1j\u00f6ttek erre, ez\u00e9rt lett a Watch GT a vil\u00e1g egyik legn\u00e9pszer\u0171bb modellje. Ehhez persze az is kellett, hogy csak maga az eszk\u00f6z n\u00e9zzen ki \u00e9s viselkedjen pr\u00e9mium kateg\u00f3ri\u00e1s term\u00e9kk\u00e9nt, az \u00e1ra ne.\r\n\r\nAmikor meg\u00e9rkeznek az els\u0151 h\u00edrek b\u00e1rmely elektronikai term\u00e9k ut\u00f3dj\u00e1r\u00f3l, az ember r\u00f6gt\u00f6n arra k\u00edv\u00e1ncsi, hogyan akarj\u00e1k \u00e9s tudj\u00e1k fel\u00fclm\u00falni az el\u0151d\u00f6t, kijav\u00edtj\u00e1k-e a hib\u00e1kat \u00e9s \u2013 cs\u00fany\u00e1n fogalmazva \u2013 mit tudnak m\u00e9g kital\u00e1lni. A Huawei-okos\u00f3ra eset\u00e9ben viszont az volt az els\u0151 gondolatom, hogy \u201e\u00faristen, rem\u00e9lem, nem v\u00e1ltoztatnak rajta t\u00falzottan\u201d. Nos, a doboz v\u00e9g\u00fcl meg\u00e9rkezett, egy boldog hetet t\u00f6lt\u00f6tt\u00fcnk egy\u00fctt a tartalm\u00e1val \u00e9s \u00f6r\u00f6mmel jelenthetem: \u00edgy lett. A GT 2 jobb, gyorsabb, \u00e9s, ha lehet, m\u00e9g szebb.\r\n\r\n<img loading=\"lazy\" decoding=\"async\" class=\"alignnone size-full wp-image-9875\" src=\"https:\/\/hir.mediamarkt.hu\/magazin\/wp-content\/uploads\/2019\/12\/DSC_0523.jpg\" alt=\"\" width=\"2000\" height=\"1333\" srcset=\"https:\/\/hir.mediamarkt.hu\/magazin\/wp-content\/uploads\/2019\/12\/DSC_0523.jpg 1440w, https:\/\/hir.mediamarkt.hu\/magazin\/wp-content\/uploads\/2019\/12\/DSC_0523-275x183.jpg 275w, https:\/\/hir.mediamarkt.hu\/magazin\/wp-content\/uploads\/2019\/12\/DSC_0523-300x200.jpg 300w, https:\/\/hir.mediamarkt.hu\/magazin\/wp-content\/uploads\/2019\/12\/DSC_0523-768x512.jpg 768w, https:\/\/hir.mediamarkt.hu\/magazin\/wp-content\/uploads\/2019\/12\/DSC_0523-1024x682.jpg 1024w\" sizes=\"(max-width: 2000px) 100vw, 2000px\" \/>\r\n\r\nAkinek volt a kez\u00e9ben az els\u0151 sz\u00e9ria b\u00e1rmely darabja, annak ennyi el\u00e9g is, hogy beszerezze ezt. A t\u00f6bbiek kedv\u00e9\u00e9rt viszont jobb, ha r\u00e9szletezz\u00fck.\r\n\r\nAz els\u0151 k\u00e9t sz\u00f3, amely kik\u00edv\u00e1nkozott, ahogy kibontottam:\r\n<ul>\r\n \t<li>gy\u00f6ny\u00f6r\u0171;<\/li>\r\n \t<li>hatalmas.<\/li>\r\n<\/ul>\r\nA Watch GT 2 m\u00e9g el\u0151dj\u00e9n\u00e9l is szebb: a n\u00e1lam landolt modell a lehet\u0151 legeleg\u00e1nsabb, fekete tokba b\u00fajtatott v\u00e1ltozat, legfeljebb a fekete gumisz\u00edj utal arra, hogy m\u00e9giscsak sportol\u00e1sra sz\u00e1nj\u00e1k az eszk\u00f6zt. Ett\u0151l f\u00fcggetlen\u00fcl mindenkinek javaslom a barna b\u0151rsz\u00edjjal \u00e9s fekete-ez\u00fcst tokkal ell\u00e1tott modellt: az konkr\u00e9tan a legszebb (okos)\u00f3ra a piacon. A sz\u00edj szerencs\u00e9re egy mozdulattal cser\u00e9lhet\u0151, nem kell hozz\u00e1 \u00f3ram\u0171ves eszk\u00f6zpark \u00e9s szak\u00e9rt\u0151i seg\u00edts\u00e9g.\r\n\r\nA sz\u00e1mlap karim\u00e1ja t\u00f6k\u00e9letesen grav\u00edrozott, sz\u00e1mozott, oldalt pedig k\u00e9t funkci\u00f3gomb foglal helyet, meg sem pr\u00f3b\u00e1lt\u00e1k elrejteni \u0151ket, ett\u0151l v\u00e9gk\u00e9pp kronom\u00e9terszer\u0171 lesz a GT 2. A rossz h\u00edr, hogy a technol\u00f3gia fejl\u0151d\u00e9s\u00e9vel, \u00fagy t\u0171nik, nem cs\u00f6kken az okos\u00f3r\u00e1k m\u00e9rete \u00e9s k\u00f6nnyebbek sem lesznek: az \u00e1tm\u00e9r\u0151je 46 millim\u00e9teres, nagyj\u00e1b\u00f3l olyan vastag, mint egy mechanikus anal\u00f3g \u00f3ra \u00e9s 41 grammj\u00e1val ugyan hozza az okos\u00f3ra-\u00e1tlagot, de aki m\u00e9g nem viselt ilyesmit, annak az\u00e9rt meg kell bar\u00e1tkoznia azzal, hogy ez bizony nem egy k\u00f6nny\u0171, klasszikus, 38-40 millim\u00e9teres kis kvarcszerkezet. A GT 2 bizony egy \u00e1tlagos f\u00e9rficsukl\u00f3t is teljesen beter\u00edt. Ez persze csak az els\u0151 egy-k\u00e9t nap lehet zavar\u00f3, m\u00e9g az olyan megr\u00f6gz\u00f6tt \u00f3rasznoboknak is, mint e sorok \u00edr\u00f3ja, ut\u00e1na mindent feledtet az, hogy milyen sz\u00e9p \u00e9s \u2013 ideje r\u00e1t\u00e9rni erre is \u2013 hogy mennyit tud.\r\n\r\n<img loading=\"lazy\" decoding=\"async\" class=\"alignnone wp-image-9879 size-full\" src=\"https:\/\/hir.mediamarkt.hu\/magazin\/wp-content\/uploads\/2019\/12\/IMG_20191214_134335.jpg\" alt=\"\" width=\"3648\" height=\"2736\" srcset=\"https:\/\/hir.mediamarkt.hu\/magazin\/wp-content\/uploads\/2019\/12\/IMG_20191214_134335.jpg 1440w, https:\/\/hir.mediamarkt.hu\/magazin\/wp-content\/uploads\/2019\/12\/IMG_20191214_134335-275x206.jpg 275w, https:\/\/hir.mediamarkt.hu\/magazin\/wp-content\/uploads\/2019\/12\/IMG_20191214_134335-300x225.jpg 300w, https:\/\/hir.mediamarkt.hu\/magazin\/wp-content\/uploads\/2019\/12\/IMG_20191214_134335-768x576.jpg 768w, https:\/\/hir.mediamarkt.hu\/magazin\/wp-content\/uploads\/2019\/12\/IMG_20191214_134335-1024x768.jpg 1024w, https:\/\/hir.mediamarkt.hu\/magazin\/wp-content\/uploads\/2019\/12\/IMG_20191214_134335-500x375.jpg 500w\" sizes=\"(max-width: 3648px) 100vw, 3648px\" \/>\r\n\r\nA dobozt kibontva tov\u00e1bbi kellemes meglepet\u00e9s az USB-C k\u00e1bel \u00e9s a k\u00e9nyelmes, m\u00e1gneses t\u00f6lt\u0151, erre ugrik r\u00e1 az \u00f3ra, nem kell sem k\u00f6zvetlen\u00fcl a k\u00e1bellel bajl\u00f3dni, sem mindenf\u00e9le m\u0171anyag p\u00f6ck\u00f6k k\u00f6z\u00e9 beer\u0151ltetni \u2013 ez ut\u00f3bbi k\u00e9sz r\u00e9m\u00e1lom az okos\u00f3r\u00e1s t\u00e1rsadalom szerencs\u00e9tlenebbik fel\u00e9nek. Aki egy kicsit is k\u00e9pben van, az tudja, hogy ez m\u00e1r csak az\u00e9rt is fontos szempont, mert ezeket az \u00f3r\u00e1kat naponta, j\u00f3 esetben k\u00e9tnaponta kell t\u00f6lteni, a nagyon tr\u00fckk\u00f6s, energiahat\u00e9kony modelleket 4-5 naponta. \u00c9ppen ez\u00e9rt fogadtam szkeptikusan, amikor a Huawei bejelentette, hogy a GT 2 bizony k\u00e9t h\u00e9tig is \u00fczemel majd. Felesleges volt (m\u00e1rmint a szkepticizmus): az \u00f3r\u00e1t egyszer t\u00f6lt\u00f6ttem, \u00e9s most, egy h\u00e9t \u00e1tlagos-intenz\u00edv haszn\u00e1lat ut\u00e1n 42 sz\u00e1zal\u00e9kon \u00e1ll. Ha nem hordom, de be van kapcsolva, semmit sem fogyaszt, ha hordom, akkor diszkr\u00e9ten, \u00e9szrev\u00e9tlen\u00fcl, \u00e1m hat\u00e9konyan monitoroz mindent. Na j\u00f3, az \u00e9szrev\u00e9tlen\u00fcl t\u00falz\u00e1s: amikor fennhangon (mert be\u00e9p\u00edtett hagsz\u00f3r\u00f3ja is van) elkezdte r\u00e9szletezni a zs\u00fafolt hetes buszon, hogy h\u00e1ny kal\u00f3ri\u00e1t \u00e9gettem aznap, \u00e9s mennyi a pulzusom, sok-sok furcs\u00e1ll\u00f3 tekintetet kaptam. De legal\u00e1bb mindenki megtudta, milyen fitt vagyok, \u00e9s a testem k\u00e9szen \u00e1ll a v\u00e9gtelen mennyis\u00e9g\u0171 bejglire.\r\n\r\nEl\u0151reszaladtam, hiszen a k\u00e9perny\u0151r\u0151l m\u00e9g sz\u00f3 sem esett. 1,39 collos, 454-szer 454 pixeles AMOLED panel b\u00fajuk meg a karc\u00e1ll\u00f3 \u00fcveg alatt, az ilyen kijelz\u0151 pedig t\u00e9nyleg k\u00e9pes egy nap alatt lemer\u00edteni az okos\u00f3r\u00e1kat, ez\u00e9rt is hatalmas tisztelet a HUAWEI m\u00e9rn\u00f6keinek a k\u00e9t hetes \u00fczemid\u0151\u00e9rt. Az AMOLED annyit tesz, hogy t\u00f6k\u00e9letesek a sz\u00ednek \u00e9s a kontraszt, a f\u00e9nyer\u0151 pedig m\u00e9g a t\u0171z\u0151 napon sem hagy cserben, a felbont\u00e1s pedig annyit, hogy m\u00e9g k\u00f6zelr\u0151l is k\u00e9ptelen k\u00fcl\u00f6nbs\u00e9get tenni az egyes pixelek k\u00f6z\u00f6tt az emberi szem, az \u00f6sszhat\u00e1s teh\u00e1t t\u00f6k\u00e9letes. Term\u00e9szetesen sz\u00f3 sincs a k\u00e9perny\u0151 alj\u00e1n megb\u00fav\u00f3 \u201elev\u00e1g\u00e1snak\u201d, amely sok okos\u00f3ra \u00f6sszhat\u00e1s\u00e1t elrontja (ezt h\u00edvj\u00e1k a tesztel\u0151k \u00e9rz\u00e9kletesen laposgumi-hat\u00e1snak), a k\u00e9p kerek, ahogy annak 2019-ben lennie kell. Az alv\u00f3 k\u00e9perny\u0151 gombnyom\u00e1sra, vagy egy hat\u00e1rozott (egy kicsit tal\u00e1n t\u00fal hat\u00e1rozott \u2013 lehetne \u00e9rz\u00e9kenyebb is) csukl\u00f3mozdulatra \u00e9bred fel. A j\u00f3 h\u00edr, hogy van \u201ealways-on\u201d m\u00f3d, azaz be\u00e1ll\u00edthatunk egy eg\u00e9szen eleg\u00e1ns sz\u00e1mlappal ell\u00e1tott \u00f3r\u00e1t, igaz, \u00edgy a fel\u00e9re cs\u00f6kken az \u00fczemid\u0151. Szerintem meg\u00e9ri.\r\n\r\n<img loading=\"lazy\" decoding=\"async\" class=\"aligncenter wp-image-9877 size-full\" src=\"https:\/\/hir.mediamarkt.hu\/magazin\/wp-content\/uploads\/2019\/12\/DSC_0526.jpg\" alt=\"\" width=\"1625\" height=\"2000\" srcset=\"https:\/\/hir.mediamarkt.hu\/magazin\/wp-content\/uploads\/2019\/12\/DSC_0526.jpg 1170w, https:\/\/hir.mediamarkt.hu\/magazin\/wp-content\/uploads\/2019\/12\/DSC_0526-275x338.jpg 275w, https:\/\/hir.mediamarkt.hu\/magazin\/wp-content\/uploads\/2019\/12\/DSC_0526-244x300.jpg 244w, https:\/\/hir.mediamarkt.hu\/magazin\/wp-content\/uploads\/2019\/12\/DSC_0526-768x945.jpg 768w, https:\/\/hir.mediamarkt.hu\/magazin\/wp-content\/uploads\/2019\/12\/DSC_0526-832x1024.jpg 832w\" sizes=\"(max-width: 1625px) 100vw, 1625px\" \/>\r\n\r\nMint minden valamireval\u00f3 \u00f3rasznob, \u00e9n is azzal kezdtem, hogy lecser\u00e9ltem a gy\u00e1ri sz\u00e1mlapot, szerencs\u00e9re nagyon egyszer\u0171, az \u00f3r\u00e1n \u00e9s a mobilra let\u00f6lthet\u0151, a telefont GT 2-vel azonnal \u00e9s akad\u00e1s n\u00e9lk\u00fcl \u00f6sszek\u00f6t\u0151 appon egyar\u00e1nt, r\u00e1ad\u00e1sul sok van bel\u0151l\u00fck \u00e9s a gy\u00e1ri v\u00e1laszt\u00e9kon k\u00edv\u00fcl m\u00e9g egy csom\u00f3t le lehet t\u00f6lteni. Kiv\u00e1lasztottam az egyetlen sz\u00f3ba j\u00f6het\u0151t (term\u00e9szetesen a letisztult-minimalista Bauhaus-szer\u0171 sz\u00e1mlapr\u00f3l van sz\u00f3), \u00e9s ekkor, azaz a doboz kicsomagol\u00e1sa ut\u00e1n negyed \u00f3r\u00e1val k\u00e9szen \u00e1lltam a tesztel\u00e9sre.\r\n\r\nA men\u00fcrendszerre t\u00fal sok sz\u00f3t nem \u00e9rdemes vesztegetni, az\u00e9rt, mert k\u00e9nyelmes, kellemes \u00e9s mag\u00e1t\u00f3l \u00e9rtet\u0151d\u0151. A k\u00e9perny\u0151t jobbra-bapra p\u00f6ccintve \u00e9rj\u00fck el az egyes funkci\u00f3kat, fel\u00fclr\u0151l a be\u00e1ll\u00edt\u00e1sokat, alulr\u00f3l az \u00e9rtes\u00edt\u00e9seket h\u00edvhatjuk le. Van gy\u00e1ri zenelej\u00e1tsz\u00f3 is, m\u00e9ghozz\u00e1 h\u00e1tt\u00e9rt\u00e1rral, azaz, ha \u00e1tvessz\u00fck kedvenc albumainkat, a mobilt ak\u00e1r otthon is hagyhatjuk. Term\u00e9szetesen kezeli a Bluetooth-f\u00fclhallgat\u00f3kat, h\u00edv\u00e1st fogadhatunk \u00e9s kezdem\u00e9nyezhet\u00fcnk. A fels\u0151 gombbal \u00e9rj\u00fck el az edz\u00e9st\u00edpusokat, egy\u00e9bk\u00e9nt \u201evissza\u201d, az als\u00f3 pedig \u201eenter\u201d gombk\u00e9nt funkcion\u00e1l, ez azonban testre szabhat\u00f3. Keveset haszn\u00e1ltam \u0151ket, a k\u00e9perny\u0151 mindenre el\u00e9g. Apr\u00f3 csal\u00f3d\u00e1s, hogy b\u00e1r a gombok tekerhet\u0151ek, ennek funkci\u00f3ja nincsen, a men\u00fcpontok k\u00f6zt scrollozni csak a k\u00e9perny\u0151n tudunk. A men\u00fcrendszer gyorsan \u00e9s j\u00f3l reag\u00e1l, igaz, a k\u00e9pfriss\u00edt\u00e9s nem \u00e9ppen a legfinomabb \u00e9s itt-ott egy kicsit meg-megtorpan, ha zs\u00fafolt k\u00e9perny\u0151 fel\u00e9 p\u00f6ccint\u00fcnk, de komolyabb akad\u00e1sra, fagy\u00e1sra nem volt p\u00e9lda. A Kirin A1 chipset teh\u00e1t teszi a dolg\u00e1t.\r\n\r\n<img loading=\"lazy\" decoding=\"async\" class=\"alignnone wp-image-9881 size-full\" src=\"https:\/\/hir.mediamarkt.hu\/magazin\/wp-content\/uploads\/2019\/12\/IMG_20191214_134404.jpg\" alt=\"\" width=\"3648\" height=\"2736\" srcset=\"https:\/\/hir.mediamarkt.hu\/magazin\/wp-content\/uploads\/2019\/12\/IMG_20191214_134404.jpg 1440w, https:\/\/hir.mediamarkt.hu\/magazin\/wp-content\/uploads\/2019\/12\/IMG_20191214_134404-275x206.jpg 275w, https:\/\/hir.mediamarkt.hu\/magazin\/wp-content\/uploads\/2019\/12\/IMG_20191214_134404-300x225.jpg 300w, https:\/\/hir.mediamarkt.hu\/magazin\/wp-content\/uploads\/2019\/12\/IMG_20191214_134404-768x576.jpg 768w, https:\/\/hir.mediamarkt.hu\/magazin\/wp-content\/uploads\/2019\/12\/IMG_20191214_134404-1024x768.jpg 1024w, https:\/\/hir.mediamarkt.hu\/magazin\/wp-content\/uploads\/2019\/12\/IMG_20191214_134404-500x375.jpg 500w\" sizes=\"(max-width: 3648px) 100vw, 3648px\" \/>\r\n\r\nA GT 2 automatikusan felismeri, ha testmozg\u00e1sba kezd\u00fcnk, de az\u00e9rt \u00e9rdemes ink\u00e1bb manu\u00e1lisan megadni neki, hogy mikor mit tal\u00e1lunk ki. A hegyi t\u00far\u00e1t\u00f3l a bicikliz\u00e9sen \u00e1t az edz\u0151termi aktivit\u00e1sokig mindent pontosan k\u00f6vet, ami nagyon j\u00f3 h\u00edr, hiszen a legt\u00f6bb \u201et\u00fal sz\u00e9p, hogy igaz legyen\u201d-okos\u00f3ra itt bukik el. A pulzusm\u00e9r\u00e9s pontos, stabil \u00e9s k\u00f6vetkezetes, nincsenek hirtelen kiugr\u00e1sok \u00e9s bees\u00e9sek, azaz nem kell gondolatban elosztani vagy felszorozni az eredm\u00e9nyt. V\u00e9rnyom\u00e1st ugyan nem m\u00e9r, de stressz-szintet igen, ez nekem v\u00e9gig az alacsony-norm\u00e1lis r\u00e9gi\u00f3ban volt, nem csoda, de n\u00e1lam t\u00fcrelmesebb ember a vil\u00e1gon nincs; maradjunk abban, hogy ezen funkci\u00f3 tesztel\u00e9s\u00e9re nem \u00e9n vagyok a legalkalmasabb. Az alv\u00e1s monitoroz\u00e1sa is meggy\u0151z\u0151, itt az eredm\u00e9ny nem volt t\u00fal r\u00f3zs\u00e1s, de h\u00e1t ezt is tudtam \u2013 mindenesetre j\u00f3 h\u00edr, hogy a GT 2 nem pr\u00f3b\u00e1lja sz\u00e9p\u00edteni a helyzetet.Term\u00e9szetesen be\u00e9p\u00edtett GPS-egys\u00e9ggel is rendelkezik, ezt \u00e1lland\u00f3an akt\u00edv \u00e9s teljes pontoss\u00e1ggal k\u00f6veti, merre j\u00e1runk, szerencs\u00e9re an\u00e9lk\u00fcl, hogy \u00e1rtana az \u00fczemid\u0151nek. Az \u00fasz\u00e1st nem pr\u00f3b\u00e1ltam, de a gy\u00e1rt\u00f3 \u00f6t ATM-es v\u00edz\u00e1ll\u00f3s\u00e1got \u00edg\u00e9r, azaz erre is b\u0151ven alkalmas a GT 2.\r\n\r\nA Huawei Health app a piac egyik legjobbja, ezt m\u00e1r tudj\u00e1k azok a milli\u00f3k, akinek Huawei-telefonjuk van. Azonnal szinkroniz\u00e1lja mag\u00e1t az \u00f3r\u00e1val, minden aktivit\u00e1s r\u00e9szletesen visszan\u00e9zhet\u0151, g\u00f6rd\u00fcl\u00e9kenyen kommunik\u00e1l a Strav\u00e1val, \u00e9s ha nincs rajtunk az \u00f3ra, csak a telefon van n\u00e1lunk, a GT 2 k\u00e9s\u0151bb m\u00e9g \u00edgy is elt\u00e1rolja a mozg\u00e1st, teh\u00e1t oda-vissza szinkroniz\u00e1lj\u00e1k egym\u00e1st az eszk\u00f6z\u00f6k. Csod\u00e1latos id\u0151ket \u00e9l\u00fcnk.\r\n\r\n<img loading=\"lazy\" decoding=\"async\" class=\"alignnone size-full wp-image-9878\" src=\"https:\/\/hir.mediamarkt.hu\/magazin\/wp-content\/uploads\/2019\/12\/DSC_0528.jpg\" alt=\"\" width=\"2000\" height=\"1333\" srcset=\"https:\/\/hir.mediamarkt.hu\/magazin\/wp-content\/uploads\/2019\/12\/DSC_0528.jpg 1440w, https:\/\/hir.mediamarkt.hu\/magazin\/wp-content\/uploads\/2019\/12\/DSC_0528-275x183.jpg 275w, https:\/\/hir.mediamarkt.hu\/magazin\/wp-content\/uploads\/2019\/12\/DSC_0528-300x200.jpg 300w, https:\/\/hir.mediamarkt.hu\/magazin\/wp-content\/uploads\/2019\/12\/DSC_0528-768x512.jpg 768w, https:\/\/hir.mediamarkt.hu\/magazin\/wp-content\/uploads\/2019\/12\/DSC_0528-1024x682.jpg 1024w\" sizes=\"(max-width: 2000px) 100vw, 2000px\" \/>\r\n\r\nHa nagyon meger\u0151ltetn\u00e9m magam, biztosan tal\u00e1ln\u00e9k hib\u00e1t a Huawei Watch GT 2-ben, de nincs kedvem meger\u0151ltetni magam, er\u0151lk\u00f6dtem a h\u00e9ten \u00e9ppen eleget, hogy kihozzam a maximumot az eszk\u00f6zb\u0151l. (\u00c9s magamb\u00f3l.) Ami panaszom van (m\u00e9ret, mag\u00e1t\u00f3l kikapcsol\u00f3 k\u00e9perny\u0151), az az okos\u00f3ra-piac eg\u00e9sz\u00e9re vonatkozik, nem erre a modellre. Maradunk teh\u00e1t abban, hogy a GT 2 jelenleg a legmen\u0151bb \u00e9s a legjobb \u00e1r-\u00e9rt\u00e9k ar\u00e1ny\u00fa okos\u00f3ra a piacon. Ha nem csak megb\u00edzhat\u00f3 edz\u0151partnert keresel, de j\u00f3l is szeretn\u00e9l kin\u00e9zni izzad\u00e1s k\u00f6zben, ez a te \u00f3r\u00e1d.\r\n\r\n<em>A <a href=\"http:\/\/mediamarkt.hu\/catentry\/1304453\">fekete modellt itt<\/a>, <a href=\"http:\/\/mediamarkt.hu\/catentry\/1304454\">a barn\u00e1t pedig itt<\/a> tudod megv\u00e1s\u00e1rolni.<\/em>","protected":false},"excerpt":{"rendered":"Gy\u00f6ny\u00f6r\u0171, letisztult, mindent tud \u00e9s nem k\u00e9rnek \u00e9rte egy vagyont. Ismerkedj meg az \u00faj okos\u00f3r\u00e1ddal. ","protected":false},"author":22,"featured_media":9904,"comment_status":"open","ping_status":"open","sticky":false,"template":"","format":"standard","meta":{"wprm-recipe-roundup-name":"","wprm-recipe-roundup-description":"","footnotes":""},"categories":[5949,5946],"tags":[2525,1015,736,3717,89,82],"yoast_head":"<!-- This site is optimized with the Yoast SEO plugin v22.9 - https:\/\/yoast.com\/wordpress\/plugins\/seo\/ -->\n<title>Ilyen men\u0151nek m\u00e9g sosem \u00e9reztem magam izzad\u00e1s k\u00f6zben \u2013 Huawei Watch GT 2 teszt - MediaMarkt Magazin<\/title>\n<meta name=\"description\" content=\"Huawei Watch GT 2 teszt\" \/>\n<meta name=\"robots\" content=\"index, follow, max-snippet:-1, max-image-preview:large, max-video-preview:-1\" \/>\n<link rel=\"canonical\" href=\"https:\/\/hir.mediamarkt.hu\/magazin\/huawei-watch-gt-2-teszt\/\" \/>\n<meta property=\"og:locale\" content=\"hu_HU\" \/>\n<meta property=\"og:type\" content=\"article\" \/>\n<meta property=\"og:title\" content=\"Ilyen men\u0151nek m\u00e9g sosem \u00e9reztem magam izzad\u00e1s k\u00f6zben \u2013 Huawei Watch GT 2 teszt - MediaMarkt Magazin\" \/>\n<meta property=\"og:description\" content=\"Huawei Watch GT 2 teszt\" \/>\n<meta property=\"og:url\" content=\"https:\/\/hir.mediamarkt.hu\/magazin\/huawei-watch-gt-2-teszt\/\" \/>\n<meta property=\"og:site_name\" content=\"MediaMarkt Magazin\" \/>\n<meta property=\"article:publisher\" content=\"https:\/\/www.facebook.com\/MediaMarktMagyarorszag\" \/>\n<meta property=\"article:published_time\" content=\"2019-12-17T11:59:59+00:00\" \/>\n<meta property=\"article:modified_time\" content=\"2019-12-20T13:45:44+00:00\" \/>\n<meta property=\"og:image\" content=\"https:\/\/hir.mediamarkt.hu\/magazin\/wp-content\/uploads\/2019\/12\/huawei_GTwatch2_teszt.png\" \/>\n\t<meta property=\"og:image:width\" content=\"1024\" \/>\n\t<meta property=\"og:image:height\" content=\"619\" \/>\n\t<meta property=\"og:image:type\" content=\"image\/png\" \/>\n<meta name=\"author\" content=\"Nemenyi\" \/>\n<meta name=\"twitter:label1\" content=\"Szerz\u0151:\" \/>\n\t<meta name=\"twitter:data1\" content=\"Nemenyi\" \/>\n\t<meta name=\"twitter:label2\" content=\"Becs\u00fclt olvas\u00e1si id\u0151\" \/>\n\t<meta name=\"twitter:data2\" content=\"10 perc\" \/>\n<script type=\"application\/ld+json\" class=\"yoast-schema-graph\">{\"@context\":\"https:\/\/schema.org\",\"@graph\":[{\"@type\":\"WebPage\",\"@id\":\"https:\/\/hir.mediamarkt.hu\/magazin\/huawei-watch-gt-2-teszt\/\",\"url\":\"https:\/\/hir.mediamarkt.hu\/magazin\/huawei-watch-gt-2-teszt\/\",\"name\":\"Ilyen men\u0151nek m\u00e9g sosem \u00e9reztem magam izzad\u00e1s k\u00f6zben \u2013 Huawei Watch GT 2 teszt - MediaMarkt Magazin\",\"isPartOf\":{\"@id\":\"https:\/\/hir.mediamarkt.hu\/magazin\/#website\"},\"primaryImageOfPage\":{\"@id\":\"https:\/\/hir.mediamarkt.hu\/magazin\/huawei-watch-gt-2-teszt\/#primaryimage\"},\"image\":{\"@id\":\"https:\/\/hir.mediamarkt.hu\/magazin\/huawei-watch-gt-2-teszt\/#primaryimage\"},\"thumbnailUrl\":\"https:\/\/hir.mediamarkt.hu\/magazin\/wp-content\/uploads\/2019\/12\/huawei_GTwatch2_teszt.png\",\"datePublished\":\"2019-12-17T11:59:59+00:00\",\"dateModified\":\"2019-12-20T13:45:44+00:00\",\"author\":{\"@id\":\"https:\/\/hir.mediamarkt.hu\/magazin\/#\/schema\/person\/f4a17b2dc97f2e2bf1b88a89d4ef7d05\"},\"description\":\"Huawei Watch GT 2 teszt\",\"breadcrumb\":{\"@id\":\"https:\/\/hir.mediamarkt.hu\/magazin\/huawei-watch-gt-2-teszt\/#breadcrumb\"},\"inLanguage\":\"hu\",\"potentialAction\":[{\"@type\":\"ReadAction\",\"target\":[\"https:\/\/hir.mediamarkt.hu\/magazin\/huawei-watch-gt-2-teszt\/\"]}]},{\"@type\":\"ImageObject\",\"inLanguage\":\"hu\",\"@id\":\"https:\/\/hir.mediamarkt.hu\/magazin\/huawei-watch-gt-2-teszt\/#primaryimage\",\"url\":\"https:\/\/hir.mediamarkt.hu\/magazin\/wp-content\/uploads\/2019\/12\/huawei_GTwatch2_teszt.png\",\"contentUrl\":\"https:\/\/hir.mediamarkt.hu\/magazin\/wp-content\/uploads\/2019\/12\/huawei_GTwatch2_teszt.png\",\"width\":1024,\"height\":619},{\"@type\":\"BreadcrumbList\",\"@id\":\"https:\/\/hir.mediamarkt.hu\/magazin\/huawei-watch-gt-2-teszt\/#breadcrumb\",\"itemListElement\":[{\"@type\":\"ListItem\",\"position\":1,\"name\":\"Kezd\u0151lap\",\"item\":\"https:\/\/hir.mediamarkt.hu\/magazin\/\"},{\"@type\":\"ListItem\",\"position\":2,\"name\":\"Egy\u00e9b\",\"item\":\"https:\/\/hir.mediamarkt.hu\/magazin\/egyeb\/\"},{\"@type\":\"ListItem\",\"position\":3,\"name\":\"Ilyen men\u0151nek m\u00e9g sosem \u00e9reztem magam izzad\u00e1s k\u00f6zben \u2013 Huawei Watch GT 2 teszt\"}]},{\"@type\":\"WebSite\",\"@id\":\"https:\/\/hir.mediamarkt.hu\/magazin\/#website\",\"url\":\"https:\/\/hir.mediamarkt.hu\/magazin\/\",\"name\":\"MediaMarkt Magazin\",\"description\":\"Olvass bele magazinunkba!\",\"potentialAction\":[{\"@type\":\"SearchAction\",\"target\":{\"@type\":\"EntryPoint\",\"urlTemplate\":\"https:\/\/hir.mediamarkt.hu\/magazin\/?s={search_term_string}\"},\"query-input\":\"required name=search_term_string\"}],\"inLanguage\":\"hu\"},{\"@type\":\"Person\",\"@id\":\"https:\/\/hir.mediamarkt.hu\/magazin\/#\/schema\/person\/f4a17b2dc97f2e2bf1b88a89d4ef7d05\",\"name\":\"Nemenyi\",\"image\":{\"@type\":\"ImageObject\",\"inLanguage\":\"hu\",\"@id\":\"https:\/\/hir.mediamarkt.hu\/magazin\/#\/schema\/person\/image\/\",\"url\":\"https:\/\/secure.gravatar.com\/avatar\/9470b3223c723142e66adcad803b24fe?s=96&d=mm&r=g\",\"contentUrl\":\"https:\/\/secure.gravatar.com\/avatar\/9470b3223c723142e66adcad803b24fe?s=96&d=mm&r=g\",\"caption\":\"Nemenyi\"}}]}<\/script>\n<!-- \/ Yoast SEO plugin. -->","yoast_head_json":{"title":"Ilyen men\u0151nek m\u00e9g sosem \u00e9reztem magam izzad\u00e1s k\u00f6zben \u2013 Huawei Watch GT 2 teszt - MediaMarkt Magazin","description":"Huawei Watch GT 2 teszt","robots":{"index":"index","follow":"follow","max-snippet":"max-snippet:-1","max-image-preview":"max-image-preview:large","max-video-preview":"max-video-preview:-1"},"canonical":"https:\/\/hir.mediamarkt.hu\/magazin\/huawei-watch-gt-2-teszt\/","og_locale":"hu_HU","og_type":"article","og_title":"Ilyen men\u0151nek m\u00e9g sosem \u00e9reztem magam izzad\u00e1s k\u00f6zben \u2013 Huawei Watch GT 2 teszt - MediaMarkt Magazin","og_description":"Huawei Watch GT 2 teszt","og_url":"https:\/\/hir.mediamarkt.hu\/magazin\/huawei-watch-gt-2-teszt\/","og_site_name":"MediaMarkt Magazin","article_publisher":"https:\/\/www.facebook.com\/MediaMarktMagyarorszag","article_published_time":"2019-12-17T11:59:59+00:00","article_modified_time":"2019-12-20T13:45:44+00:00","og_image":[{"width":1024,"height":619,"url":"https:\/\/hir.mediamarkt.hu\/magazin\/wp-content\/uploads\/2019\/12\/huawei_GTwatch2_teszt.png","type":"image\/png"}],"author":"Nemenyi","twitter_misc":{"Szerz\u0151:":"Nemenyi","Becs\u00fclt olvas\u00e1si id\u0151":"10 perc"},"schema":{"@context":"https:\/\/schema.org","@graph":[{"@type":"WebPage","@id":"https:\/\/hir.mediamarkt.hu\/magazin\/huawei-watch-gt-2-teszt\/","url":"https:\/\/hir.mediamarkt.hu\/magazin\/huawei-watch-gt-2-teszt\/","name":"Ilyen men\u0151nek m\u00e9g sosem \u00e9reztem magam izzad\u00e1s k\u00f6zben \u2013 Huawei Watch GT 2 teszt - MediaMarkt Magazin","isPartOf":{"@id":"https:\/\/hir.mediamarkt.hu\/magazin\/#website"},"primaryImageOfPage":{"@id":"https:\/\/hir.mediamarkt.hu\/magazin\/huawei-watch-gt-2-teszt\/#primaryimage"},"image":{"@id":"https:\/\/hir.mediamarkt.hu\/magazin\/huawei-watch-gt-2-teszt\/#primaryimage"},"thumbnailUrl":"https:\/\/hir.mediamarkt.hu\/magazin\/wp-content\/uploads\/2019\/12\/huawei_GTwatch2_teszt.png","datePublished":"2019-12-17T11:59:59+00:00","dateModified":"2019-12-20T13:45:44+00:00","author":{"@id":"https:\/\/hir.mediamarkt.hu\/magazin\/#\/schema\/person\/f4a17b2dc97f2e2bf1b88a89d4ef7d05"},"description":"Huawei Watch GT 2 teszt","breadcrumb":{"@id":"https:\/\/hir.mediamarkt.hu\/magazin\/huawei-watch-gt-2-teszt\/#breadcrumb"},"inLanguage":"hu","potentialAction":[{"@type":"ReadAction","target":["https:\/\/hir.mediamarkt.hu\/magazin\/huawei-watch-gt-2-teszt\/"]}]},{"@type":"ImageObject","inLanguage":"hu","@id":"https:\/\/hir.mediamarkt.hu\/magazin\/huawei-watch-gt-2-teszt\/#primaryimage","url":"https:\/\/hir.mediamarkt.hu\/magazin\/wp-content\/uploads\/2019\/12\/huawei_GTwatch2_teszt.png","contentUrl":"https:\/\/hir.mediamarkt.hu\/magazin\/wp-content\/uploads\/2019\/12\/huawei_GTwatch2_teszt.png","width":1024,"height":619},{"@type":"BreadcrumbList","@id":"https:\/\/hir.mediamarkt.hu\/magazin\/huawei-watch-gt-2-teszt\/#breadcrumb","itemListElement":[{"@type":"ListItem","position":1,"name":"Kezd\u0151lap","item":"https:\/\/hir.mediamarkt.hu\/magazin\/"},{"@type":"ListItem","position":2,"name":"Egy\u00e9b","item":"https:\/\/hir.mediamarkt.hu\/magazin\/egyeb\/"},{"@type":"ListItem","position":3,"name":"Ilyen men\u0151nek m\u00e9g sosem \u00e9reztem magam izzad\u00e1s k\u00f6zben \u2013 Huawei Watch GT 2 teszt"}]},{"@type":"WebSite","@id":"https:\/\/hir.mediamarkt.hu\/magazin\/#website","url":"https:\/\/hir.mediamarkt.hu\/magazin\/","name":"MediaMarkt Magazin","description":"Olvass bele magazinunkba!","potentialAction":[{"@type":"SearchAction","target":{"@type":"EntryPoint","urlTemplate":"https:\/\/hir.mediamarkt.hu\/magazin\/?s={search_term_string}"},"query-input":"required name=search_term_string"}],"inLanguage":"hu"},{"@type":"Person","@id":"https:\/\/hir.mediamarkt.hu\/magazin\/#\/schema\/person\/f4a17b2dc97f2e2bf1b88a89d4ef7d05","name":"Nemenyi","image":{"@type":"ImageObject","inLanguage":"hu","@id":"https:\/\/hir.mediamarkt.hu\/magazin\/#\/schema\/person\/image\/","url":"https:\/\/secure.gravatar.com\/avatar\/9470b3223c723142e66adcad803b24fe?s=96&d=mm&r=g","contentUrl":"https:\/\/secure.gravatar.com\/avatar\/9470b3223c723142e66adcad803b24fe?s=96&d=mm&r=g","caption":"Nemenyi"}}]}},"_links":{"self":[{"href":"https:\/\/hir.mediamarkt.hu\/magazin\/wp-json\/wp\/v2\/posts\/9872"}],"collection":[{"href":"https:\/\/hir.mediamarkt.hu\/magazin\/wp-json\/wp\/v2\/posts"}],"about":[{"href":"https:\/\/hir.mediamarkt.hu\/magazin\/wp-json\/wp\/v2\/types\/post"}],"author":[{"embeddable":true,"href":"https:\/\/hir.mediamarkt.hu\/magazin\/wp-json\/wp\/v2\/users\/22"}],"replies":[{"embeddable":true,"href":"https:\/\/hir.mediamarkt.hu\/magazin\/wp-json\/wp\/v2\/comments?post=9872"}],"version-history":[{"count":4,"href":"https:\/\/hir.mediamarkt.hu\/magazin\/wp-json\/wp\/v2\/posts\/9872\/revisions"}],"predecessor-version":[{"id":9884,"href":"https:\/\/hir.mediamarkt.hu\/magazin\/wp-json\/wp\/v2\/posts\/9872\/revisions\/9884"}],"wp:featuredmedia":[{"embeddable":true,"href":"https:\/\/hir.mediamarkt.hu\/magazin\/wp-json\/wp\/v2\/media\/9904"}],"wp:attachment":[{"href":"https:\/\/hir.mediamarkt.hu\/magazin\/wp-json\/wp\/v2\/media?parent=9872"}],"wp:term":[{"taxonomy":"category","embeddable":true,"href":"https:\/\/hir.mediamarkt.hu\/magazin\/wp-json\/wp\/v2\/categories?post=9872"},{"taxonomy":"post_tag","embeddable":true,"href":"https:\/\/hir.mediamarkt.hu\/magazin\/wp-json\/wp\/v2\/tags?post=9872"}],"curies":[{"name":"wp","href":"https:\/\/api.w.org\/{rel}","templated":true}]}}