{"id":9905,"date":"2019-12-20T17:44:19","date_gmt":"2019-12-20T16:44:19","guid":{"rendered":"http:\/\/hir.mediamarkt.hu\/magazin\/?p=9905"},"modified":"2019-12-22T22:16:13","modified_gmt":"2019-12-22T21:16:13","slug":"zenei-kukkolas-mediamarkt-cd-lp-konyv-2019-top10","status":"publish","type":"post","link":"https:\/\/hir.mediamarkt.hu\/magazin\/zenei-kukkolas-mediamarkt-cd-lp-konyv-2019-top10\/","title":{"rendered":"Irodalmi \u00e9s zenei kukkol\u00e1s: izgalmas top 10-re bukkantunk az \u00e9ves elad\u00e1si list\u00e1n!"},"content":{"rendered":"<b>Nagyon \u00e9rdekesen alakult a legt\u00f6bb p\u00e9ld\u00e1nyban elkelt, \u00edrott m\u0171vek \u00e9s a zenei kiadv\u00e1nyok sora. Sokat el\u00e1rul r\u00f3lunk, mit vesz\u00fcnk le a polcr\u00f3l \u00e9s visz\u00fcnk haza. Egy kis irodalmi \u00e9s zenei \u201ckukkol\u00e1s\u201d,\u00a0 2019-b\u0151l!<\/b>\r\n<!--more-->\r\n\r\n&nbsp;\r\n<h2><b>Sci-fi? Horror? K\u00fclf\u00f6ldi bestseller reg\u00e9nyek? H\u00e1t nem!<\/b><\/h2>\r\n&nbsp;\r\n\r\n<span style=\"font-weight: 400\">Ha tippeln\u00fcnk kellett volna, eg\u00e9szen m\u00e1s kiadv\u00e1nyokat \u00edrtunk volna \u00f6ssze a top 10 k\u00f6nyv tot\u00f3ba. \u00dagy fest azonban, hogy a MediaMarkt v\u00e1s\u00e1rl\u00f3i \u00e9s olvas\u00f3i els\u0151sorban t\u00e1j\u00e9koz\u00f3dni, fejl\u0151dni \u00e9s tanulni szeretnek. Ha viszont sz\u00f3rakozni v\u00e1gynak, magyar szerz\u0151k aktu\u00e1lis m\u0171veihez ny\u00falnak!\u00a0<\/span>\r\n\r\n&nbsp;\r\n<h2><b>Mik teh\u00e1t az idei top k\u00f6nyvek?<\/b><\/h2>\r\n&nbsp;\r\n\r\n<span style=\"font-weight: 400\">\u00dagy t\u0171nik, az olvas\u00f3k reag\u00e1lnak a vil\u00e1g, az orsz\u00e1g alakul\u00e1s\u00e1ra, emellett keresik az utat, hogy kiegyens\u00falyozottabbak, eg\u00e9szs\u00e9gesebbek, boldogabbak legyenek. J\u00f3 ezt l\u00e1tni! Az \u00e9lmez\u0151nyben egy kakukktoj\u00e1s is akad, ami az\u00e9rt is k\u00fcl\u00f6n sz\u00f3rakoztat\u00f3, mert sokunknak pont ugyanilyen f\u00f6ldg\u00f6mbje volt 10, 20, 30 \u00e9ve is&#8230; J\u00f3 b\u00f6ng\u00e9sz\u00e9st \u00e9s egy utols\u00f3, okos k\u00f6nyv v\u00e1s\u00e1rl\u00e1st k\u00edv\u00e1nunk mindenkinek! A Top 10-es lista tal\u00e1n inspir\u00e1ci\u00f3t is ad, hiszen ennyi ember nem t\u00e9vedhet!<\/span>\r\n\r\n&nbsp;\r\n<ol>\r\n \t<li style=\"font-weight: 400\"><span style=\"font-weight: 400\">hely &#8211; <\/span><a href=\"https:\/\/www.mediamarkt.hu\/catentry\/1307811\"><span style=\"font-weight: 400\">Frei Tam\u00e1s, B\u00e1bel &#8211; M\u0171kincsrabl\u00f3k, embercsemp\u00e9szek, terrorist\u00e1k &#8211; \u00e9s a magyar kapcsolat<\/span><\/a><\/li>\r\n<\/ol>\r\n&nbsp;\r\n\r\n<span style=\"font-weight: 400\"><img loading=\"lazy\" decoding=\"async\" class=\"size-thumbnail wp-image-9909 alignleft\" src=\"https:\/\/hir.mediamarkt.hu\/magazin\/wp-content\/uploads\/2019\/12\/MediaMarkt_top10_konyv01-275x205.png\" alt=\"\" width=\"275\" height=\"205\" srcset=\"https:\/\/hir.mediamarkt.hu\/magazin\/wp-content\/uploads\/2019\/12\/MediaMarkt_top10_konyv01-275x205.png 275w, https:\/\/hir.mediamarkt.hu\/magazin\/wp-content\/uploads\/2019\/12\/MediaMarkt_top10_konyv01-300x224.png 300w, https:\/\/hir.mediamarkt.hu\/magazin\/wp-content\/uploads\/2019\/12\/MediaMarkt_top10_konyv01-768x574.png 768w, https:\/\/hir.mediamarkt.hu\/magazin\/wp-content\/uploads\/2019\/12\/MediaMarkt_top10_konyv01-500x375.png 500w, https:\/\/hir.mediamarkt.hu\/magazin\/wp-content\/uploads\/2019\/12\/MediaMarkt_top10_konyv01.png 786w\" sizes=\"(max-width: 275px) 100vw, 275px\" \/>\u201cA terrorizmust a dr\u00f3tker\u00edt\u00e9s sem k\u00e9pes meg\u00e1ll\u00edtani. A modernkori n\u00e9pv\u00e1ndorl\u00e1s b\u00e1beli z\u0171rzavar\u00e1ban minden lehets\u00e9ges! [&#8230;] <\/span><span style=\"font-weight: 400\">A h\u00e1tt\u00e9rben pedig Magyarorsz\u00e1gon futnak \u00f6ssze a sz\u00e1lak, ahol mindenre tal\u00e1lni megold\u00e1st\u2026\u201d<\/span>\r\n\r\n&nbsp;\r\n\r\n&nbsp;\r\n\r\n&nbsp;\r\n<blockquote><span style=\"font-weight: 400\">2. hely &#8211; <\/span><a href=\"https:\/\/www.mediamarkt.hu\/catentry\/1292946\"><span style=\"font-weight: 400\">Anthony William, Eg\u00e9szs\u00e9ges pajzsmirigy<\/span><\/a><\/blockquote>\r\n&nbsp;\r\n\r\n<span style=\"font-weight: 400\"><img loading=\"lazy\" decoding=\"async\" class=\"size-thumbnail wp-image-9910 alignleft\" src=\"https:\/\/hir.mediamarkt.hu\/magazin\/wp-content\/uploads\/2019\/12\/MediaMarkt_top10_konyv02-275x205.png\" alt=\"\" width=\"275\" height=\"205\" srcset=\"https:\/\/hir.mediamarkt.hu\/magazin\/wp-content\/uploads\/2019\/12\/MediaMarkt_top10_konyv02-275x205.png 275w, https:\/\/hir.mediamarkt.hu\/magazin\/wp-content\/uploads\/2019\/12\/MediaMarkt_top10_konyv02-300x224.png 300w, https:\/\/hir.mediamarkt.hu\/magazin\/wp-content\/uploads\/2019\/12\/MediaMarkt_top10_konyv02-768x574.png 768w, https:\/\/hir.mediamarkt.hu\/magazin\/wp-content\/uploads\/2019\/12\/MediaMarkt_top10_konyv02-500x375.png 500w, https:\/\/hir.mediamarkt.hu\/magazin\/wp-content\/uploads\/2019\/12\/MediaMarkt_top10_konyv02.png 786w\" sizes=\"(max-width: 275px) 100vw, 275px\" \/>\u201cHajhull\u00e1s, s\u00falygyarapod\u00e1s, f\u00e1radts\u00e1g, k\u00f6d\u00f6s gondolkod\u00e1s, h\u0151hull\u00e1m, cs\u00f6kken\u0151 nemi v\u00e1gyak, sz\u00edvdobog\u00e1s\u2026 Egyre t\u00f6bben szenvednek ezekt\u0151l, \u00e9s sz\u00e1mos egy\u00e9b, kev\u00e9sb\u00e9 tipikus t\u00fcnett\u0151l \u2013 k\u00fcl\u00f6n\u00f6sen a n\u0151k. A p\u00e1ciensek probl\u00e9m\u00e1i k\u00f6zismert c\u00edmk\u00e9ket kapnak ugyan \u2013 \u201eHashimoto\u201d, \u201epajzsmirigy-alulm\u0171k\u00f6d\u00e9s\u201d \u2013, de a megold\u00e1shoz sokszor nem ker\u00fcl\u00fcnk k\u00f6zelebb&#8230;\u201d<\/span>\r\n\r\n&nbsp;\r\n<blockquote>&nbsp;\r\n\r\n&nbsp;\r\n\r\n&nbsp;\r\n\r\n&nbsp;\r\n\r\n<span style=\"font-weight: 400\">3. hely &#8211; <\/span><a href=\"https:\/\/www.mediamarkt.hu\/catentry\/1276000\"><span style=\"font-weight: 400\">Alex T. Smith, A kiseg\u00e9r, aki elhozta a kar\u00e1csonyt<\/span><\/a><\/blockquote>\r\n&nbsp;\r\n\r\n<span style=\"font-weight: 400\"><img loading=\"lazy\" decoding=\"async\" class=\"alignleft wp-image-9911 size-thumbnail\" src=\"https:\/\/hir.mediamarkt.hu\/magazin\/wp-content\/uploads\/2019\/12\/MediaMarkt_top10_konyv03-275x205.png\" alt=\"\" width=\"275\" height=\"205\" srcset=\"https:\/\/hir.mediamarkt.hu\/magazin\/wp-content\/uploads\/2019\/12\/MediaMarkt_top10_konyv03-275x205.png 275w, https:\/\/hir.mediamarkt.hu\/magazin\/wp-content\/uploads\/2019\/12\/MediaMarkt_top10_konyv03-300x224.png 300w, https:\/\/hir.mediamarkt.hu\/magazin\/wp-content\/uploads\/2019\/12\/MediaMarkt_top10_konyv03-768x574.png 768w, https:\/\/hir.mediamarkt.hu\/magazin\/wp-content\/uploads\/2019\/12\/MediaMarkt_top10_konyv03-500x375.png 500w, https:\/\/hir.mediamarkt.hu\/magazin\/wp-content\/uploads\/2019\/12\/MediaMarkt_top10_konyv03.png 786w\" sizes=\"(max-width: 275px) 100vw, 275px\" \/>\u201c24 \u00e9s f\u00e9l fejezet, egy mese \u00e9s egy adventi nagy utaz\u00e1s, amellyel mindenki felk\u00e9sz\u00fclhet az \u00fcnnepre&#8230;\u201d<\/span>\r\n\r\n&nbsp;\r\n<blockquote>&nbsp;\r\n\r\n&nbsp;\r\n\r\n&nbsp;\r\n\r\n&nbsp;\r\n\r\n&nbsp;\r\n\r\n<span style=\"font-weight: 400\">4. hely &#8211; <\/span><a href=\"https:\/\/www.mediamarkt.hu\/catentry\/1172645\"><span style=\"font-weight: 400\">Gary Chapman, Az 5 szeretetnyelv: Egym\u00e1sra hangolva<\/span><\/a><span style=\"font-weight: 400\">\u00a0<\/span><\/blockquote>\r\n<span style=\"font-weight: 400\"><img loading=\"lazy\" decoding=\"async\" class=\"alignleft wp-image-9912 size-thumbnail\" src=\"https:\/\/hir.mediamarkt.hu\/magazin\/wp-content\/uploads\/2019\/12\/MediaMarkt_top10_konyv04-275x205.png\" alt=\"\" width=\"275\" height=\"205\" srcset=\"https:\/\/hir.mediamarkt.hu\/magazin\/wp-content\/uploads\/2019\/12\/MediaMarkt_top10_konyv04-275x205.png 275w, https:\/\/hir.mediamarkt.hu\/magazin\/wp-content\/uploads\/2019\/12\/MediaMarkt_top10_konyv04-300x224.png 300w, https:\/\/hir.mediamarkt.hu\/magazin\/wp-content\/uploads\/2019\/12\/MediaMarkt_top10_konyv04-768x574.png 768w, https:\/\/hir.mediamarkt.hu\/magazin\/wp-content\/uploads\/2019\/12\/MediaMarkt_top10_konyv04-500x375.png 500w, https:\/\/hir.mediamarkt.hu\/magazin\/wp-content\/uploads\/2019\/12\/MediaMarkt_top10_konyv04.png 786w\" sizes=\"(max-width: 275px) 100vw, 275px\" \/>\u201c<\/span><span style=\"font-weight: 400\">Hogyan \u0151rizhet\u0151 meg a szeretet a p\u00e1rkapcsolatban, amikor a szerelmi l\u00e1ngol\u00e1s al\u00e1bbhagy? A v\u00e1lasz az \u00f6t szeretetnyelv megismer\u00e9s\u00e9ben rejlik: elismer\u0151 szavak, min\u0151s\u00e9gi id\u0151, aj\u00e1nd\u00e9koz\u00e1s, sz\u00edvess\u00e9gek, testi \u00e9rint\u00e9s&#8230;\u201d<\/span>\r\n\r\n&nbsp;\r\n<blockquote>&nbsp;\r\n\r\n&nbsp;\r\n\r\n&nbsp;\r\n\r\n&nbsp;\r\n\r\n&nbsp;\r\n\r\n<span style=\"font-weight: 400\">5. hely &#8211; <\/span><a href=\"https:\/\/www.mediamarkt.hu\/catentry\/1302615\"><span style=\"font-weight: 400\">Hat\u00e1rtalan Gondolatok Napt\u00e1r, 2020<\/span><\/a><\/blockquote>\r\n&nbsp;\r\n\r\n<span style=\"font-weight: 400\"><img loading=\"lazy\" decoding=\"async\" class=\"alignleft wp-image-9913 size-thumbnail\" src=\"https:\/\/hir.mediamarkt.hu\/magazin\/wp-content\/uploads\/2019\/12\/MediaMarkt_top10_konyv05-275x205.png\" alt=\"\" width=\"275\" height=\"205\" srcset=\"https:\/\/hir.mediamarkt.hu\/magazin\/wp-content\/uploads\/2019\/12\/MediaMarkt_top10_konyv05-275x205.png 275w, https:\/\/hir.mediamarkt.hu\/magazin\/wp-content\/uploads\/2019\/12\/MediaMarkt_top10_konyv05-300x224.png 300w, https:\/\/hir.mediamarkt.hu\/magazin\/wp-content\/uploads\/2019\/12\/MediaMarkt_top10_konyv05-768x574.png 768w, https:\/\/hir.mediamarkt.hu\/magazin\/wp-content\/uploads\/2019\/12\/MediaMarkt_top10_konyv05-500x375.png 500w, https:\/\/hir.mediamarkt.hu\/magazin\/wp-content\/uploads\/2019\/12\/MediaMarkt_top10_konyv05.png 786w\" sizes=\"(max-width: 275px) 100vw, 275px\" \/>\u201c<\/span><span style=\"font-weight: 400\">Ha t\u00e1rsadul fogadod, ez a hat\u00e1rid\u0151napl\u00f3 t\u00e1mogat\u00f3, pozit\u00edv energi\u00e1kkal \u00f6lel \u00e1t \u2013 \u00edgy sz\u00e1mos csod\u00e1latos dolgot vonzhatsz be \u00e9letedbe a 2020-as \u00e9vben is\u2026.\u201d<\/span>\r\n\r\n&nbsp;\r\n\r\n<span style=\"font-weight: 400\">\u00a0<\/span>\r\n<blockquote>&nbsp;\r\n\r\n&nbsp;\r\n\r\n&nbsp;\r\n\r\n&nbsp;\r\n\r\n&nbsp;\r\n\r\n<span style=\"font-weight: 400\">6. hely &#8211; <\/span><a href=\"https:\/\/www.mediamarkt.hu\/catentry\/1302606\"><span style=\"font-weight: 400\">B\u00f6d\u0151cs Tibor, Meg se k\u00edn\u00e1ltak<\/span><\/a><span style=\"font-weight: 400\">\u00a0<\/span><\/blockquote>\r\n&nbsp;\r\n\r\n<span style=\"font-weight: 400\"><img loading=\"lazy\" decoding=\"async\" class=\"size-thumbnail wp-image-9914 alignleft\" src=\"https:\/\/hir.mediamarkt.hu\/magazin\/wp-content\/uploads\/2019\/12\/MediaMarkt_top10_konyv06-275x205.png\" alt=\"\" width=\"275\" height=\"205\" srcset=\"https:\/\/hir.mediamarkt.hu\/magazin\/wp-content\/uploads\/2019\/12\/MediaMarkt_top10_konyv06-275x205.png 275w, https:\/\/hir.mediamarkt.hu\/magazin\/wp-content\/uploads\/2019\/12\/MediaMarkt_top10_konyv06-300x224.png 300w, https:\/\/hir.mediamarkt.hu\/magazin\/wp-content\/uploads\/2019\/12\/MediaMarkt_top10_konyv06-768x574.png 768w, https:\/\/hir.mediamarkt.hu\/magazin\/wp-content\/uploads\/2019\/12\/MediaMarkt_top10_konyv06-500x375.png 500w, https:\/\/hir.mediamarkt.hu\/magazin\/wp-content\/uploads\/2019\/12\/MediaMarkt_top10_konyv06.png 786w\" sizes=\"(max-width: 275px) 100vw, 275px\" \/>\u201c<\/span><span style=\"font-weight: 400\">Az elesett magyar vid\u00e9k f\u00e9lt\u00e9rdre emelkedik a kocsma padl\u00f3j\u00e1r\u00f3l, visszam\u00e1szik a b\u00e1rsz\u00e9kre, \u00e9s mes\u00e9lni kezd Gy\u00f6ngyinek a pultn\u00e1l. Elmes\u00e9li az \u00e9let\u00e9t. [&#8230;] B\u00f6d\u0151cs Tibor els\u0151 reg\u00e9nye a magyar vid\u00e9k ir\u00e1nt \u00e9rzett rajong\u00e1s, agg\u00f3d\u00e1s \u00e9s szeretet m\u0171ve. Amennyire nyomorult, annyira mulats\u00e1gos. Hallod, Gy\u00f6ngyi? Visszam\u00e1sztam, \u00e9s n\u00e9zd, rep\u00fcl\u00f6k!&#8221;<\/span>\r\n\r\n&nbsp;\r\n\r\n&nbsp;\r\n<blockquote><span style=\"font-weight: 400\">7. hely &#8211; <\/span><a href=\"https:\/\/www.mediamarkt.hu\/catentry\/1246324\"><span style=\"font-weight: 400\">F\u00f6ldg\u00f6mb &#8211; vil\u00e1g\u00edt\u00f3, du\u00f3 25 cm \u00e1tm\u00e9r\u0151j\u0171, m\u0171anyagtalpas<\/span><\/a><span style=\"font-weight: 400\">\u00a0<\/span><\/blockquote>\r\n&nbsp;\r\n\r\n<span style=\"font-weight: 400\"><img loading=\"lazy\" decoding=\"async\" class=\"size-thumbnail wp-image-9915 alignleft\" src=\"https:\/\/hir.mediamarkt.hu\/magazin\/wp-content\/uploads\/2019\/12\/MediaMarkt_top10_konyv07-275x205.png\" alt=\"\" width=\"275\" height=\"205\" srcset=\"https:\/\/hir.mediamarkt.hu\/magazin\/wp-content\/uploads\/2019\/12\/MediaMarkt_top10_konyv07-275x205.png 275w, https:\/\/hir.mediamarkt.hu\/magazin\/wp-content\/uploads\/2019\/12\/MediaMarkt_top10_konyv07-300x224.png 300w, https:\/\/hir.mediamarkt.hu\/magazin\/wp-content\/uploads\/2019\/12\/MediaMarkt_top10_konyv07-768x574.png 768w, https:\/\/hir.mediamarkt.hu\/magazin\/wp-content\/uploads\/2019\/12\/MediaMarkt_top10_konyv07-500x375.png 500w, https:\/\/hir.mediamarkt.hu\/magazin\/wp-content\/uploads\/2019\/12\/MediaMarkt_top10_konyv07.png 786w\" sizes=\"(max-width: 275px) 100vw, 275px\" \/>25 cm \u00e1tm\u00e9r\u0151j\u0171 vil\u00e1g\u00edt\u00f3 du\u00f3 f\u00f6ldg\u00f6mb, mely alap\u00e1llapotban a domborzatot \u00e1br\u00e1zolja, a vil\u00e1g\u00edt\u00e1st bekapcsolva kirajzol\u00f3dnak az orsz\u00e1gok.<\/span>\r\n\r\n&nbsp;\r\n<blockquote>&nbsp;\r\n\r\n&nbsp;\r\n\r\n&nbsp;\r\n\r\n&nbsp;\r\n\r\n&nbsp;\r\n\r\n&nbsp;\r\n\r\n<span style=\"font-weight: 400\">8. hely &#8211; <\/span><a href=\"https:\/\/www.mediamarkt.hu\/catentry\/1117915\"><span style=\"font-weight: 400\">Heged\u0171s S\u00e1ndor, G\u00e9czi Zolt\u00e1n, Majzik Zolt\u00e1n, Digit\u00e1lis fot\u00f3z\u00e1s &#8211; Hozd ki a g\u00e9pedb\u0151l a maximumot!\u00a0<\/span><\/a><\/blockquote>\r\n&nbsp;\r\n\r\n<span style=\"font-weight: 400\"><img loading=\"lazy\" decoding=\"async\" class=\"size-thumbnail wp-image-9916 alignleft\" src=\"https:\/\/hir.mediamarkt.hu\/magazin\/wp-content\/uploads\/2019\/12\/MediaMarkt_top10_konyv08-275x205.png\" alt=\"\" width=\"275\" height=\"205\" srcset=\"https:\/\/hir.mediamarkt.hu\/magazin\/wp-content\/uploads\/2019\/12\/MediaMarkt_top10_konyv08-275x205.png 275w, https:\/\/hir.mediamarkt.hu\/magazin\/wp-content\/uploads\/2019\/12\/MediaMarkt_top10_konyv08-300x224.png 300w, https:\/\/hir.mediamarkt.hu\/magazin\/wp-content\/uploads\/2019\/12\/MediaMarkt_top10_konyv08-768x574.png 768w, https:\/\/hir.mediamarkt.hu\/magazin\/wp-content\/uploads\/2019\/12\/MediaMarkt_top10_konyv08-500x375.png 500w, https:\/\/hir.mediamarkt.hu\/magazin\/wp-content\/uploads\/2019\/12\/MediaMarkt_top10_konyv08.png 786w\" sizes=\"(max-width: 275px) 100vw, 275px\" \/>\u201c<\/span><span style=\"font-weight: 400\">Manaps\u00e1g m\u00e1r a kezd\u0151 fot\u00f3sok is rengeteg digit\u00e1lis kamera k\u00f6z\u00f6tt v\u00e1logathatnak, amelyek kateg\u00f3ri\u00e1kt\u00f3l f\u00fcgg\u0151en k\u00fcl\u00f6nb\u00f6z\u0151 k\u00e9pess\u00e9gekkel rendelkeznek. Ez a k\u00f6nyv arra hivatott, hogy megmutassa a kezd\u0151knek: megfelel\u0151 szakmai felk\u00e9sz\u00fclts\u00e9ggel \u00e9s n\u00e9mi odafigyel\u00e9ssel sokkal szebb f\u00e9nyk\u00e9peket is k\u00e9sz\u00edthetnek, ha megtanulj\u00e1k kihaszn\u00e1lni a digit\u00e1lis g\u00e9pekben rejl\u0151 technikai lehet\u0151s\u00e9geket.\u201d<\/span>\r\n\r\n&nbsp;\r\n<blockquote>&nbsp;\r\n\r\n&nbsp;\r\n\r\n&nbsp;\r\n\r\n&nbsp;\r\n\r\n<span style=\"font-weight: 400\">9. hely &#8211; <\/span><a href=\"https:\/\/www.mediamarkt.hu\/catentry\/9192163\"><span style=\"font-weight: 400\">De\u00e1kn\u00e9 B. Katalin Anya,tan\u00edts engem! &#8211; Fejleszt\u00e9si lehet\u0151s\u00e9gek sz\u00fclet\u00e9st\u0151l iskolakezd\u00e9sig\u00a0<\/span><\/a><\/blockquote>\r\n&nbsp;\r\n\r\n<span style=\"font-weight: 400\"><img loading=\"lazy\" decoding=\"async\" class=\"size-thumbnail wp-image-9917 alignleft\" src=\"https:\/\/hir.mediamarkt.hu\/magazin\/wp-content\/uploads\/2019\/12\/MediaMarkt_top10_konyv09-275x205.png\" alt=\"\" width=\"275\" height=\"205\" srcset=\"https:\/\/hir.mediamarkt.hu\/magazin\/wp-content\/uploads\/2019\/12\/MediaMarkt_top10_konyv09-275x205.png 275w, https:\/\/hir.mediamarkt.hu\/magazin\/wp-content\/uploads\/2019\/12\/MediaMarkt_top10_konyv09-300x224.png 300w, https:\/\/hir.mediamarkt.hu\/magazin\/wp-content\/uploads\/2019\/12\/MediaMarkt_top10_konyv09-768x574.png 768w, https:\/\/hir.mediamarkt.hu\/magazin\/wp-content\/uploads\/2019\/12\/MediaMarkt_top10_konyv09-500x375.png 500w, https:\/\/hir.mediamarkt.hu\/magazin\/wp-content\/uploads\/2019\/12\/MediaMarkt_top10_konyv09.png 786w\" sizes=\"(max-width: 275px) 100vw, 275px\" \/>\u201c<\/span><span style=\"font-weight: 400\">Sokan \u00fagy v\u00e9lik, hogy az iskol\u00e1ra val\u00f3 felk\u00e9sz\u00edt\u00e9s az \u00f3vodai foglalkoz\u00e1sok feladata.[&#8230;] A megfelel\u0151 fogalomkialak\u00edt\u00e1shoz, az ismeretek m\u00e9lyebb r\u00f6gz\u00edt\u00e9s\u00e9hez elengedhetetlen az otthoni munka. A sz\u00fcl\u0151k t\u00f6bbs\u00e9ge tudja ezt, de bizonytalan abban, hogy gyermeke fejleszt\u00e9s\u00e9t mik\u00e9nt kellene megval\u00f3s\u00edtania\u2026\u201d<\/span>\r\n\r\n&nbsp;\r\n<blockquote>&nbsp;\r\n\r\n&nbsp;\r\n\r\n&nbsp;\r\n\r\n&nbsp;\r\n\r\n<span style=\"font-weight: 400\">10. hely &#8211; <\/span><a href=\"https:\/\/www.mediamarkt.hu\/catentry\/1270514\"><span style=\"font-weight: 400\">Susan Kaiser Greenland J\u00e1t\u00e9kok a tudatos jelenl\u00e9t\u00e9rt: Gyerekeknek, kamaszoknak \u00e9s csal\u00e1doknak<\/span><\/a><\/blockquote>\r\n&nbsp;\r\n\r\n<span style=\"font-weight: 400\"><img loading=\"lazy\" decoding=\"async\" class=\"size-thumbnail wp-image-9918 alignleft\" src=\"https:\/\/hir.mediamarkt.hu\/magazin\/wp-content\/uploads\/2019\/12\/MediaMarkt_top10_konyv91-275x205.png\" alt=\"\" width=\"275\" height=\"205\" srcset=\"https:\/\/hir.mediamarkt.hu\/magazin\/wp-content\/uploads\/2019\/12\/MediaMarkt_top10_konyv91-275x205.png 275w, https:\/\/hir.mediamarkt.hu\/magazin\/wp-content\/uploads\/2019\/12\/MediaMarkt_top10_konyv91-300x224.png 300w, https:\/\/hir.mediamarkt.hu\/magazin\/wp-content\/uploads\/2019\/12\/MediaMarkt_top10_konyv91-768x574.png 768w, https:\/\/hir.mediamarkt.hu\/magazin\/wp-content\/uploads\/2019\/12\/MediaMarkt_top10_konyv91-500x375.png 500w, https:\/\/hir.mediamarkt.hu\/magazin\/wp-content\/uploads\/2019\/12\/MediaMarkt_top10_konyv91.png 786w\" sizes=\"(max-width: 275px) 100vw, 275px\" \/>\u201cA tudatos jelenl\u00e9t az elm\u00falt \u00e9vek sor\u00e1n szerte a vil\u00e1gon, \u00edgy haz\u00e1nkban is \u00f3ri\u00e1si n\u00e9pszer\u0171s\u00e9gre tett szert, hiszen amellett, hogy a pillanat m\u00e9lyebb, jelent\u00e9stelibb, b\u00f6lcsebb, elfogad\u00f3bb meg\u00e9l\u00e9s\u00e9t teszi lehet\u0151v\u00e9, jelent\u0151sen jav\u00edthatja \u00e1ltal\u00e1nos k\u00f6z\u00e9rzet\u00fcnket \u00e9s eg\u00e9szs\u00e9gi \u00e1llapotunkat\u2026\u201d<\/span>\r\n\r\n&nbsp;\r\n<h2><\/h2>\r\n<h2><\/h2>\r\n<h2><\/h2>\r\n<h1><\/h1>\r\n<h2><b>A zene ter\u00e9n hatott Hollywood. Legal\u00e1bbis LP fronton\u2026<\/b><\/h2>\r\n<span style=\"font-weight: 400\">CD-t m\u00e9g mindig f\u0151k\u00e9nt hazai el\u0151ad\u00f3t vesz a magyar. Na meg \u201ckorean pop\u201d-ot. Bakelitek ter\u00e9n viszont az \u00e9vtizedek \u00f3ta cs\u00facson l\u00e9v\u0151, klasszikus top albumok k\u00f6z\u00fcl v\u00e1lasztottatok. A Queen film viszont lehet, hatott a v\u00e1s\u00e1rl\u00f3i kedvre is, az 1., 2. \u00e9s 4. helyre ugyanis Freddie Mercury-\u00e9k albumai \u00e9s v\u00e1logat\u00e1s lemezei ker\u00fcltek fel. Igaz, a Led Zeppelin, a Pink Floyd \u00e9s a Nirvana is dupl\u00e1zott! Csak a bronz \u00e9rmes RHCP szerepel a top 10-ben egy albummal. Az\u00e9rt \u00edgy sem kell sz\u00e9gyenkezni\u00fck a fi\u00faknak\u2026<\/span>\r\n\r\n&nbsp;\r\n<blockquote><b>Top 10 LP<\/b>\r\n\r\n<span style=\"font-weight: 400\">QUEEN,<\/span><a href=\"https:\/\/www.mediamarkt.hu\/catentry\/1281093\"><span style=\"font-weight: 400\"> BOHEMIAN RHAPSODY<\/span><\/a><span style=\"font-weight: 400\">\u00a0<\/span>\r\n\r\n<span style=\"font-weight: 400\">QUEEN, <\/span><a href=\"https:\/\/www.mediamarkt.hu\/catentry\/1222464\"><span style=\"font-weight: 400\">GREATEST HITS<\/span><\/a><span style=\"font-weight: 400\">\u00a0<\/span>\r\n\r\n<span style=\"font-weight: 400\">RED HOT CHILI PEPPERS, <\/span><a href=\"https:\/\/www.mediamarkt.hu\/catentry\/9114356\"><span style=\"font-weight: 400\">CALIFORNICATION\u00a0<\/span><\/a>\r\n\r\n<span style=\"font-weight: 400\">QUEEN, <\/span><a href=\"https:\/\/www.mediamarkt.hu\/catentry\/1222465\"><span style=\"font-weight: 400\">GREATEST HITS II\u00a0<\/span><\/a>\r\n\r\n<span style=\"font-weight: 400\">PINK FLOYD, <\/span><a href=\"https:\/\/www.mediamarkt.hu\/catentry\/9198962\"><span style=\"font-weight: 400\">DARK SIDE OF THE MOON-REMASTERED\u00a0<\/span><\/a>\r\n\r\n<span style=\"font-weight: 400\">NIRVANA, <\/span><a href=\"https:\/\/www.mediamarkt.hu\/catentry\/9144766\"><span style=\"font-weight: 400\">NEVERMIND<\/span><\/a><span style=\"font-weight: 400\">\u00a0<\/span>\r\n\r\n<span style=\"font-weight: 400\">LED ZEPPELIN, <\/span><a href=\"https:\/\/www.mediamarkt.hu\/catentry\/1153296\"><span style=\"font-weight: 400\">IV STD VINYL\u00a0<\/span><\/a>\r\n\r\n<span style=\"font-weight: 400\">PINK FLOYD, <\/span><a href=\"https:\/\/www.mediamarkt.hu\/catentry\/9202833\"><span style=\"font-weight: 400\">THE WALL 2011-REMASTER<\/span><\/a>\r\n\r\n<span style=\"font-weight: 400\">LED ZEPPELIN, <\/span><a href=\"https:\/\/www.mediamarkt.hu\/catentry\/1305531\"><span style=\"font-weight: 400\">I-REMASTERED ORIGINAL VINYL\u00a0<\/span><\/a>\r\n\r\n<span style=\"font-weight: 400\">NIRVANA, <\/span><a href=\"https:\/\/www.mediamarkt.hu\/catentry\/9006128\"><span style=\"font-weight: 400\">UNPLUGGED IN NEW YORK<\/span><\/a><\/blockquote>\r\n\n\t\t<style type=\"text\/css\">\n\t\t\t#gallery-1 {\n\t\t\t\tmargin: auto;\n\t\t\t}\n\t\t\t#gallery-1 .gallery-item {\n\t\t\t\tfloat: left;\n\t\t\t\tmargin-top: 10px;\n\t\t\t\ttext-align: center;\n\t\t\t\twidth: 33%;\n\t\t\t}\n\t\t\t#gallery-1 img {\n\t\t\t\tborder: 2px solid #cfcfcf;\n\t\t\t}\n\t\t\t#gallery-1 .gallery-caption {\n\t\t\t\tmargin-left: 0;\n\t\t\t}\n\t\t\t\/* see gallery_shortcode() in wp-includes\/media.php *\/\n\t\t<\/style>\n\t\t<div id='gallery-1' class='gallery galleryid-9905 gallery-columns-3 gallery-size-thumbnail'><dl class='gallery-item'>\n\t\t\t<dt class='gallery-icon landscape'>\n\t\t\t\t<a href='https:\/\/hir.mediamarkt.hu\/magazin\/zenei-kukkolas-mediamarkt-cd-lp-konyv-2019-top10\/mediamarkt_top10_zene00\/'><img loading=\"lazy\" decoding=\"async\" width=\"275\" height=\"205\" src=\"https:\/\/hir.mediamarkt.hu\/magazin\/wp-content\/uploads\/2019\/12\/MediaMarkt_top10_zene00-275x205.png\" class=\"attachment-thumbnail size-thumbnail\" alt=\"\" srcset=\"https:\/\/hir.mediamarkt.hu\/magazin\/wp-content\/uploads\/2019\/12\/MediaMarkt_top10_zene00-275x205.png 275w, https:\/\/hir.mediamarkt.hu\/magazin\/wp-content\/uploads\/2019\/12\/MediaMarkt_top10_zene00-300x224.png 300w, https:\/\/hir.mediamarkt.hu\/magazin\/wp-content\/uploads\/2019\/12\/MediaMarkt_top10_zene00-768x574.png 768w, https:\/\/hir.mediamarkt.hu\/magazin\/wp-content\/uploads\/2019\/12\/MediaMarkt_top10_zene00-500x375.png 500w, https:\/\/hir.mediamarkt.hu\/magazin\/wp-content\/uploads\/2019\/12\/MediaMarkt_top10_zene00.png 786w\" sizes=\"(max-width: 275px) 100vw, 275px\" \/><\/a>\n\t\t\t<\/dt><\/dl><dl class='gallery-item'>\n\t\t\t<dt class='gallery-icon landscape'>\n\t\t\t\t<a href='https:\/\/hir.mediamarkt.hu\/magazin\/zenei-kukkolas-mediamarkt-cd-lp-konyv-2019-top10\/mediamarkt_top10_zene00a\/'><img loading=\"lazy\" decoding=\"async\" width=\"275\" height=\"205\" src=\"https:\/\/hir.mediamarkt.hu\/magazin\/wp-content\/uploads\/2019\/12\/MediaMarkt_top10_zene00a-275x205.png\" class=\"attachment-thumbnail size-thumbnail\" alt=\"\" srcset=\"https:\/\/hir.mediamarkt.hu\/magazin\/wp-content\/uploads\/2019\/12\/MediaMarkt_top10_zene00a-275x205.png 275w, https:\/\/hir.mediamarkt.hu\/magazin\/wp-content\/uploads\/2019\/12\/MediaMarkt_top10_zene00a-300x224.png 300w, https:\/\/hir.mediamarkt.hu\/magazin\/wp-content\/uploads\/2019\/12\/MediaMarkt_top10_zene00a-768x574.png 768w, https:\/\/hir.mediamarkt.hu\/magazin\/wp-content\/uploads\/2019\/12\/MediaMarkt_top10_zene00a-500x375.png 500w, https:\/\/hir.mediamarkt.hu\/magazin\/wp-content\/uploads\/2019\/12\/MediaMarkt_top10_zene00a.png 786w\" sizes=\"(max-width: 275px) 100vw, 275px\" \/><\/a>\n\t\t\t<\/dt><\/dl><dl class='gallery-item'>\n\t\t\t<dt class='gallery-icon landscape'>\n\t\t\t\t<a href='https:\/\/hir.mediamarkt.hu\/magazin\/zenei-kukkolas-mediamarkt-cd-lp-konyv-2019-top10\/mediamarkt_top10_zene00b\/'><img loading=\"lazy\" decoding=\"async\" width=\"275\" height=\"205\" src=\"https:\/\/hir.mediamarkt.hu\/magazin\/wp-content\/uploads\/2019\/12\/MediaMarkt_top10_zene00b-275x205.png\" class=\"attachment-thumbnail size-thumbnail\" alt=\"\" srcset=\"https:\/\/hir.mediamarkt.hu\/magazin\/wp-content\/uploads\/2019\/12\/MediaMarkt_top10_zene00b-275x205.png 275w, https:\/\/hir.mediamarkt.hu\/magazin\/wp-content\/uploads\/2019\/12\/MediaMarkt_top10_zene00b-300x224.png 300w, https:\/\/hir.mediamarkt.hu\/magazin\/wp-content\/uploads\/2019\/12\/MediaMarkt_top10_zene00b-768x574.png 768w, https:\/\/hir.mediamarkt.hu\/magazin\/wp-content\/uploads\/2019\/12\/MediaMarkt_top10_zene00b-500x375.png 500w, https:\/\/hir.mediamarkt.hu\/magazin\/wp-content\/uploads\/2019\/12\/MediaMarkt_top10_zene00b.png 786w\" sizes=\"(max-width: 275px) 100vw, 275px\" \/><\/a>\n\t\t\t<\/dt><\/dl><br style=\"clear: both\" \/><dl class='gallery-item'>\n\t\t\t<dt class='gallery-icon landscape'>\n\t\t\t\t<a href='https:\/\/hir.mediamarkt.hu\/magazin\/zenei-kukkolas-mediamarkt-cd-lp-konyv-2019-top10\/mediamarkt_top10_zene01\/'><img loading=\"lazy\" decoding=\"async\" width=\"275\" height=\"205\" src=\"https:\/\/hir.mediamarkt.hu\/magazin\/wp-content\/uploads\/2019\/12\/MediaMarkt_top10_zene01-275x205.png\" class=\"attachment-thumbnail size-thumbnail\" alt=\"\" srcset=\"https:\/\/hir.mediamarkt.hu\/magazin\/wp-content\/uploads\/2019\/12\/MediaMarkt_top10_zene01-275x205.png 275w, https:\/\/hir.mediamarkt.hu\/magazin\/wp-content\/uploads\/2019\/12\/MediaMarkt_top10_zene01-300x224.png 300w, https:\/\/hir.mediamarkt.hu\/magazin\/wp-content\/uploads\/2019\/12\/MediaMarkt_top10_zene01-768x574.png 768w, https:\/\/hir.mediamarkt.hu\/magazin\/wp-content\/uploads\/2019\/12\/MediaMarkt_top10_zene01-500x375.png 500w, https:\/\/hir.mediamarkt.hu\/magazin\/wp-content\/uploads\/2019\/12\/MediaMarkt_top10_zene01.png 786w\" sizes=\"(max-width: 275px) 100vw, 275px\" \/><\/a>\n\t\t\t<\/dt><\/dl><dl class='gallery-item'>\n\t\t\t<dt class='gallery-icon landscape'>\n\t\t\t\t<a href='https:\/\/hir.mediamarkt.hu\/magazin\/zenei-kukkolas-mediamarkt-cd-lp-konyv-2019-top10\/mediamarkt_top10_zene02\/'><img loading=\"lazy\" decoding=\"async\" width=\"275\" height=\"205\" src=\"https:\/\/hir.mediamarkt.hu\/magazin\/wp-content\/uploads\/2019\/12\/MediaMarkt_top10_zene02-275x205.png\" class=\"attachment-thumbnail size-thumbnail\" alt=\"\" srcset=\"https:\/\/hir.mediamarkt.hu\/magazin\/wp-content\/uploads\/2019\/12\/MediaMarkt_top10_zene02-275x205.png 275w, https:\/\/hir.mediamarkt.hu\/magazin\/wp-content\/uploads\/2019\/12\/MediaMarkt_top10_zene02-300x224.png 300w, https:\/\/hir.mediamarkt.hu\/magazin\/wp-content\/uploads\/2019\/12\/MediaMarkt_top10_zene02-768x574.png 768w, https:\/\/hir.mediamarkt.hu\/magazin\/wp-content\/uploads\/2019\/12\/MediaMarkt_top10_zene02-500x375.png 500w, https:\/\/hir.mediamarkt.hu\/magazin\/wp-content\/uploads\/2019\/12\/MediaMarkt_top10_zene02.png 786w\" sizes=\"(max-width: 275px) 100vw, 275px\" \/><\/a>\n\t\t\t<\/dt><\/dl><dl class='gallery-item'>\n\t\t\t<dt class='gallery-icon landscape'>\n\t\t\t\t<a href='https:\/\/hir.mediamarkt.hu\/magazin\/zenei-kukkolas-mediamarkt-cd-lp-konyv-2019-top10\/mediamarkt_top10_zene03\/'><img loading=\"lazy\" decoding=\"async\" width=\"275\" height=\"205\" src=\"https:\/\/hir.mediamarkt.hu\/magazin\/wp-content\/uploads\/2019\/12\/MediaMarkt_top10_zene03-275x205.png\" class=\"attachment-thumbnail size-thumbnail\" alt=\"\" srcset=\"https:\/\/hir.mediamarkt.hu\/magazin\/wp-content\/uploads\/2019\/12\/MediaMarkt_top10_zene03-275x205.png 275w, https:\/\/hir.mediamarkt.hu\/magazin\/wp-content\/uploads\/2019\/12\/MediaMarkt_top10_zene03-300x224.png 300w, https:\/\/hir.mediamarkt.hu\/magazin\/wp-content\/uploads\/2019\/12\/MediaMarkt_top10_zene03-768x574.png 768w, https:\/\/hir.mediamarkt.hu\/magazin\/wp-content\/uploads\/2019\/12\/MediaMarkt_top10_zene03-500x375.png 500w, https:\/\/hir.mediamarkt.hu\/magazin\/wp-content\/uploads\/2019\/12\/MediaMarkt_top10_zene03.png 786w\" sizes=\"(max-width: 275px) 100vw, 275px\" \/><\/a>\n\t\t\t<\/dt><\/dl><br style=\"clear: both\" \/><dl class='gallery-item'>\n\t\t\t<dt class='gallery-icon landscape'>\n\t\t\t\t<a href='https:\/\/hir.mediamarkt.hu\/magazin\/zenei-kukkolas-mediamarkt-cd-lp-konyv-2019-top10\/mediamarkt_top10_zene04\/'><img loading=\"lazy\" decoding=\"async\" width=\"275\" height=\"205\" src=\"https:\/\/hir.mediamarkt.hu\/magazin\/wp-content\/uploads\/2019\/12\/MediaMarkt_top10_zene04-275x205.png\" class=\"attachment-thumbnail size-thumbnail\" alt=\"\" srcset=\"https:\/\/hir.mediamarkt.hu\/magazin\/wp-content\/uploads\/2019\/12\/MediaMarkt_top10_zene04-275x205.png 275w, https:\/\/hir.mediamarkt.hu\/magazin\/wp-content\/uploads\/2019\/12\/MediaMarkt_top10_zene04-300x224.png 300w, https:\/\/hir.mediamarkt.hu\/magazin\/wp-content\/uploads\/2019\/12\/MediaMarkt_top10_zene04-768x574.png 768w, https:\/\/hir.mediamarkt.hu\/magazin\/wp-content\/uploads\/2019\/12\/MediaMarkt_top10_zene04-500x375.png 500w, https:\/\/hir.mediamarkt.hu\/magazin\/wp-content\/uploads\/2019\/12\/MediaMarkt_top10_zene04.png 786w\" sizes=\"(max-width: 275px) 100vw, 275px\" \/><\/a>\n\t\t\t<\/dt><\/dl><dl class='gallery-item'>\n\t\t\t<dt class='gallery-icon landscape'>\n\t\t\t\t<a href='https:\/\/hir.mediamarkt.hu\/magazin\/zenei-kukkolas-mediamarkt-cd-lp-konyv-2019-top10\/mediamarkt_top10_zene04a\/'><img loading=\"lazy\" decoding=\"async\" width=\"275\" height=\"205\" src=\"https:\/\/hir.mediamarkt.hu\/magazin\/wp-content\/uploads\/2019\/12\/MediaMarkt_top10_zene04a-275x205.png\" class=\"attachment-thumbnail size-thumbnail\" alt=\"\" srcset=\"https:\/\/hir.mediamarkt.hu\/magazin\/wp-content\/uploads\/2019\/12\/MediaMarkt_top10_zene04a-275x205.png 275w, https:\/\/hir.mediamarkt.hu\/magazin\/wp-content\/uploads\/2019\/12\/MediaMarkt_top10_zene04a-300x224.png 300w, https:\/\/hir.mediamarkt.hu\/magazin\/wp-content\/uploads\/2019\/12\/MediaMarkt_top10_zene04a-768x574.png 768w, https:\/\/hir.mediamarkt.hu\/magazin\/wp-content\/uploads\/2019\/12\/MediaMarkt_top10_zene04a-500x375.png 500w, https:\/\/hir.mediamarkt.hu\/magazin\/wp-content\/uploads\/2019\/12\/MediaMarkt_top10_zene04a.png 786w\" sizes=\"(max-width: 275px) 100vw, 275px\" \/><\/a>\n\t\t\t<\/dt><\/dl><dl class='gallery-item'>\n\t\t\t<dt class='gallery-icon landscape'>\n\t\t\t\t<a href='https:\/\/hir.mediamarkt.hu\/magazin\/zenei-kukkolas-mediamarkt-cd-lp-konyv-2019-top10\/mediamarkt_top10_zene05\/'><img loading=\"lazy\" decoding=\"async\" width=\"275\" height=\"205\" src=\"https:\/\/hir.mediamarkt.hu\/magazin\/wp-content\/uploads\/2019\/12\/MediaMarkt_top10_zene05-275x205.png\" class=\"attachment-thumbnail size-thumbnail\" alt=\"\" srcset=\"https:\/\/hir.mediamarkt.hu\/magazin\/wp-content\/uploads\/2019\/12\/MediaMarkt_top10_zene05-275x205.png 275w, https:\/\/hir.mediamarkt.hu\/magazin\/wp-content\/uploads\/2019\/12\/MediaMarkt_top10_zene05-300x224.png 300w, https:\/\/hir.mediamarkt.hu\/magazin\/wp-content\/uploads\/2019\/12\/MediaMarkt_top10_zene05-768x574.png 768w, https:\/\/hir.mediamarkt.hu\/magazin\/wp-content\/uploads\/2019\/12\/MediaMarkt_top10_zene05-500x375.png 500w, https:\/\/hir.mediamarkt.hu\/magazin\/wp-content\/uploads\/2019\/12\/MediaMarkt_top10_zene05.png 786w\" sizes=\"(max-width: 275px) 100vw, 275px\" \/><\/a>\n\t\t\t<\/dt><\/dl><br style=\"clear: both\" \/><dl class='gallery-item'>\n\t\t\t<dt class='gallery-icon landscape'>\n\t\t\t\t<a href='https:\/\/hir.mediamarkt.hu\/magazin\/zenei-kukkolas-mediamarkt-cd-lp-konyv-2019-top10\/mediamarkt_top10_zene06\/'><img loading=\"lazy\" decoding=\"async\" width=\"275\" height=\"205\" src=\"https:\/\/hir.mediamarkt.hu\/magazin\/wp-content\/uploads\/2019\/12\/MediaMarkt_top10_zene06-275x205.png\" class=\"attachment-thumbnail size-thumbnail\" alt=\"\" srcset=\"https:\/\/hir.mediamarkt.hu\/magazin\/wp-content\/uploads\/2019\/12\/MediaMarkt_top10_zene06-275x205.png 275w, https:\/\/hir.mediamarkt.hu\/magazin\/wp-content\/uploads\/2019\/12\/MediaMarkt_top10_zene06-300x224.png 300w, https:\/\/hir.mediamarkt.hu\/magazin\/wp-content\/uploads\/2019\/12\/MediaMarkt_top10_zene06-768x574.png 768w, https:\/\/hir.mediamarkt.hu\/magazin\/wp-content\/uploads\/2019\/12\/MediaMarkt_top10_zene06-500x375.png 500w, https:\/\/hir.mediamarkt.hu\/magazin\/wp-content\/uploads\/2019\/12\/MediaMarkt_top10_zene06.png 786w\" sizes=\"(max-width: 275px) 100vw, 275px\" \/><\/a>\n\t\t\t<\/dt><\/dl>\n\t\t\t<br style='clear: both' \/>\n\t\t<\/div>\n\r\n<blockquote><b>Top 10 CD<\/b>\r\n\r\n<span style=\"font-weight: 400\">\u00c1KOS, <\/span><a href=\"https:\/\/www.mediamarkt.hu\/catentry\/1305523\"><span style=\"font-weight: 400\">ID\u0150SZIGET\u00a0<\/span><\/a>\r\n\r\n<span style=\"font-weight: 400\">OSSIAN, <\/span><a href=\"https:\/\/www.mediamarkt.hu\/catentry\/1289882\"><span style=\"font-weight: 400\">A REM\u00c9NYHOZ\u00d3-DIGIPAK\u00a0<\/span><\/a>\r\n\r\n<span style=\"font-weight: 400\">QUEEN, <\/span><a href=\"https:\/\/www.mediamarkt.hu\/catentry\/9196285\"><span style=\"font-weight: 400\">THE PLATINUM COLLECTION\u00a0<\/span><\/a>\r\n\r\n<span style=\"font-weight: 400\">GANXSTA ZOLEE \u00c9S A KARTEL, <\/span><a href=\"https:\/\/www.mediamarkt.hu\/catentry\/1310549\"><span style=\"font-weight: 400\">OLDSKOOL\u00a0<\/span><\/a>\r\n\r\n<span style=\"font-weight: 400\">BTS, <\/span><a href=\"https:\/\/www.mediamarkt.hu\/catentry\/1288459\"><span style=\"font-weight: 400\">MAP OF THE SOUL: PERSONA<\/span><\/a><span style=\"font-weight: 400\">\u00a0<\/span>\r\n\r\n<span style=\"font-weight: 400\">\u00c1KOS, <\/span><a href=\"https:\/\/www.mediamarkt.hu\/catentry\/1263047\"><span style=\"font-weight: 400\">50 &#8211; VISSZASZ\u00c1ML\u00c1L\u00c1S<\/span><\/a>\r\n\r\n<span style=\"font-weight: 400\">BTS<\/span> <span style=\"font-weight: 400\">LOVE-BOOK<\/span>\r\n\r\n<span style=\"font-weight: 400\">R\u00daZSA MAGDOLNA, <\/span><a href=\"https:\/\/www.mediamarkt.hu\/catentry\/1277754\"><span style=\"font-weight: 400\">ADU\u00c1SZ<\/span><\/a><span style=\"font-weight: 400\">\u00a0<\/span>\r\n\r\n<span style=\"font-weight: 400\">ROAD, ONNANTOL-EDDIG DIGI<\/span>\r\n\r\n<span style=\"font-weight: 400\">BTS, <\/span><a href=\"https:\/\/www.mediamarkt.hu\/catentry\/1274258\"><span style=\"font-weight: 400\">LOVE YOURSELF: TEAR + K\u00d6NYV<\/span><\/a><\/blockquote>\r\n\n\t\t<style type=\"text\/css\">\n\t\t\t#gallery-2 {\n\t\t\t\tmargin: auto;\n\t\t\t}\n\t\t\t#gallery-2 .gallery-item {\n\t\t\t\tfloat: left;\n\t\t\t\tmargin-top: 10px;\n\t\t\t\ttext-align: center;\n\t\t\t\twidth: 33%;\n\t\t\t}\n\t\t\t#gallery-2 img {\n\t\t\t\tborder: 2px solid #cfcfcf;\n\t\t\t}\n\t\t\t#gallery-2 .gallery-caption {\n\t\t\t\tmargin-left: 0;\n\t\t\t}\n\t\t\t\/* see gallery_shortcode() in wp-includes\/media.php *\/\n\t\t<\/style>\n\t\t<div id='gallery-2' class='gallery galleryid-9905 gallery-columns-3 gallery-size-thumbnail'><dl class='gallery-item'>\n\t\t\t<dt class='gallery-icon landscape'>\n\t\t\t\t<a href='https:\/\/hir.mediamarkt.hu\/magazin\/zenei-kukkolas-mediamarkt-cd-lp-konyv-2019-top10\/mediamarkt_top10_zene11\/'><img loading=\"lazy\" decoding=\"async\" width=\"275\" height=\"205\" src=\"https:\/\/hir.mediamarkt.hu\/magazin\/wp-content\/uploads\/2019\/12\/MediaMarkt_top10_zene11-275x205.png\" class=\"attachment-thumbnail size-thumbnail\" alt=\"\" srcset=\"https:\/\/hir.mediamarkt.hu\/magazin\/wp-content\/uploads\/2019\/12\/MediaMarkt_top10_zene11-275x205.png 275w, https:\/\/hir.mediamarkt.hu\/magazin\/wp-content\/uploads\/2019\/12\/MediaMarkt_top10_zene11-300x224.png 300w, https:\/\/hir.mediamarkt.hu\/magazin\/wp-content\/uploads\/2019\/12\/MediaMarkt_top10_zene11-768x574.png 768w, https:\/\/hir.mediamarkt.hu\/magazin\/wp-content\/uploads\/2019\/12\/MediaMarkt_top10_zene11-500x375.png 500w, https:\/\/hir.mediamarkt.hu\/magazin\/wp-content\/uploads\/2019\/12\/MediaMarkt_top10_zene11.png 786w\" sizes=\"(max-width: 275px) 100vw, 275px\" \/><\/a>\n\t\t\t<\/dt><\/dl><dl class='gallery-item'>\n\t\t\t<dt class='gallery-icon landscape'>\n\t\t\t\t<a href='https:\/\/hir.mediamarkt.hu\/magazin\/zenei-kukkolas-mediamarkt-cd-lp-konyv-2019-top10\/mediamarkt_top10_zene11a\/'><img loading=\"lazy\" decoding=\"async\" width=\"275\" height=\"205\" src=\"https:\/\/hir.mediamarkt.hu\/magazin\/wp-content\/uploads\/2019\/12\/MediaMarkt_top10_zene11a-275x205.png\" class=\"attachment-thumbnail size-thumbnail\" alt=\"\" srcset=\"https:\/\/hir.mediamarkt.hu\/magazin\/wp-content\/uploads\/2019\/12\/MediaMarkt_top10_zene11a-275x205.png 275w, https:\/\/hir.mediamarkt.hu\/magazin\/wp-content\/uploads\/2019\/12\/MediaMarkt_top10_zene11a-300x224.png 300w, https:\/\/hir.mediamarkt.hu\/magazin\/wp-content\/uploads\/2019\/12\/MediaMarkt_top10_zene11a-768x574.png 768w, https:\/\/hir.mediamarkt.hu\/magazin\/wp-content\/uploads\/2019\/12\/MediaMarkt_top10_zene11a-500x375.png 500w, https:\/\/hir.mediamarkt.hu\/magazin\/wp-content\/uploads\/2019\/12\/MediaMarkt_top10_zene11a.png 786w\" sizes=\"(max-width: 275px) 100vw, 275px\" \/><\/a>\n\t\t\t<\/dt><\/dl><dl class='gallery-item'>\n\t\t\t<dt class='gallery-icon landscape'>\n\t\t\t\t<a href='https:\/\/hir.mediamarkt.hu\/magazin\/zenei-kukkolas-mediamarkt-cd-lp-konyv-2019-top10\/mediamarkt_top10_zene11b\/'><img loading=\"lazy\" decoding=\"async\" width=\"275\" height=\"205\" src=\"https:\/\/hir.mediamarkt.hu\/magazin\/wp-content\/uploads\/2019\/12\/MediaMarkt_top10_zene11b-275x205.png\" class=\"attachment-thumbnail size-thumbnail\" alt=\"\" srcset=\"https:\/\/hir.mediamarkt.hu\/magazin\/wp-content\/uploads\/2019\/12\/MediaMarkt_top10_zene11b-275x205.png 275w, https:\/\/hir.mediamarkt.hu\/magazin\/wp-content\/uploads\/2019\/12\/MediaMarkt_top10_zene11b-300x224.png 300w, https:\/\/hir.mediamarkt.hu\/magazin\/wp-content\/uploads\/2019\/12\/MediaMarkt_top10_zene11b-768x574.png 768w, https:\/\/hir.mediamarkt.hu\/magazin\/wp-content\/uploads\/2019\/12\/MediaMarkt_top10_zene11b-500x375.png 500w, https:\/\/hir.mediamarkt.hu\/magazin\/wp-content\/uploads\/2019\/12\/MediaMarkt_top10_zene11b.png 786w\" sizes=\"(max-width: 275px) 100vw, 275px\" \/><\/a>\n\t\t\t<\/dt><\/dl><br style=\"clear: both\" \/><dl class='gallery-item'>\n\t\t\t<dt class='gallery-icon landscape'>\n\t\t\t\t<a href='https:\/\/hir.mediamarkt.hu\/magazin\/zenei-kukkolas-mediamarkt-cd-lp-konyv-2019-top10\/mediamarkt_top10_zene11c\/'><img loading=\"lazy\" decoding=\"async\" width=\"275\" height=\"205\" src=\"https:\/\/hir.mediamarkt.hu\/magazin\/wp-content\/uploads\/2019\/12\/MediaMarkt_top10_zene11c-275x205.png\" class=\"attachment-thumbnail size-thumbnail\" alt=\"\" srcset=\"https:\/\/hir.mediamarkt.hu\/magazin\/wp-content\/uploads\/2019\/12\/MediaMarkt_top10_zene11c-275x205.png 275w, https:\/\/hir.mediamarkt.hu\/magazin\/wp-content\/uploads\/2019\/12\/MediaMarkt_top10_zene11c-300x224.png 300w, https:\/\/hir.mediamarkt.hu\/magazin\/wp-content\/uploads\/2019\/12\/MediaMarkt_top10_zene11c-768x574.png 768w, https:\/\/hir.mediamarkt.hu\/magazin\/wp-content\/uploads\/2019\/12\/MediaMarkt_top10_zene11c-500x375.png 500w, https:\/\/hir.mediamarkt.hu\/magazin\/wp-content\/uploads\/2019\/12\/MediaMarkt_top10_zene11c.png 786w\" sizes=\"(max-width: 275px) 100vw, 275px\" \/><\/a>\n\t\t\t<\/dt><\/dl><dl class='gallery-item'>\n\t\t\t<dt class='gallery-icon landscape'>\n\t\t\t\t<a href='https:\/\/hir.mediamarkt.hu\/magazin\/zenei-kukkolas-mediamarkt-cd-lp-konyv-2019-top10\/mediamarkt_top10_zene11d\/'><img loading=\"lazy\" decoding=\"async\" width=\"275\" height=\"205\" src=\"https:\/\/hir.mediamarkt.hu\/magazin\/wp-content\/uploads\/2019\/12\/MediaMarkt_top10_zene11d-275x205.png\" class=\"attachment-thumbnail size-thumbnail\" alt=\"\" srcset=\"https:\/\/hir.mediamarkt.hu\/magazin\/wp-content\/uploads\/2019\/12\/MediaMarkt_top10_zene11d-275x205.png 275w, https:\/\/hir.mediamarkt.hu\/magazin\/wp-content\/uploads\/2019\/12\/MediaMarkt_top10_zene11d-300x224.png 300w, https:\/\/hir.mediamarkt.hu\/magazin\/wp-content\/uploads\/2019\/12\/MediaMarkt_top10_zene11d-768x574.png 768w, https:\/\/hir.mediamarkt.hu\/magazin\/wp-content\/uploads\/2019\/12\/MediaMarkt_top10_zene11d-500x375.png 500w, https:\/\/hir.mediamarkt.hu\/magazin\/wp-content\/uploads\/2019\/12\/MediaMarkt_top10_zene11d.png 786w\" sizes=\"(max-width: 275px) 100vw, 275px\" \/><\/a>\n\t\t\t<\/dt><\/dl><dl class='gallery-item'>\n\t\t\t<dt class='gallery-icon landscape'>\n\t\t\t\t<a href='https:\/\/hir.mediamarkt.hu\/magazin\/zenei-kukkolas-mediamarkt-cd-lp-konyv-2019-top10\/mediamarkt_top10_zene11e\/'><img loading=\"lazy\" decoding=\"async\" width=\"275\" height=\"205\" src=\"https:\/\/hir.mediamarkt.hu\/magazin\/wp-content\/uploads\/2019\/12\/MediaMarkt_top10_zene11e-275x205.png\" class=\"attachment-thumbnail size-thumbnail\" alt=\"\" srcset=\"https:\/\/hir.mediamarkt.hu\/magazin\/wp-content\/uploads\/2019\/12\/MediaMarkt_top10_zene11e-275x205.png 275w, https:\/\/hir.mediamarkt.hu\/magazin\/wp-content\/uploads\/2019\/12\/MediaMarkt_top10_zene11e-300x224.png 300w, https:\/\/hir.mediamarkt.hu\/magazin\/wp-content\/uploads\/2019\/12\/MediaMarkt_top10_zene11e-768x574.png 768w, https:\/\/hir.mediamarkt.hu\/magazin\/wp-content\/uploads\/2019\/12\/MediaMarkt_top10_zene11e-500x375.png 500w, https:\/\/hir.mediamarkt.hu\/magazin\/wp-content\/uploads\/2019\/12\/MediaMarkt_top10_zene11e.png 786w\" sizes=\"(max-width: 275px) 100vw, 275px\" \/><\/a>\n\t\t\t<\/dt><\/dl><br style=\"clear: both\" \/><dl class='gallery-item'>\n\t\t\t<dt class='gallery-icon landscape'>\n\t\t\t\t<a href='https:\/\/hir.mediamarkt.hu\/magazin\/zenei-kukkolas-mediamarkt-cd-lp-konyv-2019-top10\/mediamarkt_top10_zene11f\/'><img loading=\"lazy\" decoding=\"async\" width=\"275\" height=\"205\" src=\"https:\/\/hir.mediamarkt.hu\/magazin\/wp-content\/uploads\/2019\/12\/MediaMarkt_top10_zene11f-275x205.png\" class=\"attachment-thumbnail size-thumbnail\" alt=\"\" srcset=\"https:\/\/hir.mediamarkt.hu\/magazin\/wp-content\/uploads\/2019\/12\/MediaMarkt_top10_zene11f-275x205.png 275w, https:\/\/hir.mediamarkt.hu\/magazin\/wp-content\/uploads\/2019\/12\/MediaMarkt_top10_zene11f-300x224.png 300w, https:\/\/hir.mediamarkt.hu\/magazin\/wp-content\/uploads\/2019\/12\/MediaMarkt_top10_zene11f-768x574.png 768w, https:\/\/hir.mediamarkt.hu\/magazin\/wp-content\/uploads\/2019\/12\/MediaMarkt_top10_zene11f-500x375.png 500w, https:\/\/hir.mediamarkt.hu\/magazin\/wp-content\/uploads\/2019\/12\/MediaMarkt_top10_zene11f.png 786w\" sizes=\"(max-width: 275px) 100vw, 275px\" \/><\/a>\n\t\t\t<\/dt><\/dl><dl class='gallery-item'>\n\t\t\t<dt class='gallery-icon landscape'>\n\t\t\t\t<a href='https:\/\/hir.mediamarkt.hu\/magazin\/zenei-kukkolas-mediamarkt-cd-lp-konyv-2019-top10\/mediamarkt_top10_zene11g\/'><img loading=\"lazy\" decoding=\"async\" width=\"275\" height=\"205\" src=\"https:\/\/hir.mediamarkt.hu\/magazin\/wp-content\/uploads\/2019\/12\/MediaMarkt_top10_zene11g-275x205.png\" class=\"attachment-thumbnail size-thumbnail\" alt=\"\" srcset=\"https:\/\/hir.mediamarkt.hu\/magazin\/wp-content\/uploads\/2019\/12\/MediaMarkt_top10_zene11g-275x205.png 275w, https:\/\/hir.mediamarkt.hu\/magazin\/wp-content\/uploads\/2019\/12\/MediaMarkt_top10_zene11g-300x224.png 300w, https:\/\/hir.mediamarkt.hu\/magazin\/wp-content\/uploads\/2019\/12\/MediaMarkt_top10_zene11g-768x574.png 768w, https:\/\/hir.mediamarkt.hu\/magazin\/wp-content\/uploads\/2019\/12\/MediaMarkt_top10_zene11g-500x375.png 500w, https:\/\/hir.mediamarkt.hu\/magazin\/wp-content\/uploads\/2019\/12\/MediaMarkt_top10_zene11g.png 786w\" sizes=\"(max-width: 275px) 100vw, 275px\" \/><\/a>\n\t\t\t<\/dt><\/dl>\n\t\t\t<br style='clear: both' \/>\n\t\t<\/div>\n\r\n\r\n&nbsp;\r\n<h2><strong>Kapcsol\u00f3d\u00f3 cikkeink:\u00a0<\/strong><\/h2>\r\n<a href=\"https:\/\/hir.mediamarkt.hu\/magazin\/google-bestseller-bongeszes-mindenki-hazudik\/\"><span style=\"font-weight: 400\">MINDENKI HAZUDIK. TE IS! EGY BESTSELLER K\u00d6NYV AZ INTERNETES B\u00d6NG\u00c9SZ\u00c9S TITKOS VIL\u00c1G\u00c1R\u00d3L!<\/span><\/a>\r\n\r\n<a href=\"https:\/\/hir.mediamarkt.hu\/magazin\/mit-kezdjunk-a-hisztivel-konyvajanlo-es-nehany-fontos-gondolat\/\"><span style=\"font-weight: 400\">MIT KEZDJ\u00dcNK A HISZTIVEL? \u2013 K\u00d6NYVAJ\u00c1NL\u00d3 \u00c9S N\u00c9H\u00c1NY FONTOS GONDOLAT<\/span><\/a>\r\n\r\n<a href=\"https:\/\/hir.mediamarkt.hu\/magazin\/nyar-konyv-gyerek-csalad-tipp-mediamarkt\/\"><span style=\"font-weight: 400\">AGATHA CHRISTIE? REJT\u0150? SALINGER? K\u00d6NYVEK, AMIKET A GYEREK SEM FOG UT\u00c1LNI A SZ\u00dcNID\u0150BEN!<\/span><\/a>\r\n\r\n<a href=\"https:\/\/hir.mediamarkt.hu\/magazin\/konyvet-valentin-napra-nooormalis-majd-meglatja-hogy-nagyon-is\/\"><span style=\"font-weight: 400\">K\u00d6NYVET? VALENTIN-NAPRA? NOOORM\u00c1LIS? \u2013 MAJD MEGL\u00c1TJA, HOGY NAGYON IS!<\/span><\/a>\r\n\r\n<a href=\"https:\/\/hir.mediamarkt.hu\/magazin\/olvasni-szexi-170-grammba-minden-tudast-felhalmozni-extrem-szexi\/\"><span style=\"font-weight: 400\">OLVASNI SZEXI. 170 GRAMMBA MINDEN TUD\u00c1ST FELHALMOZNI? EXTR\u00c9M SZEXI!<\/span><\/a>","protected":false},"excerpt":{"rendered":"Nagyon \u00e9rdekesen alakult a legt\u00f6bb p\u00e9ld\u00e1nyban elkelt, \u00edrott m\u0171vek \u00e9s a zenei kiadv\u00e1nyok sora. Sokat el\u00e1rul r\u00f3lunk, mit vesz\u00fcnk le a polcr\u00f3l \u00e9s visz\u00fcnk haza. Egy kis irodalmi \u00e9s zenei \u201ckukkol\u00e1s\u201d,\u00a0 2019-b\u0151l!","protected":false},"author":13,"featured_media":9907,"comment_status":"open","ping_status":"open","sticky":false,"template":"","format":"standard","meta":{"wprm-recipe-roundup-name":"","wprm-recipe-roundup-description":"","footnotes":""},"categories":[5948],"tags":[2292,3736,3274,3731,2217,2200,3729,2363,2364,3737,3728,3725,1509,3730,514,611,3727,51,2618,2169,921,3036,2405,556,2127,2173,2681,3164,449,3726,3456,2286,2619,846,2293,847,94],"yoast_head":"<!-- This site is optimized with the Yoast SEO plugin v22.9 - https:\/\/yoast.com\/wordpress\/plugins\/seo\/ -->\n<title>Irodalmi \u00e9s zenei kukkol\u00e1s: izgalmas top 10-re bukkantunk az \u00e9ves elad\u00e1si list\u00e1n! - MediaMarkt Magazin<\/title>\n<meta name=\"description\" content=\"Irodalmi kukkol\u00e1s 2019-ben: magyar fikci\u00f3s realizmus, \u00e9letm\u00f3d \u00e9s egy f\u00f6ldg\u00f6mb is beker\u00fclt a leggyakrabban v\u00e1s\u00e1rolt k\u00f6nyvek k\u00f6z\u00e9!\" \/>\n<meta name=\"robots\" content=\"index, follow, max-snippet:-1, max-image-preview:large, max-video-preview:-1\" \/>\n<link rel=\"canonical\" href=\"https:\/\/hir.mediamarkt.hu\/magazin\/zenei-kukkolas-mediamarkt-cd-lp-konyv-2019-top10\/\" \/>\n<meta property=\"og:locale\" content=\"hu_HU\" \/>\n<meta property=\"og:type\" content=\"article\" \/>\n<meta property=\"og:title\" content=\"Irodalmi \u00e9s zenei kukkol\u00e1s: izgalmas top 10-re bukkantunk az \u00e9ves elad\u00e1si list\u00e1n! - MediaMarkt Magazin\" \/>\n<meta property=\"og:description\" content=\"Irodalmi kukkol\u00e1s 2019-ben: magyar fikci\u00f3s realizmus, \u00e9letm\u00f3d \u00e9s egy f\u00f6ldg\u00f6mb is beker\u00fclt a leggyakrabban v\u00e1s\u00e1rolt k\u00f6nyvek k\u00f6z\u00e9!\" \/>\n<meta property=\"og:url\" content=\"https:\/\/hir.mediamarkt.hu\/magazin\/zenei-kukkolas-mediamarkt-cd-lp-konyv-2019-top10\/\" \/>\n<meta property=\"og:site_name\" content=\"MediaMarkt Magazin\" \/>\n<meta property=\"article:publisher\" content=\"https:\/\/www.facebook.com\/MediaMarktMagyarorszag\" \/>\n<meta property=\"article:published_time\" content=\"2019-12-20T16:44:19+00:00\" \/>\n<meta property=\"article:modified_time\" content=\"2019-12-22T21:16:13+00:00\" \/>\n<meta property=\"og:image\" content=\"https:\/\/hir.mediamarkt.hu\/magazin\/wp-content\/uploads\/2019\/12\/MediaMarkt_top10_konyv00.jpg\" \/>\n\t<meta property=\"og:image:width\" content=\"1280\" \/>\n\t<meta property=\"og:image:height\" content=\"849\" \/>\n\t<meta property=\"og:image:type\" content=\"image\/jpeg\" \/>\n<meta name=\"author\" content=\"Media Markt\" \/>\n<meta name=\"twitter:label1\" content=\"Szerz\u0151:\" \/>\n\t<meta name=\"twitter:data1\" content=\"Media Markt\" \/>\n\t<meta name=\"twitter:label2\" content=\"Becs\u00fclt olvas\u00e1si id\u0151\" \/>\n\t<meta name=\"twitter:data2\" content=\"6 perc\" \/>\n<script type=\"application\/ld+json\" class=\"yoast-schema-graph\">{\"@context\":\"https:\/\/schema.org\",\"@graph\":[{\"@type\":\"WebPage\",\"@id\":\"https:\/\/hir.mediamarkt.hu\/magazin\/zenei-kukkolas-mediamarkt-cd-lp-konyv-2019-top10\/\",\"url\":\"https:\/\/hir.mediamarkt.hu\/magazin\/zenei-kukkolas-mediamarkt-cd-lp-konyv-2019-top10\/\",\"name\":\"Irodalmi \u00e9s zenei kukkol\u00e1s: izgalmas top 10-re bukkantunk az \u00e9ves elad\u00e1si list\u00e1n! - MediaMarkt Magazin\",\"isPartOf\":{\"@id\":\"https:\/\/hir.mediamarkt.hu\/magazin\/#website\"},\"primaryImageOfPage\":{\"@id\":\"https:\/\/hir.mediamarkt.hu\/magazin\/zenei-kukkolas-mediamarkt-cd-lp-konyv-2019-top10\/#primaryimage\"},\"image\":{\"@id\":\"https:\/\/hir.mediamarkt.hu\/magazin\/zenei-kukkolas-mediamarkt-cd-lp-konyv-2019-top10\/#primaryimage\"},\"thumbnailUrl\":\"https:\/\/hir.mediamarkt.hu\/magazin\/wp-content\/uploads\/2019\/12\/MediaMarkt_top10_konyv00.jpg\",\"datePublished\":\"2019-12-20T16:44:19+00:00\",\"dateModified\":\"2019-12-22T21:16:13+00:00\",\"author\":{\"@id\":\"https:\/\/hir.mediamarkt.hu\/magazin\/#\/schema\/person\/b93b02ec1ab4d2353f8d281e171c1b0b\"},\"description\":\"Irodalmi kukkol\u00e1s 2019-ben: magyar fikci\u00f3s realizmus, \u00e9letm\u00f3d \u00e9s egy f\u00f6ldg\u00f6mb is beker\u00fclt a leggyakrabban v\u00e1s\u00e1rolt k\u00f6nyvek k\u00f6z\u00e9!\",\"breadcrumb\":{\"@id\":\"https:\/\/hir.mediamarkt.hu\/magazin\/zenei-kukkolas-mediamarkt-cd-lp-konyv-2019-top10\/#breadcrumb\"},\"inLanguage\":\"hu\",\"potentialAction\":[{\"@type\":\"ReadAction\",\"target\":[\"https:\/\/hir.mediamarkt.hu\/magazin\/zenei-kukkolas-mediamarkt-cd-lp-konyv-2019-top10\/\"]}]},{\"@type\":\"ImageObject\",\"inLanguage\":\"hu\",\"@id\":\"https:\/\/hir.mediamarkt.hu\/magazin\/zenei-kukkolas-mediamarkt-cd-lp-konyv-2019-top10\/#primaryimage\",\"url\":\"https:\/\/hir.mediamarkt.hu\/magazin\/wp-content\/uploads\/2019\/12\/MediaMarkt_top10_konyv00.jpg\",\"contentUrl\":\"https:\/\/hir.mediamarkt.hu\/magazin\/wp-content\/uploads\/2019\/12\/MediaMarkt_top10_konyv00.jpg\",\"width\":1280,\"height\":849},{\"@type\":\"BreadcrumbList\",\"@id\":\"https:\/\/hir.mediamarkt.hu\/magazin\/zenei-kukkolas-mediamarkt-cd-lp-konyv-2019-top10\/#breadcrumb\",\"itemListElement\":[{\"@type\":\"ListItem\",\"position\":1,\"name\":\"Kezd\u0151lap\",\"item\":\"https:\/\/hir.mediamarkt.hu\/magazin\/\"},{\"@type\":\"ListItem\",\"position\":2,\"name\":\"Irodalmi \u00e9s zenei kukkol\u00e1s: izgalmas top 10-re bukkantunk az \u00e9ves elad\u00e1si list\u00e1n!\"}]},{\"@type\":\"WebSite\",\"@id\":\"https:\/\/hir.mediamarkt.hu\/magazin\/#website\",\"url\":\"https:\/\/hir.mediamarkt.hu\/magazin\/\",\"name\":\"MediaMarkt Magazin\",\"description\":\"Olvass bele magazinunkba!\",\"potentialAction\":[{\"@type\":\"SearchAction\",\"target\":{\"@type\":\"EntryPoint\",\"urlTemplate\":\"https:\/\/hir.mediamarkt.hu\/magazin\/?s={search_term_string}\"},\"query-input\":\"required name=search_term_string\"}],\"inLanguage\":\"hu\"},{\"@type\":\"Person\",\"@id\":\"https:\/\/hir.mediamarkt.hu\/magazin\/#\/schema\/person\/b93b02ec1ab4d2353f8d281e171c1b0b\",\"name\":\"Media Markt\",\"image\":{\"@type\":\"ImageObject\",\"inLanguage\":\"hu\",\"@id\":\"https:\/\/hir.mediamarkt.hu\/magazin\/#\/schema\/person\/image\/\",\"url\":\"https:\/\/secure.gravatar.com\/avatar\/602bccae8998beee472d01909f0978f1?s=96&d=mm&r=g\",\"contentUrl\":\"https:\/\/secure.gravatar.com\/avatar\/602bccae8998beee472d01909f0978f1?s=96&d=mm&r=g\",\"caption\":\"Media Markt\"}}]}<\/script>\n<!-- \/ Yoast SEO plugin. -->","yoast_head_json":{"title":"Irodalmi \u00e9s zenei kukkol\u00e1s: izgalmas top 10-re bukkantunk az \u00e9ves elad\u00e1si list\u00e1n! - MediaMarkt Magazin","description":"Irodalmi kukkol\u00e1s 2019-ben: magyar fikci\u00f3s realizmus, \u00e9letm\u00f3d \u00e9s egy f\u00f6ldg\u00f6mb is beker\u00fclt a leggyakrabban v\u00e1s\u00e1rolt k\u00f6nyvek k\u00f6z\u00e9!","robots":{"index":"index","follow":"follow","max-snippet":"max-snippet:-1","max-image-preview":"max-image-preview:large","max-video-preview":"max-video-preview:-1"},"canonical":"https:\/\/hir.mediamarkt.hu\/magazin\/zenei-kukkolas-mediamarkt-cd-lp-konyv-2019-top10\/","og_locale":"hu_HU","og_type":"article","og_title":"Irodalmi \u00e9s zenei kukkol\u00e1s: izgalmas top 10-re bukkantunk az \u00e9ves elad\u00e1si list\u00e1n! - MediaMarkt Magazin","og_description":"Irodalmi kukkol\u00e1s 2019-ben: magyar fikci\u00f3s realizmus, \u00e9letm\u00f3d \u00e9s egy f\u00f6ldg\u00f6mb is beker\u00fclt a leggyakrabban v\u00e1s\u00e1rolt k\u00f6nyvek k\u00f6z\u00e9!","og_url":"https:\/\/hir.mediamarkt.hu\/magazin\/zenei-kukkolas-mediamarkt-cd-lp-konyv-2019-top10\/","og_site_name":"MediaMarkt Magazin","article_publisher":"https:\/\/www.facebook.com\/MediaMarktMagyarorszag","article_published_time":"2019-12-20T16:44:19+00:00","article_modified_time":"2019-12-22T21:16:13+00:00","og_image":[{"width":1280,"height":849,"url":"https:\/\/hir.mediamarkt.hu\/magazin\/wp-content\/uploads\/2019\/12\/MediaMarkt_top10_konyv00.jpg","type":"image\/jpeg"}],"author":"Media Markt","twitter_misc":{"Szerz\u0151:":"Media Markt","Becs\u00fclt olvas\u00e1si id\u0151":"6 perc"},"schema":{"@context":"https:\/\/schema.org","@graph":[{"@type":"WebPage","@id":"https:\/\/hir.mediamarkt.hu\/magazin\/zenei-kukkolas-mediamarkt-cd-lp-konyv-2019-top10\/","url":"https:\/\/hir.mediamarkt.hu\/magazin\/zenei-kukkolas-mediamarkt-cd-lp-konyv-2019-top10\/","name":"Irodalmi \u00e9s zenei kukkol\u00e1s: izgalmas top 10-re bukkantunk az \u00e9ves elad\u00e1si list\u00e1n! - MediaMarkt Magazin","isPartOf":{"@id":"https:\/\/hir.mediamarkt.hu\/magazin\/#website"},"primaryImageOfPage":{"@id":"https:\/\/hir.mediamarkt.hu\/magazin\/zenei-kukkolas-mediamarkt-cd-lp-konyv-2019-top10\/#primaryimage"},"image":{"@id":"https:\/\/hir.mediamarkt.hu\/magazin\/zenei-kukkolas-mediamarkt-cd-lp-konyv-2019-top10\/#primaryimage"},"thumbnailUrl":"https:\/\/hir.mediamarkt.hu\/magazin\/wp-content\/uploads\/2019\/12\/MediaMarkt_top10_konyv00.jpg","datePublished":"2019-12-20T16:44:19+00:00","dateModified":"2019-12-22T21:16:13+00:00","author":{"@id":"https:\/\/hir.mediamarkt.hu\/magazin\/#\/schema\/person\/b93b02ec1ab4d2353f8d281e171c1b0b"},"description":"Irodalmi kukkol\u00e1s 2019-ben: magyar fikci\u00f3s realizmus, \u00e9letm\u00f3d \u00e9s egy f\u00f6ldg\u00f6mb is beker\u00fclt a leggyakrabban v\u00e1s\u00e1rolt k\u00f6nyvek k\u00f6z\u00e9!","breadcrumb":{"@id":"https:\/\/hir.mediamarkt.hu\/magazin\/zenei-kukkolas-mediamarkt-cd-lp-konyv-2019-top10\/#breadcrumb"},"inLanguage":"hu","potentialAction":[{"@type":"ReadAction","target":["https:\/\/hir.mediamarkt.hu\/magazin\/zenei-kukkolas-mediamarkt-cd-lp-konyv-2019-top10\/"]}]},{"@type":"ImageObject","inLanguage":"hu","@id":"https:\/\/hir.mediamarkt.hu\/magazin\/zenei-kukkolas-mediamarkt-cd-lp-konyv-2019-top10\/#primaryimage","url":"https:\/\/hir.mediamarkt.hu\/magazin\/wp-content\/uploads\/2019\/12\/MediaMarkt_top10_konyv00.jpg","contentUrl":"https:\/\/hir.mediamarkt.hu\/magazin\/wp-content\/uploads\/2019\/12\/MediaMarkt_top10_konyv00.jpg","width":1280,"height":849},{"@type":"BreadcrumbList","@id":"https:\/\/hir.mediamarkt.hu\/magazin\/zenei-kukkolas-mediamarkt-cd-lp-konyv-2019-top10\/#breadcrumb","itemListElement":[{"@type":"ListItem","position":1,"name":"Kezd\u0151lap","item":"https:\/\/hir.mediamarkt.hu\/magazin\/"},{"@type":"ListItem","position":2,"name":"Irodalmi \u00e9s zenei kukkol\u00e1s: izgalmas top 10-re bukkantunk az \u00e9ves elad\u00e1si list\u00e1n!"}]},{"@type":"WebSite","@id":"https:\/\/hir.mediamarkt.hu\/magazin\/#website","url":"https:\/\/hir.mediamarkt.hu\/magazin\/","name":"MediaMarkt Magazin","description":"Olvass bele magazinunkba!","potentialAction":[{"@type":"SearchAction","target":{"@type":"EntryPoint","urlTemplate":"https:\/\/hir.mediamarkt.hu\/magazin\/?s={search_term_string}"},"query-input":"required name=search_term_string"}],"inLanguage":"hu"},{"@type":"Person","@id":"https:\/\/hir.mediamarkt.hu\/magazin\/#\/schema\/person\/b93b02ec1ab4d2353f8d281e171c1b0b","name":"Media Markt","image":{"@type":"ImageObject","inLanguage":"hu","@id":"https:\/\/hir.mediamarkt.hu\/magazin\/#\/schema\/person\/image\/","url":"https:\/\/secure.gravatar.com\/avatar\/602bccae8998beee472d01909f0978f1?s=96&d=mm&r=g","contentUrl":"https:\/\/secure.gravatar.com\/avatar\/602bccae8998beee472d01909f0978f1?s=96&d=mm&r=g","caption":"Media Markt"}}]}},"_links":{"self":[{"href":"https:\/\/hir.mediamarkt.hu\/magazin\/wp-json\/wp\/v2\/posts\/9905"}],"collection":[{"href":"https:\/\/hir.mediamarkt.hu\/magazin\/wp-json\/wp\/v2\/posts"}],"about":[{"href":"https:\/\/hir.mediamarkt.hu\/magazin\/wp-json\/wp\/v2\/types\/post"}],"author":[{"embeddable":true,"href":"https:\/\/hir.mediamarkt.hu\/magazin\/wp-json\/wp\/v2\/users\/13"}],"replies":[{"embeddable":true,"href":"https:\/\/hir.mediamarkt.hu\/magazin\/wp-json\/wp\/v2\/comments?post=9905"}],"version-history":[{"count":6,"href":"https:\/\/hir.mediamarkt.hu\/magazin\/wp-json\/wp\/v2\/posts\/9905\/revisions"}],"predecessor-version":[{"id":9954,"href":"https:\/\/hir.mediamarkt.hu\/magazin\/wp-json\/wp\/v2\/posts\/9905\/revisions\/9954"}],"wp:featuredmedia":[{"embeddable":true,"href":"https:\/\/hir.mediamarkt.hu\/magazin\/wp-json\/wp\/v2\/media\/9907"}],"wp:attachment":[{"href":"https:\/\/hir.mediamarkt.hu\/magazin\/wp-json\/wp\/v2\/media?parent=9905"}],"wp:term":[{"taxonomy":"category","embeddable":true,"href":"https:\/\/hir.mediamarkt.hu\/magazin\/wp-json\/wp\/v2\/categories?post=9905"},{"taxonomy":"post_tag","embeddable":true,"href":"https:\/\/hir.mediamarkt.hu\/magazin\/wp-json\/wp\/v2\/tags?post=9905"}],"curies":[{"name":"wp","href":"https:\/\/api.w.org\/{rel}","templated":true}]}}